{"id":20387,"date":"2023-01-28T13:57:26","date_gmt":"2023-01-28T09:57:26","guid":{"rendered":"http:\/\/veteran.az\/?p=20387"},"modified":"2024-01-27T03:41:32","modified_gmt":"2024-01-26T23:41:32","slug":"s%c9%99r%c9%99fli-omur-yolu-n%c9%99vai-m%c9%99mm%c9%99dov-61","status":"publish","type":"post","link":"https:\/\/veteran.az\/?p=20387","title":{"rendered":"\u015e\u0259r\u0259fli \u00f6m\u00fcr yolu: N\u0259vai M\u0259mm\u0259dov-61"},"content":{"rendered":"\n<p><strong>Az\u0259rbaycan V\u0259t\u0259n M\u00fcharib\u0259si Veteranlar\u0131 \u0130ctimai Birliyinin<\/strong><strong> r\u0259hb\u0259rliyi,pe\u015f\u0259karl\u0131\u011f\u0131, h\u00fcmanistliyi v\u0259 i\u015fg\u00fczarl\u0131\u011f\u0131 il\u0259 secil\u0259n<\/strong><strong> M\u00fcharib\u0259 Veteran\u0131&nbsp; <\/strong><strong>istefa<\/strong><strong>da olan mayor&nbsp; M\u0259mm\u0259dov N\u0259vai Nuru o\u011flunu dogum g\u00fcn\u00fc m\u00fcnasb\u0259til\u0259 s\u0259mimi q\u0259lbd\u0259n t\u0259brik edir, h\u0259yatda insan \u00fc\u00e7\u00fcn \u0259n \u015firin nem\u0259t olan m\u00f6hk\u0259m can sa\u011fl\u0131\u011f\u0131, ail\u0259 s\u0259ad\u0259ti&nbsp; v\u0259 h\u0259yat yollar\u0131nda bitib &#8212; t\u00fck\u0259nm\u0259y\u0259n nailiyy\u0259tl\u0259r arzulay\u0131r.<\/strong><\/p>\n\n\n\n<p><strong>&nbsp;&nbsp;&nbsp; <\/strong><strong>Arzu edirik, N\u0259vai M\u0259mm\u0259dovun<\/strong><strong> ya\u015f\u0131n\u0131n \u00fcst\u0259 g\u0259l\u0259n bu ya\u015f ona sevinc dolu g\u00fcnl\u0259r b\u0259x\u015f etsin v\u0259 h\u0259r yeni <\/strong><strong>illi <\/strong><strong>&nbsp;is\u0259 \u00f6t\u0259n <\/strong><strong>il<\/strong><strong>l\u0259rd\u0259n daha g\u00f6z\u0259l ist\u0259kl\u0259rin\u0259 uy\u011fun onu xo\u015fb\u0259xt ed\u0259c\u0259k \u015f\u0259kild\u0259 ke\u00e7sin<\/strong><strong>.<\/strong><strong><\/strong><\/p>\n\n\n\n<p>\u00a0\u00a0\u00a0 Mayor M\u0259mm\u0259dov N\u0259vai Nuru o\u011flu\u00a0\u00a0 1962-ci ilin yanvar ay\u0131n\u0131n 28 d\u0259 K\u0259lb\u0259c\u0259r rayonunda \u00a0z\u0259hm\u0259tke\u015f ail\u0259d\u0259 anadan olub.O,1979 cu ild\u0259 K\u0259lb\u0259c\u0259r rayonun Cayk\u0259nd orta m\u0259kt\u0259bi ,1987 ci ild\u0259 \u00a0Az\u0259rbaycan D\u00f6v\u0131\u0259t\u00a0 pedoqoji instutunu, 1998-ci ild\u0259 is\u0259 Daxili Qo\u015funlar\u0131n \u00a0X\u0259z\u0259r rayonunda yerl\u0259\u015f\u0259n t\u0259lim- t\u0259dris m\u0259rk\u0259zini bitrib.N\u0259vai Daxili Qo\u015funlarda xidm\u0259t etdiyi ill\u0259r \u0259rzind\u0259, Daxili\u00a0 Qo\u015funlar\u0131n Ba\u015f \u0130dar\u0259sind\u0259 v\u0259 h\u0259rbi hiss\u0259l\u0259rind\u0259 kecirl\u0259n bir cox \u00a0t\u0259lim- metodiki toplan\u0131\u015flarda,x\u00fcsusi- taktiki t\u0259liml\u0259rd\u0259,komanda \u2013 q\u0259rargah m\u0259\u015fql\u0259rd\u0259 f\u0259al i\u015ftirak edib.<\/p>\n\n\n\n<figure class=\"wp-block-image size-large is-resized\"><img loading=\"lazy\" decoding=\"async\" src=\"http:\/\/veteran.az\/wp-content\/uploads\/2023\/01\/cay2-1024x977.jpg\" alt=\"\" class=\"wp-image-20392\" width=\"467\" height=\"445\"\/><\/figure>\n\n\n\n<p>O,Az\u0259rbacan\u0131n \u0259razi b\u00fct\u00f6vl\u00fcy\u00fc u\u011frunda ged\u0259n d\u00f6y\u00fc\u015fl\u0259rd\u0259 i\u015ftirak ed\u0259r\u0259k ona h\u0259val\u0259 edilmi\u015f v\u0259zif\u0259 v\u0259 tap\u015f\u0131r\u0131qlar\u0131 m\u0259suliyy\u0259t v\u0259 \u015f\u0259r\u0259f hissi il\u0259 &nbsp;yerin\u0259 yetirmi\u015fdir.M\u00fcharib\u0259 veteran\u0131d\u0131r G\u00f6st\u0259rdiyi d\u00f6y\u00fc\u015f r\u0259\u015fad\u0259tin\u0259 g\u00f6r\u0259 yolda\u015flar\u0131 aras\u0131nda b\u00f6y\u00fck h\u00f6rm\u0259t qazanm\u0131\u015f &nbsp;istefada olan mayor&nbsp; N\u0259vai M\u0259mm\u0259dov 1981- 1983 c\u00fc ill\u0259rd\u0259 Sovet Ordusunun&nbsp; Moskva \u015f\u0259h\u0259rind\u0259 yerl\u0259\u015f\u0259n &nbsp;h\u0259rbi hiss\u0259l\u0259rind\u0259 m\u00fcdd\u0259tli h\u0259qiqi&nbsp; h\u0259rbi xidm\u0259td\u0259 olub. 1987- 1991 -ci ill\u0259rd\u0259 &nbsp;X\u0259z\u0259r( \u0259vv\u0259lki \u018fzizb\u0259yov) rayonun \u0259razisind\u0259 yerl\u0259\u015f\u0259n &nbsp;&nbsp;42 n\u00f6mr\u0259li texniki- pe\u015f\u0259 m\u0259kt\u0259bind\u0259&nbsp; h\u0259rbi haz\u0131rl\u0131q v\u0259 b\u0259d\u0259n t\u0259rbiy\u0259si&nbsp; m\u00fc\u0259llimi&nbsp; v\u0259zif\u0259sind\u0259 i\u015fl\u0259yib<\/p>\n\n\n\n<p>1992-2011-ci\u00a0 ill\u0259rd\u0259\u00a0 Daxili\u00a0 \u0130\u015fl\u0259r Nazirliyinin Daxili Qo\u015funlar\u0131n H\u0259rbi hiss\u0259l\u0259rind\u0259\u00a0\u00a0\u00a0 taq\u0131m, b\u00f6l\u00fck komandirinin m\u00fcavini, b\u00f6l\u00fck komandiri v\u0259 avtomobil v\u0259 zirehli texnika xidm\u0259ti r\u0259isi\u00a0 v\u0259zif\u0259l\u0259rind\u0259 V\u0259t\u0259n\u0259, D\u00f6vl\u0259t\u0259 v\u0259 Xalqa s\u0259daq\u0259tl\u0259 xidm\u0259t edib,2011-2015 ci ill\u0259rd\u0259 is\u0259 D\u00f6vl\u0259t v\u0259 \u00f6z\u0259l m\u00fc\u0259ssis\u0259l\u0259rind\u0259 \u00a0\u00a0Qaraj m\u00fcd\u00fcr\u00fc v\u0259zif\u0259sind\u0259 olub.<\/p>\n\n\n\n<figure class=\"wp-block-image size-large\"><img decoding=\"async\" src=\"http:\/\/veteran.az\/wp-content\/uploads\/2023\/01\/cay3.jpg\" alt=\"\" class=\"wp-image-20394\"\/><\/figure>\n\n\n\n<p>&nbsp;O, Daxili Qo\u015funlarda xidm\u0259t etdiyi ill\u0259r \u0259rzind\u0259 \u00f6zun\u00fc u\u015faq vaxtlar\u0131ndan, g\u00f6z\u0259l ail\u0259 v\u0259 m\u0259kt\u0259b t\u0259rbiy\u0259si il\u0259 b\u00f6y\u00fcm\u00fc\u015f, \u0259xlaq\u0131 t\u0259rbiy\u0259si yerind\u0259 olan, nizam v\u0259 intizaml\u0131 h\u0259rbi\u00e7i k\u0131m\u0131 g\u00f6st\u0259rmi\u015fdir.O i\u015fl\u0259diyi v\u0259 oxudu\u011fu&nbsp;&nbsp; t\u0259hsil m\u00fc\u0259ssis\u0259l\u0259rind\u0259, ya\u015fad\u0131\u011f\u0131 \u0259razid\u0259&nbsp; kollektiv aras\u0131nda h\u0259mi\u015f\u0259 m\u00fcsb\u0259t m\u0259nada se\u00e7il\u0259r\u0259k, ba\u015fqalar\u0131 \u00fc\u00e7\u00fcn&nbsp; n\u00fcmun\u0259 olmu\u015fdur.<\/p>\n\n\n\n<p>\u00a0\u00a0\u00a0\u00a0 M\u00fcst\u0259qil Az\u0259rbaycan\u0131n Daxili \u0130\u015fl\u0259r Nazirliyinin\u00a0 Daxili Qo\u015funlar\u0131nda xidm\u0259t etdiyi ill\u0259r \u0259rzind\u0259, Az\u0259rbaycan Respublikas\u0131n\u0131n Konstitusiyas\u0131na v\u0259 qanunlar\u0131na \u0259m\u0259l etm\u0259kd\u0259, H\u0259rbi And\u0131n,\u00a0 H\u0259rbi v\u0259 Daxili Qo\u015funlar\u0131n \u00a0D\u00f6y\u00fc\u015f Xidm\u0259ti Nizamnam\u0259l\u0259rin v\u0259 dig\u0259r h\u00fcquqi- normativ aktlar\u0131n\u00a0 t\u0259l\u0259bl\u0259rin\u0259, el\u0259cd\u0259 v\u0259zif\u0259 borclar\u0131n\u0131n icrasna m\u0259suliyy\u0259tl\u0259 yana\u015fm\u0131\u015f, qar\u015f\u0131ya qoyulmu\u015f\u00a0 xidm\u0259ti\u00a0 tap\u015f\u0131r\u0131qlar\u0131 m\u00fcv\u0259ff\u0259qiyy\u0259tl\u0259 yerin\u0259 yetirilm\u0259si \u00fc\u00e7\u00fcn \u00f6z \u0259m\u0259yini \u0259sirg\u0259m\u0259mi\u015f, \u015f\u0259xsi n\u00fcmun\u0259si il\u0259\u00a0 bir cox\u00a0 h\u0259rbi qulluq\u00e7ular\u0131 f\u0259dakar h\u0259rbi xidm\u0259t\u0259 ruhland\u0131rm\u0131\u015fd\u0131r.<\/p>\n\n\n\n<p>\u0130\u015fg\u00fczarl\u0131\u011f\u0131,y\u00fcks\u0259k intellektual s\u0259viyy\u0259si v\u0259 idar\u0259c\u0259lik qabiliyy\u0259ti il\u0259 secil\u0259n N\u0259vai M\u0259mm\u0259dov \u00a0Daxili Qo\u015funlarda xidm\u0259t etdiyi ill\u0259r \u0259rzind\u0259 h\u0259rbi hiss\u0259nin zabit, gizir v\u0259 m\u00fcdd\u0259td\u0259n art\u0131q xidm\u0259t ed\u0259n h\u0259rbi qulluq\u00e7ularla komandir, \u0259sg\u0259r v\u0259 \u00e7avu\u015flarla is\u0259 D\u00f6y\u00fc\u015f v\u0259 ictimai s\u0131yas\u0131 haz\u0131rl\u0131\u011f\u0131 \u00fczr\u0259 m\u0259\u015f\u011f\u0259l\u0259l\u0259rin, Avtomobil v\u0259 Zirehli texnika xidm\u0259ti \u00fczr\u0259 n\u00fcmun\u0259vi g\u00f6st\u0259rici m\u0259\u015f\u011f\u0259l\u0259l\u0259rin ke\u00e7irilm\u0259si v\u0259 el\u0259c\u0259 d\u0259 avtomobi xidm\u0259ti \u00fczr\u0259 ki\u00e7ik m\u00fct\u0259x\u0259ssisl\u0259rin haz\u0131rlanmas\u0131nda \u00fcz\u0259rin\u0259 d\u00fcs\u0259n v\u0259zif\u0259l\u0259rin tap\u015f\u0131r\u0131qlar\u0131n\u00a0 \u00f6hd\u0259sind\u0259n layiqinc\u0259 g\u0259lmi\u015fdir.<\/p>\n\n\n\n<figure class=\"wp-block-image size-large is-resized\"><img loading=\"lazy\" decoding=\"async\" src=\"http:\/\/veteran.az\/wp-content\/uploads\/2023\/01\/cay4-797x1024.jpg\" alt=\"\" class=\"wp-image-20395\" width=\"347\" height=\"446\"\/><\/figure>\n\n\n\n<p>\u0130stefada olan mayor N\u0259vai M\u0259mm\u0259dovun Daxili Qo\u015funlar\u0131nda s\u0259m\u0259r\u0259li<\/p>\n\n\n\n<p>f\u0259aliyy\u0259ti h\u0259mi\u015f\u0259 laz\u0131m\u0131nca qiym\u0259tl\u0259ndirlib.Cinay\u0259tkarl\u0131\u011fa qar\u015f\u0131 m\u00fcbariz\u0259 v\u0259 ictmai asayi\u015fin qorunmas\u0131nda,xidm\u0259ti v\u0259zif\u0259l\u0259rin v\u0259 x\u00fcsusi tap\u015f\u0131r\u0131qlar\u0131n yerin\u0259 yetirilm\u0259sind\u0259 &nbsp;f\u0259riql\u0259ndiyin\u0259 g\u00f6r\u0259 o, Az\u0259rbaycan Respublikas\u0131 Prezidentinin ad\u0131ndan, Daxili \u0130\u015fl\u0259r Nazirinin, Daxili Qo\u015funlar Komandan\u0131n, onun&nbsp; m\u00fcavinl\u0259rinin, h\u0259rbi hiss\u0259 komandirinin m\u00fcvafiq \u0259mirl\u0259ri il\u0259 &nbsp;\u201cQ\u00fcsursuz Xidm\u0259t\u0259 G\u00f6r\u0259 2-ci v\u0259 3-c\u00fc d\u0259r\u0259c\u0259li medalla, &#171;Silahl\u0131 Q\u00fcvv\u0259l\u0259rin 10 &nbsp;v\u0259 90 illiyi&#187; yubiley medallar\u0131 il\u0259, d\u00f6\u015f v\u0259 yubiley ni\u015fanlar\u0131 il\u0259 t\u0259ltif olunb, bir cox f\u0259xri f\u0259rmanlarla,qiym\u0259tli h\u0259diyy\u0259l\u0259tl\u0259 t\u0259ltif olunub v\u0259 ona t\u0259\u015f\u0259kkur elan edilib<\/p>\n\n\n\n<p><strong>DO\u011eUM G\u00dcN\u00dcN M\u00dcBAR\u018fK OLSUN N\u018fVA\u0130 B\u018fY!<\/strong><\/p>\n\n\n\n<p><strong>ALLAH H\u018fR ZAMAN Q\u018fLB\u0130N\u0130 SIXINTIDAN, B\u018fDB\u0130NL\u0130KD\u018fN QORUSUN!<\/strong><\/p>\n\n\n\n<p><strong>B\u00dcT\u00dcN ARZULARIN \u00c7\u0130N OLSUN!<\/strong><\/p>\n\n\n\n<p><strong>H\u018fM\u0130\u015e\u018f \u00dcZ\u00dcN G\u00dcLS\u00dcN, \u00dcR\u018fY\u0130N SEV\u0130NS\u0130N!<\/strong><\/p>\n\n\n\n<p><strong>DA\u0130MA XO\u015eBEXT YA\u015eA, \u00d6MR\u00dcN UZUN OLSUN!<\/strong><\/p>\n\n\n\n<p><strong>D\u0259rin h\u00f6rm\u0259tl\u0259: Az\u0259rbaycan V\u0259t\u0259n m\u00fcharib\u0259si Veteranlar\u0131 \u0130ctimai&nbsp; Birliyi s\u0259drinin h\u00fcquqi i\u015fl\u0259r \u00fczr\u0259 m\u00fcavini polkovnik Salman Musayev<\/strong><\/p>\n","protected":false},"excerpt":{"rendered":"<p>Az\u0259rbaycan V\u0259t\u0259n M\u00fcharib\u0259si Veteranlar\u0131 \u0130ctimai Birliyinin r\u0259hb\u0259rliyi,pe\u015f\u0259karl\u0131\u011f\u0131, h\u00fcmanistliyi v\u0259 i\u015fg\u00fczarl\u0131\u011f\u0131 il\u0259 secil\u0259n M\u00fcharib\u0259 Veteran\u0131&nbsp; istefada&#8230;<\/p>\n","protected":false},"author":3,"featured_media":0,"comment_status":"closed","ping_status":"closed","sticky":false,"template":"","format":"standard","meta":{"footnotes":""},"categories":[13],"tags":[],"class_list":["post-20387","post","type-post","status-publish","format-standard","hentry","category-tebrik"],"featured_image_urls":{"full":"","thumbnail":"","medium":"","medium_large":"","large":"","1536x1536":"","2048x2048":"","covernews-slider-full":"","covernews-slider-center":"","covernews-featured":"","covernews-medium":"","covernews-medium-square":""},"author_info":{"display_name":"Veteran.az","author_link":"https:\/\/veteran.az\/?author=3"},"category_info":"<a href=\"https:\/\/veteran.az\/?cat=13\" rel=\"category\">T\u0259brik<\/a>","tag_info":"T\u0259brik","comment_count":"0","_links":{"self":[{"href":"https:\/\/veteran.az\/index.php?rest_route=\/wp\/v2\/posts\/20387","targetHints":{"allow":["GET"]}}],"collection":[{"href":"https:\/\/veteran.az\/index.php?rest_route=\/wp\/v2\/posts"}],"about":[{"href":"https:\/\/veteran.az\/index.php?rest_route=\/wp\/v2\/types\/post"}],"author":[{"embeddable":true,"href":"https:\/\/veteran.az\/index.php?rest_route=\/wp\/v2\/users\/3"}],"replies":[{"embeddable":true,"href":"https:\/\/veteran.az\/index.php?rest_route=%2Fwp%2Fv2%2Fcomments&post=20387"}],"version-history":[{"count":3,"href":"https:\/\/veteran.az\/index.php?rest_route=\/wp\/v2\/posts\/20387\/revisions"}],"predecessor-version":[{"id":20396,"href":"https:\/\/veteran.az\/index.php?rest_route=\/wp\/v2\/posts\/20387\/revisions\/20396"}],"wp:attachment":[{"href":"https:\/\/veteran.az\/index.php?rest_route=%2Fwp%2Fv2%2Fmedia&parent=20387"}],"wp:term":[{"taxonomy":"category","embeddable":true,"href":"https:\/\/veteran.az\/index.php?rest_route=%2Fwp%2Fv2%2Fcategories&post=20387"},{"taxonomy":"post_tag","embeddable":true,"href":"https:\/\/veteran.az\/index.php?rest_route=%2Fwp%2Fv2%2Ftags&post=20387"}],"curies":[{"name":"wp","href":"https:\/\/api.w.org\/{rel}","templated":true}]}}