{"id":20346,"date":"2023-01-24T11:57:55","date_gmt":"2023-01-24T07:57:55","guid":{"rendered":"http:\/\/veteran.az\/?p=20346"},"modified":"2023-01-24T11:57:56","modified_gmt":"2023-01-24T07:57:56","slug":"qayidis-konsepsiyasi-layih%c9%99si-il%c9%99-bagli-q%c9%99rbi-az%c9%99rbaycan-icmasina-cox-sayda-t%c9%99klif-gond%c9%99rilib","status":"publish","type":"post","link":"https:\/\/veteran.az\/?p=20346","title":{"rendered":"Qay\u0131d\u0131\u015f Konsepsiyas\u0131 layih\u0259si il\u0259 ba\u011fl\u0131 Q\u0259rbi Az\u0259rbaycan \u0130cmas\u0131na \u00e7ox sayda t\u0259klif g\u00f6nd\u0259rilib"},"content":{"rendered":"\n<p>Qay\u0131d\u0131\u015f Konsepsiyas\u0131 layih\u0259si il\u0259 ba\u011fl\u0131 Q\u0259rbi Az\u0259rbaycan \u0130cmas\u0131n\u0131n t\u0259qdim etdiyi e-mail \u00fcnvana \u00e7ox sayda t\u0259klifl\u0259r g\u00f6nd\u0259rilib.<\/p>\n\n\n\n<p><strong>Veteran.az x\u0259b\u0259r verir ki,<\/strong>\u00a0bunu \u0130cman\u0131n m\u0259tbuat katibi \u00dclviyy\u0259 Z\u00fclfiqar bildirib.<\/p>\n\n\n\n<p>\u0130cma t\u0259r\u0259find\u0259n ictimaiyy\u0259td\u0259n t\u0259klifl\u0259rin q\u0259bul olunmas\u0131 \u00fc\u00e7\u00fcn x\u00fcsusi e-mail \u00fcnvan yarad\u0131laraq yanvar\u0131n 21-i saat 18:00-d\u0259k t\u0259klifl\u0259rin q\u0259bul olunaca\u011f\u0131 bildirilmi\u015fdi.<\/p>\n\n\n\n<p>M\u0259tbuat katibi bildirib ki, e-mail \u00fcnvana g\u0259l\u0259n t\u0259klifl\u0259r aliml\u0259r, m\u00fct\u0259x\u0259ssisl\u0259r, ictimaiyy\u0259t n\u00fcmay\u0259nd\u0259l\u0259ri v\u0259 xarici ekspertl\u0259r t\u0259r\u0259find\u0259n g\u00f6nd\u0259rilib. \u201cT\u0259klifl\u0259rin h\u0259r biri qeyd\u0259 al\u0131n\u0131b. Aralar\u0131nda i\u015fimiz\u0259 \u00e7ox faydal\u0131 olacaq fikirl\u0259rin yer ald\u0131\u011f\u0131 t\u0259klifl\u0259r var ki, bunun da Konsepsiya layih\u0259sinin haz\u0131rlanmas\u0131 prosesind\u0259 \u00e7ox yararl\u0131 olaca\u011f\u0131n\u0131 d\u00fc\u015f\u00fcn\u00fcr\u00fck. Bundan ba\u015fqa, \u0130cmada art\u0131q bir ne\u00e7\u0259 d\u0259f\u0259 Qay\u0131d\u0131\u015f Konsepsiyas\u0131 layih\u0259sin\u0259 t\u0259klifl\u0259rl\u0259 ba\u011fl\u0131 idar\u0259 hey\u0259ti, ziyal\u0131lar, elm adamlar\u0131 il\u0259 g\u00f6r\u00fc\u015fl\u0259r ke\u00e7iril\u0259r\u0259k dinl\u0259m\u0259l\u0259r apar\u0131l\u0131b. Konsepsiya q\u0259bul edildikd\u0259n sonra \u0130cma f\u0259aliyy\u0259tini bu s\u0259n\u0259d \u00fcz\u0259rind\u0259n quraraq i\u015fin\u0259 davam ed\u0259c\u0259k&#187;,-dey\u0259 icman\u0131n s\u00f6z\u00e7\u00fcs\u00fc vur\u011fulay\u0131b.<\/p>\n\n\n\n<p>Qeyd ed\u0259k ki, \u201cQ\u0259rbi Az\u0259rbaycan \u0130cmas\u0131\u201d \u201cQay\u0131d\u0131\u015f konsepsiyas\u0131\u201d il\u0259 ba\u011fl\u0131 ictimaiyy\u0259t\u0259 m\u00fcraci\u0259t edib.<\/p>\n\n\n\n<p>M\u00fcraci\u0259td\u0259 deyilir ki, \u201cQ\u0259rbi Az\u0259rbaycan \u0130cmas\u0131\u201d indiki Erm\u0259nistan \u0259razisind\u0259n qovulmu\u015f az\u0259rbaycanl\u0131lar\u0131n beyn\u0259lxalq konvensiyalarda \u0259ks olunan geriy\u0259 qay\u0131tmaq h\u00fcququ \u0259sas\u0131nda, s\u00fclh yolu il\u0259 \u00f6z evl\u0259rin\u0259 qay\u0131d\u0131\u015f\u0131na dair konsepsiya (\u201cQay\u0131d\u0131\u015f konsepsiyas\u0131\u201d) layih\u0259si \u00fcz\u0259rind\u0259 i\u015fini davam etdirir:<\/p>\n\n\n\n<p>&#171;Geni\u015f ictimaiyy\u0259t bu m\u0259s\u0259l\u0259y\u0259 yax\u0131ndan maraq g\u00f6st\u0259rir. Aliml\u0259r, m\u00fct\u0259x\u0259ssisl\u0259r, sad\u0259 v\u0259t\u0259nda\u015flar \u0130cma il\u0259 \u0259laq\u0259 saxlayaraq konsepsiyaya dair \u00f6z d\u00fc\u015f\u00fcnc\u0259 v\u0259 t\u0259klifl\u0259rini t\u0259qdim edirl\u0259r. Daxil olan ideya v\u0259 t\u0259klifl\u0259r layih\u0259nin haz\u0131rlanmas\u0131 i\u015find\u0259 faydal\u0131 olmu\u015fdur. Bununla \u0259laq\u0259dar olaraq, \u0130cma geni\u015f ictimaiyy\u0259t\u0259 m\u00fcraci\u0259t ed\u0259r\u0259k, \u201cQay\u0131d\u0131\u015f Konsepsiyas\u0131\u201dn\u0131n layih\u0259sin\u0259 dair t\u0259klifl\u0259rini t\u0259qdim etm\u0259y\u0259 \u00e7a\u011f\u0131r\u0131r. T\u0259klifl\u0259r 21.01.2023 tarixi, saat 18:00-d\u0259k\u00a0icma.konsepsiya@gmail.com\u00a0elektron po\u00e7tu \u00fcnvan\u0131na t\u0259qdim edil\u0259 bil\u0259r. Beyn\u0259lxalq \u00fcmumi h\u00fcquq, humanitar h\u00fcquq, insan h\u00fcquqlar\u0131, post-m\u00fcnaqi\u015f\u0259 d\u00f6vr\u00fcnd\u0259 reabilitasiya v\u0259 re-inteqrasiya, qa\u00e7q\u0131nlar\u0131n h\u00fcquqlar\u0131 kimi m\u00f6vzularda ixtisasla\u015fm\u0131\u015f m\u00fct\u0259x\u0259ssisl\u0259rin r\u0259y v\u0259 t\u0259klifl\u0259rin\u0259 x\u00fcsusil\u0259 b\u00f6y\u00fck ehtiyac vard\u0131r. T\u0259klifl\u0259r Az\u0259rbaycan, ingilis, rus, frans\u0131z v\u0259 ya alman dill\u0259rinin birind\u0259 t\u0259qdim edil\u0259 bil\u0259r&#187;, &#8212; m\u00fcraci\u0259td\u0259 deyilir. (\u201c\u0130ki sahil\u201d)<\/p>\n","protected":false},"excerpt":{"rendered":"<p>Qay\u0131d\u0131\u015f Konsepsiyas\u0131 layih\u0259si il\u0259 ba\u011fl\u0131 Q\u0259rbi Az\u0259rbaycan \u0130cmas\u0131n\u0131n t\u0259qdim etdiyi e-mail \u00fcnvana \u00e7ox sayda t\u0259klifl\u0259r&#8230;<\/p>\n","protected":false},"author":3,"featured_media":0,"comment_status":"closed","ping_status":"closed","sticky":false,"template":"","format":"standard","meta":{"footnotes":""},"categories":[6],"tags":[],"class_list":["post-20346","post","type-post","status-publish","format-standard","hentry","category-cmiyyt"],"featured_image_urls":{"full":"","thumbnail":"","medium":"","medium_large":"","large":"","1536x1536":"","2048x2048":"","covernews-slider-full":"","covernews-slider-center":"","covernews-featured":"","covernews-medium":"","covernews-medium-square":""},"author_info":{"display_name":"Veteran.az","author_link":"https:\/\/veteran.az\/?author=3"},"category_info":"<a href=\"https:\/\/veteran.az\/?cat=6\" rel=\"category\">C\u0259miyy\u0259t<\/a>","tag_info":"C\u0259miyy\u0259t","comment_count":"0","_links":{"self":[{"href":"https:\/\/veteran.az\/index.php?rest_route=\/wp\/v2\/posts\/20346","targetHints":{"allow":["GET"]}}],"collection":[{"href":"https:\/\/veteran.az\/index.php?rest_route=\/wp\/v2\/posts"}],"about":[{"href":"https:\/\/veteran.az\/index.php?rest_route=\/wp\/v2\/types\/post"}],"author":[{"embeddable":true,"href":"https:\/\/veteran.az\/index.php?rest_route=\/wp\/v2\/users\/3"}],"replies":[{"embeddable":true,"href":"https:\/\/veteran.az\/index.php?rest_route=%2Fwp%2Fv2%2Fcomments&post=20346"}],"version-history":[{"count":1,"href":"https:\/\/veteran.az\/index.php?rest_route=\/wp\/v2\/posts\/20346\/revisions"}],"predecessor-version":[{"id":20348,"href":"https:\/\/veteran.az\/index.php?rest_route=\/wp\/v2\/posts\/20346\/revisions\/20348"}],"wp:attachment":[{"href":"https:\/\/veteran.az\/index.php?rest_route=%2Fwp%2Fv2%2Fmedia&parent=20346"}],"wp:term":[{"taxonomy":"category","embeddable":true,"href":"https:\/\/veteran.az\/index.php?rest_route=%2Fwp%2Fv2%2Fcategories&post=20346"},{"taxonomy":"post_tag","embeddable":true,"href":"https:\/\/veteran.az\/index.php?rest_route=%2Fwp%2Fv2%2Ftags&post=20346"}],"curies":[{"name":"wp","href":"https:\/\/api.w.org\/{rel}","templated":true}]}}