{"id":20277,"date":"2023-01-20T15:28:19","date_gmt":"2023-01-20T11:28:19","guid":{"rendered":"http:\/\/veteran.az\/?p=20277"},"modified":"2023-01-20T15:28:21","modified_gmt":"2023-01-20T11:28:21","slug":"goygol-veteranlar-20-yanvar-s%c9%99hidl%c9%99rini-andilar","status":"publish","type":"post","link":"https:\/\/veteran.az\/?p=20277","title":{"rendered":"G\u00f6yg\u00f6l veteranlar 20 Yanvar \u015f\u0259hidl\u0259rini and\u0131lar"},"content":{"rendered":"\n<p><strong>Az\u0259rbaycan xalq\u0131n\u0131n tarixin\u0259 Qanl\u0131 Yanvar faci\u0259si kimi daxil olmu\u015f 1990-c\u0131 il 20 Yanvar hadis\u0259l\u0259rind\u0259n art\u0131q 33 il ke\u00e7ir. Ke\u00e7mi\u015f Sovet Ordusunun h\u0259min g\u00fcn Az\u0259rbaycan xalq\u0131na qar\u015f\u0131 h\u0259yata ke\u00e7irdiyi h\u0259rbi t\u0259cav\u00fcz insanl\u0131\u011fa qar\u015f\u0131 t\u00f6r\u0259dilmi\u015f \u0259n a\u011f\u0131r cinay\u0259tl\u0259rd\u0259n biri kimi tarixd\u0259 qalacaq.<\/strong><\/p>\n\n\n\n<p><strong>Az\u0259rbaycan V\u0259t\u0259n M\u00fcharib\u0259si Veteranlar\u0131 \u0130ctimai Birliyi (AVMV\u0130B) G\u00f6yg\u00f6l rayon \u015f\u00f6b\u0259sinin\u00a0s\u0259dri H\u0259bib H\u00fcseynovun <\/strong> verdiyi m\u0259lumata g\u00f6r\u0259, rayon veteranlar\u0131 \u00a0izdihaml\u0131 bir ax\u0131nla \u015e\u0259hidl\u0259r Xiyaban\u0131na ged\u0259r\u0259k \u015f\u0259hid m\u0259zarlar\u0131n\u0131 yad etmi\u015fl\u0259r. M\u00fcharib\u0259 veteranlar\u0131 \u015f\u0259hid m\u0259zarlar\u0131na t\u0259r q\u0259r\u0259nfill\u0259r d\u00fcz\u00fcb ,onlar\u0131n ruhuna dualar oxuyublar.<\/p>\n\n\n\n<p><strong>Allah \u015f\u0259hidl\u0259rimiz\u0259 r\u0259hm\u0259t el\u0259sin!<\/strong><\/p>\n\n\n\n<figure class=\"wp-block-image is-resized\"><img loading=\"lazy\" decoding=\"async\" src=\"https:\/\/e.mail.ru\/cgi-bin\/getattach?file=IMG-20230120-WA0015.jpg&amp;id=16742132952045302913%3B0%3B2&amp;mode=attachment&amp;project=cloud&amp;x-email=selimli.2022%40mail.ru\" alt=\"IMG-20230120-WA0015.jpg\" width=\"460\" height=\"613\"\/><\/figure>\n\n\n\n<figure class=\"wp-block-image is-resized\"><img loading=\"lazy\" decoding=\"async\" src=\"https:\/\/e.mail.ru\/cgi-bin\/getattach?file=IMG-20230120-WA0068.jpg&amp;id=16742132952045302913%3B0%3B3&amp;mode=attachment&amp;project=cloud&amp;x-email=selimli.2022%40mail.ru\" alt=\"IMG-20230120-WA0068.jpg\" width=\"451\" height=\"338\"\/><figcaption><img decoding=\"async\" src=\"https:\/\/e.mail.ru\/cgi-bin\/getattach?file=IMG-20230120-WA0014.jpg&amp;id=16742132952045302913%3B0%3B4&amp;mode=attachment&amp;project=cloud&amp;x-email=selimli.2022%40mail.ru\" alt=\"IMG-20230120-WA0014.jpg\"><\/figcaption><\/figure>\n\n\n\n<figure class=\"wp-block-image\"><img decoding=\"async\" src=\"https:\/\/e.mail.ru\/cgi-bin\/getattach?file=IMG-20230120-WA0010.jpg&amp;id=16742132952045302913%3B0%3B5&amp;mode=attachment&amp;project=cloud&amp;x-email=selimli.2022%40mail.ru\" alt=\"IMG-20230120-WA0010.jpg\"\/><\/figure>\n","protected":false},"excerpt":{"rendered":"<p>Az\u0259rbaycan xalq\u0131n\u0131n tarixin\u0259 Qanl\u0131 Yanvar faci\u0259si kimi daxil olmu\u015f 1990-c\u0131 il 20 Yanvar hadis\u0259l\u0259rind\u0259n art\u0131q&#8230;<\/p>\n","protected":false},"author":3,"featured_media":0,"comment_status":"closed","ping_status":"closed","sticky":false,"template":"","format":"standard","meta":{"footnotes":""},"categories":[12],"tags":[],"class_list":["post-20277","post","type-post","status-publish","format-standard","hentry","category-veteran"],"featured_image_urls":{"full":"","thumbnail":"","medium":"","medium_large":"","large":"","1536x1536":"","2048x2048":"","covernews-slider-full":"","covernews-slider-center":"","covernews-featured":"","covernews-medium":"","covernews-medium-square":""},"author_info":{"display_name":"Veteran.az","author_link":"https:\/\/veteran.az\/?author=3"},"category_info":"<a href=\"https:\/\/veteran.az\/?cat=12\" rel=\"category\">Veteran d\u00fcnyas\u0131<\/a>","tag_info":"Veteran d\u00fcnyas\u0131","comment_count":"0","_links":{"self":[{"href":"https:\/\/veteran.az\/index.php?rest_route=\/wp\/v2\/posts\/20277","targetHints":{"allow":["GET"]}}],"collection":[{"href":"https:\/\/veteran.az\/index.php?rest_route=\/wp\/v2\/posts"}],"about":[{"href":"https:\/\/veteran.az\/index.php?rest_route=\/wp\/v2\/types\/post"}],"author":[{"embeddable":true,"href":"https:\/\/veteran.az\/index.php?rest_route=\/wp\/v2\/users\/3"}],"replies":[{"embeddable":true,"href":"https:\/\/veteran.az\/index.php?rest_route=%2Fwp%2Fv2%2Fcomments&post=20277"}],"version-history":[{"count":1,"href":"https:\/\/veteran.az\/index.php?rest_route=\/wp\/v2\/posts\/20277\/revisions"}],"predecessor-version":[{"id":20279,"href":"https:\/\/veteran.az\/index.php?rest_route=\/wp\/v2\/posts\/20277\/revisions\/20279"}],"wp:attachment":[{"href":"https:\/\/veteran.az\/index.php?rest_route=%2Fwp%2Fv2%2Fmedia&parent=20277"}],"wp:term":[{"taxonomy":"category","embeddable":true,"href":"https:\/\/veteran.az\/index.php?rest_route=%2Fwp%2Fv2%2Fcategories&post=20277"},{"taxonomy":"post_tag","embeddable":true,"href":"https:\/\/veteran.az\/index.php?rest_route=%2Fwp%2Fv2%2Ftags&post=20277"}],"curies":[{"name":"wp","href":"https:\/\/api.w.org\/{rel}","templated":true}]}}