{"id":20204,"date":"2023-01-12T00:19:05","date_gmt":"2023-01-11T20:19:05","guid":{"rendered":"http:\/\/veteran.az\/?p=20204"},"modified":"2023-01-12T00:19:06","modified_gmt":"2023-01-11T20:19:06","slug":"pakistan-az%c9%99rbaycana-t%c9%99s%c9%99kkur-edib","status":"publish","type":"post","link":"https:\/\/veteran.az\/?p=20204","title":{"rendered":"Pakistan Az\u0259rbaycana t\u0259\u015f\u0259kk\u00fcr edib"},"content":{"rendered":"\n<p>Pakistan\u0131n Ba\u015f naziri \u015eahbaz \u015e\u0259rif Az\u0259rbaycan Prezidenti \u0130lham \u018fliyev\u0259 t\u0259\u015f\u0259kk\u00fcr edib.<\/p>\n\n\n\n<p><strong>Veteran.az<\/strong>\u00a0x\u0259b\u0259r verir ki, bu bar\u0259d\u0259 o, \u00f6z\u00fcn\u00fcn &#171;Twitter&#187; hesab\u0131nda yaz\u0131b.<\/p>\n\n\n\n<p>\u201cAz\u0259rbaycan\u0131n Pakistandak\u0131 da\u015fq\u0131n qurbanlar\u0131na davaml\u0131 d\u0259st\u0259yi \u00fc\u00e7\u00fcn Prezident \u0130lham \u018fliyev\u0259 minn\u0259tdaram. Bu c\u00fcr mehriban jestl\u0259r seld\u0259n z\u0259r\u0259r \u00e7\u0259kmi\u015f insanlar\u0131n m\u0259n\u0259viyyat\u0131n\u0131 y\u00fcks\u0259ltm\u0259kl\u0259 yana\u015f\u0131, h\u0259m d\u0259 \u00fcmumi insanl\u0131\u011fa olan inam\u0131m\u0131z\u0131 b\u0259rpa edir\u201d, &#8212; Ba\u015f nazir vur\u011fulay\u0131b.<\/p>\n\n\n\n<p>Qeyd ed\u0259k ki, Az\u0259rbaycan Pakistandak\u0131 da\u015fq\u0131n\u0131n\u00a0f\u0259sadlar\u0131n\u0131n aradan qald\u0131r\u0131lmas\u0131na d\u0259st\u0259k m\u0259qs\u0259dil\u0259 2 milyon dollar ay\u0131r\u0131b.<\/p>\n\n\n\n<figure class=\"wp-block-image size-large\"><img decoding=\"async\" src=\"https:\/\/admin.modern.az\/file\/articles\/2023\/01\/11\/1673465273_img_20230111_232443.jpg\" alt=\"\"\/><\/figure>\n","protected":false},"excerpt":{"rendered":"<p>Pakistan\u0131n Ba\u015f naziri \u015eahbaz \u015e\u0259rif Az\u0259rbaycan Prezidenti \u0130lham \u018fliyev\u0259 t\u0259\u015f\u0259kk\u00fcr edib. Veteran.az\u00a0x\u0259b\u0259r verir ki, bu&#8230;<\/p>\n","protected":false},"author":3,"featured_media":0,"comment_status":"closed","ping_status":"closed","sticky":false,"template":"","format":"standard","meta":{"footnotes":""},"categories":[7],"tags":[],"class_list":["post-20204","post","type-post","status-publish","format-standard","hentry","category-dunya"],"featured_image_urls":{"full":"","thumbnail":"","medium":"","medium_large":"","large":"","1536x1536":"","2048x2048":"","covernews-slider-full":"","covernews-slider-center":"","covernews-featured":"","covernews-medium":"","covernews-medium-square":""},"author_info":{"display_name":"Veteran.az","author_link":"https:\/\/veteran.az\/?author=3"},"category_info":"<a href=\"https:\/\/veteran.az\/?cat=7\" rel=\"category\">D\u00fcnya<\/a>","tag_info":"D\u00fcnya","comment_count":"0","_links":{"self":[{"href":"https:\/\/veteran.az\/index.php?rest_route=\/wp\/v2\/posts\/20204","targetHints":{"allow":["GET"]}}],"collection":[{"href":"https:\/\/veteran.az\/index.php?rest_route=\/wp\/v2\/posts"}],"about":[{"href":"https:\/\/veteran.az\/index.php?rest_route=\/wp\/v2\/types\/post"}],"author":[{"embeddable":true,"href":"https:\/\/veteran.az\/index.php?rest_route=\/wp\/v2\/users\/3"}],"replies":[{"embeddable":true,"href":"https:\/\/veteran.az\/index.php?rest_route=%2Fwp%2Fv2%2Fcomments&post=20204"}],"version-history":[{"count":1,"href":"https:\/\/veteran.az\/index.php?rest_route=\/wp\/v2\/posts\/20204\/revisions"}],"predecessor-version":[{"id":20206,"href":"https:\/\/veteran.az\/index.php?rest_route=\/wp\/v2\/posts\/20204\/revisions\/20206"}],"wp:attachment":[{"href":"https:\/\/veteran.az\/index.php?rest_route=%2Fwp%2Fv2%2Fmedia&parent=20204"}],"wp:term":[{"taxonomy":"category","embeddable":true,"href":"https:\/\/veteran.az\/index.php?rest_route=%2Fwp%2Fv2%2Fcategories&post=20204"},{"taxonomy":"post_tag","embeddable":true,"href":"https:\/\/veteran.az\/index.php?rest_route=%2Fwp%2Fv2%2Ftags&post=20204"}],"curies":[{"name":"wp","href":"https:\/\/api.w.org\/{rel}","templated":true}]}}