{"id":20185,"date":"2023-01-10T13:00:45","date_gmt":"2023-01-10T09:00:45","guid":{"rendered":"http:\/\/veteran.az\/?p=20185"},"modified":"2024-01-27T03:47:00","modified_gmt":"2024-01-26T23:47:00","slug":"s%c9%99r%c9%99fl%c9%99-yasanan-zabit-omru-rafiq-novruzov-52","status":"publish","type":"post","link":"https:\/\/veteran.az\/?p=20185","title":{"rendered":"\u015e\u0259r\u0259fl\u0259 Ya\u015fanan Zabit \u00d6mr\u00fc: Rafiq Novruzov  &#8212; 52"},"content":{"rendered":"\n<p><strong>&nbsp;&nbsp;&nbsp;&nbsp; \u0130nsan \u00fc\u00e7\u00fcn \u0259n yaddaqalan&nbsp;&nbsp;&nbsp;&nbsp; &nbsp;g\u00fcnl\u0259r d\u0259n bir onun do\u011fum &nbsp;g\u00fcnd\u00fcr.Ya\u015f\u0131n \u00fcst\u0259 ya\u015f g\u0259ldikc\u0259 insan daha &nbsp;&nbsp;da&nbsp;&nbsp; &nbsp;kamill\u0259\u015fir.<\/strong><\/p>\n\n\n\n<p><strong>&nbsp;Bel\u0259 insanlardan biri d\u0259, Daxili \u0130\u015fl\u0259r &nbsp;Orqanlar\u0131nda \u00f6z d\u0259sti &nbsp;&nbsp;\u2013 x\u0259tti olan, y\u00fcks\u0259k pe\u015f\u0259karl\u0131\u011f\u0131, humanistliyi, ictimai i\u015fl\u0259rd\u0259 f\u0259dakarl\u0131q g\u00f6st\u0259n,&nbsp;&nbsp;&nbsp; dostlar\u0131na, yax\u0131nlar\u0131na isti m\u00fcnasb\u0259td\u0259 olan, &nbsp;hec k\u0259si &nbsp;\u00f6z\u00fcnd\u0259n incitm\u0259y\u0259n, xo\u015f r\u0259ftar\u0131 &nbsp;v\u0259 \u015firin dili il\u0259 &nbsp;h\u0259r k\u0259s\u0259 do\u011fmal\u0131q m\u00fcnasb\u0259ti yaradan, &nbsp;d\u0259qiqliyi, t\u0259mkinliyi, s\u0259mimiyy\u0259ti, d\u0259rin z\u0259kas\u0131 v\u0259 sad\u0259liyi il\u0259 se\u00e7il\u0259n \u00f6mr\u00fcn\u00fcn \u0259n m\u0259hsuldar (\u0259n yax\u015f\u0131) d\u00f6vr\u00fcn\u00fcn &nbsp;14 ild\u0259n \u00e7ox \u015f\u0259r\u0259fli xidm\u0259t yolunu h\u0259rbi xidm\u0259t d\u0259 v\u0259 daxili i\u015fl\u0259r orqanlar\u0131nda ke\u00e7ir\u0259n &nbsp;v\u0259 M\u00fcharib\u0259 Vetera n\u0131 ehtiyatda olan &nbsp;polis mayoru Novruz ov Rafiq &nbsp;H\u00fcseyin o\u011f ludur.Onun yanvar 10- d\u0259&nbsp;&nbsp; 52 ya\u015f\u0131 tamam olur. Bu g\u00fcn m\u00fcnasib\u0259til\u0259&nbsp; Az\u0259r baycan V\u0259t\u0259n M\u00fcha rib\u0259si Veteranlar\u0131 \u0130ctimai Birliyinin&nbsp; r\u0259hb\u0259rliyi, ehtiyatda olan&nbsp; polis mayoru &nbsp;Rafiq Novzovu t\u0259brik edir, ona h\u0259yatda insan \u00fc\u00e7\u00fcn \u0259n \u015firin nem\u0259t olan m\u00f6hk\u0259m&nbsp; can sa\u011fl\u0131\u011f\u0131, ail\u0259 s\u0259ad\u0259ti&nbsp; v\u0259 h\u0259yat yollarinda &nbsp;&nbsp;&nbsp;bitib -t\u00fck\u0259nm\u0259y\u0259n nailiyy\u0259 tl\u0259r arzulay\u0131r.&nbsp; Arzu edirik, Rafiqin ya\u015f \u0131n\u0131n \u00fcst\u0259 g\u0259l\u0259n bu ya\u015f ona sevinc dolu g\u00fcnl\u0259r b\u0259x\u015f etsin v\u0259 h\u0259r yeni ili is\u0259 \u00f6t\u0259n ill\u0259rd\u0259n daha g\u00f6z\u0259l, ist\u0259kl\u0259rin\u0259 uy\u011fun onu xo\u015fb\u0259xt ed\u0259c\u0259k \u015f\u0259kild\u0259 ke\u00e7sin.<\/strong><\/p>\n\n\n\n<p>\u00a0\u00a0\u00a0 \u00a0M\u00fcharib\u0259 Veteran\u0131 ehtiyatda olan \u00a0polis \u00a0mayoru Novruzov Rafiq H\u00fcseyin \u00a0o\u011flu 10 yanvar 1971-ci ild\u0259 \u015eahbuz \u00a0rayonunun Nurs\u00a0 k\u0259ndind\u0259 \u00a0z\u0259hm\u0259tke\u015f ail\u0259d\u0259 anadan olub.O,\u00a0 1987-ci ild\u0259\u00a0\u00a0 \u015eahbuz rayonunun\u00a0 Nurs\u00a0 k\u0259nd orta\u00a0 m\u0259kt\u0259bi ,2001 c\u00fc\u00a0 ild\u0259 is\u0259 Az\u0259rbaycan Respublikas\u0131n\u0131n Daxili \u00a0\u0130\u015fl\u0259r Nazirliyinin Polis Akademiyas\u0131n\u0131 \u00a0bitrib, Rafiq Novruzov Daxili \u0130\u015fl\u0259r Orqanlar\u0131nda \u00a0\u00a0xid m\u0259t etdiyi ill\u0259r \u0259rzind\u0259 D\u0130O- da \u00a0ke\u00e7iril\u0259n\u00a0 bir \u00e7ox metodiki- t\u0259lim- toplan\u0131\u015flarda, \u00a0x\u00fcsusi \u2013 taktiki t\u0259liml\u0259rd\u0259, komanda &#8212; q\u0259rargah m\u0259\u015fql\u0259rind\u0259, seminar v\u0259 konfraslarda f\u0259al i\u015ftirak edib. O,1989-1991 c\u00fc il m\u00fcdd\u0259tli h\u0259qiqi h\u0259rbi xidm\u0259td\u0259 olub.\u00a0 1991 \u2013 2004 cu ill\u0259rd\u0259 Daxili \u0130\u015fl\u0259r Nazirliyinin \u00a0\u015eahbuz  polis rayon \u015f\u00f6b\u0259sind\u0259 m\u00fcxt\u0259lif v\u0259zif\u0259l\u0259rd\u0259 V\u0259t\u0259n\u0259 D\u00f6vl\u0259t\u0259 v\u0259 Xalqa s\u0259daq\u0259tl\u0259 xidm\u0259t etmi\u015fdir.O, x\u0259st\u0259liyi il\u0259 \u0259laq\u0259dar Daxili \u0130\u015fl\u0259r\u00a0 Orqan\u0131ndan ehtiyata buraxl\u0131b.<\/p>\n\n\n\n<figure class=\"wp-block-image is-resized\"><img loading=\"lazy\" decoding=\"async\" src=\"https:\/\/e.mail.ru\/cgi-bin\/getattach?file=IMG-20230110-WA0001.jpg&amp;id=16733379570842289536%3B0%3B2&amp;mode=attachment&amp;project=cloud&amp;x-email=selimli.2022%40mail.ru\" alt=\"IMG-20230110-WA0001.jpg\" width=\"369\" height=\"405\"\/><\/figure>\n\n\n\n<p>&nbsp;&nbsp;&nbsp;&nbsp;&nbsp;&nbsp;&nbsp;&nbsp;&nbsp;&nbsp;&nbsp;&nbsp;&nbsp;&nbsp;O,Az\u0259rbaycan Respu blikas\u0131n\u0131n \u0259razi b\u00fct\u00f6v l\u00fcy\u00fc u\u011frunda ged\u0259n d\u00f6y\u00fc\u015fl\u0259rd\u0259 i\u015ftirak ed\u0259r\u0259,ona h\u0259val\u0259 edilmi\u015f v\u0259zif\u0259 v\u0259 tap\u015f\u0131r\u0131qlar\u0131n \u00f6hd\u0259sin-d\u0259n layiqinc\u0259 g\u0259lib. M\u00fcharib\u0259 Veteran\u0131d\u0131r Mayor Rafiq Novruzov D\u0130N-in Daxili \u0130\u015fl\u0259r Orqanlar\u0131nda xidm\u0259t etdiyi ill\u0259r \u0259rzind\u0259 \u00f6zun\u00fc u\u015faq vaxtlar\u0131n dan, g\u00f6z\u0259l ail\u0259 v\u0259 m\u0259kt\u0259b t\u0259rbiy\u0259si il\u0259 b\u00f6y\u00fcm\u00fc\u015f, \u0259xlaq\u0131 t\u0259rbi y\u0259si yerind\u0259 olan, nizam v\u0259 intizaml\u0131 polis zabiti &nbsp;k\u0131m\u0131 g\u00f6st\u0259rmi\u015fdir.O i\u015fl\u0259diyi &nbsp;, oxudu\u011fu&nbsp;&nbsp; orta&nbsp; m\u0259kt \u0259bd\u0259,polis akademiya s\u0131nda h\u0259mi\u015f\u0259 m\u00fcsb\u0259t m\u0259nada se\u00e7il\u0259r\u0259k, ba\u015fqalar\u0131 \u00fc\u00e7\u00fcn daimi n\u00fcmun\u0259 olmu\u015fdur.<\/p>\n\n\n\n<p>&nbsp;Rafiq Novruzov Daxili \u0130\u015fl\u0259r&nbsp; Orqanlar\u0131nda &nbsp;xidm\u0259t etdiyi ill\u0259r \u0259rzind\u0259, Az\u0259rbaycan Respublikas\u0131n\u0131n Kons titusiyas\u0131na v\u0259 qanun lar\u0131na \u0259m\u0259l etm\u0259kd\u0259, Polis And\u0131n, D\u0130N-in &nbsp;post \u2013 patrul xidm\u0259ti nizamnam\u0259sinin v\u0259 dig\u0259r h\u00fcquqi- normativ aktlar\u0131n&nbsp; t\u0259l\u0259bl\u0259rin\u0259, el\u0259cd\u0259 v\u0259zif\u0259 borclar-\u0131n\u0131n icrasna m\u0259suliy-y\u0259tl\u0259 yana\u015fm\u0131\u015f, qar \u015f\u0131ya qoyulmu\u015f&nbsp; xid m\u0259ti d\u00f6y\u00fc\u015f tap\u015f\u0131r\u0131qlar\u0131 m\u00fcv\u0259ff\u0259qiyy\u0259tl\u0259 yeri n\u0259 yetirilm\u0259si \u00fc\u00e7\u00fcn \u00f6z \u0259m\u0259yini \u0259sirg\u0259m\u0259mi\u015f, \u015f\u0259xsi n\u00fcmun\u0259si il\u0259&nbsp; bir cox&nbsp; polis \u0259m\u0259kda\u015fla r\u0131n\u0131 &nbsp;f\u0259dakar&nbsp; xidm\u0259t\u0259 ruhland\u0131rm\u0131\u015fd\u0131r.<\/p>\n\n\n\n<figure class=\"wp-block-image is-resized\"><img loading=\"lazy\" decoding=\"async\" src=\"https:\/\/e.mail.ru\/cgi-bin\/getattach?file=IMG-20230110-WA0002.jpg&amp;id=16733379570842289536%3B0%3B4&amp;mode=attachment&amp;project=cloud&amp;x-email=selimli.2022%40mail.ru\" alt=\"IMG-20230110-WA0002.jpg\" width=\"549\" height=\"580\"\/><\/figure>\n\n\n\n<p>&nbsp; O,Daxili \u0130\u015fl\u0259r Orqan lar\u0131nda &nbsp;xidm\u0259t etdiyi ill\u0259r \u0259rzind\u0259 \u00f6z\u00fcn\u00fc qorxmaz, s\u0259xav\u0259tli, insap\u0259rv\u0259r, \u0259liac\u0131q, z\u0259hm\u0259tke\u015f&nbsp; zabit kimi g\u00f6st\u0259rmi\u015fdir. O, ist\u0259r anadan oldu\u011fu v\u0259 ya\u015fad\u0131\u011f\u0131 \u0259razid\u0259, oxudu\u011fu orta v\u0259 ali t\u0259hsil m\u00fc\u0259sssis\u0259-l\u0259rind\u0259, ist\u0259rs\u0259d\u0259 xidm\u0259t etdiyi v\u0259 i\u015fl\u0259diyi kollektivl\u0259rd\u0259, dost -tan\u0131\u015f, qohum-\u0259qr\u0259ba aras\u0131nda \u00f6z\u00fcn\u0259 layiq h\u00f6rm\u0259t qazanm\u0131\u015fd\u0131r. O, bir cox \u015ferl\u0259rin m\u00fc\u0259lifidir.<\/p>\n\n\n\n<p>&nbsp;Az\u0259rbaycan Respub-likas\u0131nda ictimai qay dan\u0131n v\u0259 ictimai t\u0259hl\u00fck\u0259sizliyin qorun-masnda, \u015f\u0259h\u0259rd\u0259, ya\u015fay\u0131\u015f m\u0259nt\u0259q\u0259l\u0259rin d\u0259 ba\u015f vermi\u015f k\u00fctl\u0259vi ixti\u015fa\u015flar\u0131n qar\u015f\u0131s\u0131n\u0131n al\u0131nmas\u0131nda, m\u00fct\u0259\u015f\u0259k kil cinay\u0259tkarl\u0131\u011fa qar\u015f\u0131 m\u00fcbariz\u0259 d\u0259, qanun suz silahl\u0131 d\u0259st\u0259l\u0259rin axtar\u0131\u015f\u0131nda, z\u0259r\u0259rsiz l\u0259\u015fdiilm\u0259sind\u0259, f\u00f6vqa l\u0259d\u0259 v\u0259ziyy\u0259t zaman\u0131 h\u00fcquqi rejimin t\u0259min olunmas\u0131nda, d\u00f6vl\u0259tin \u0259razi b\u00fct\u00f6vl\u00fcy\u00fcn\u00fcn t\u0259min edilm\u0259sind\u0259 \u00fcz\u0259rin\u0259 d\u00fc\u015f\u0259n v\u0259zif\u0259 v\u0259 tap\u015f\u0131r\u0131qlar\u0131 m\u0259suliy y\u0259t v\u0259 \u015f\u0259r\u0259f hissi il\u0259&nbsp;&nbsp; yer\u0131n\u0259 yetirmi\u015fdir. Mayor Rafiq Novruzov xidm\u0259ti v\u0259zif\u0259l\u0259rinin icras\u0131 zaman\u0131 y\u00fcks\u0259k m\u0259n\u0259vi &#8212; doy\u00fcs&nbsp; keyfiy y\u0259tl\u0259ri g\u00f6st\u0259rdiyin\u0259&nbsp; v\u0259 n\u00fcmun\u0259vi xidm\u0259 tin\u0259 g\u00f6r\u0259,&nbsp; Daxili \u0130\u015fl\u0259r Nazirinin v\u0259 onun m\u00fcavinl\u0259rinin, \u015e\u0259h\u0259r v\u0259 rayon polis idar\u0259&nbsp; &nbsp;&nbsp;(\u015f\u00f6b\u0259) r\u0259isinin,polis akademiya r\u0259isinin m\u00fcvafiq \u0259mrl\u0259ri il\u0259 &nbsp;bir s\u0131ra Medalarla,&#187;\u018fla Xidm\u0259tl\u0259r\u0259 G\u00f6r\u0259&#187; d\u00f6\u015f, &nbsp;v\u0259 yubiley &nbsp;ni\u015fanlar\u0131 il\u0259 t\u0259ltif olunub,bir cox&nbsp; f\u0259xri f\u0259rmanlarla, qiy m\u0259tli h\u0259diyy\u0259l\u0259rl\u0259,pul m\u00fckafatlar\u0131il\u0259 &nbsp;m\u00fcka fatland\u0131rl\u0131b v\u0259 ona t\u0259\u015f\u0259kk\u00fcr elan edilib.<\/p>\n\n\n\n<p>&nbsp;&nbsp;&nbsp;&nbsp; <strong>DO\u011eUM G\u00dcN\u00dcN M\u00dcBAR\u018fK OLSUN. RAF\u0130Q B\u018fY.<\/strong><\/p>\n\n\n\n<p><strong>ALLAH H\u018fR ZAMAN Q\u018fLB\u0130N\u0130 SIXINTIDAN, B\u018fDB\u0130NL\u0130KD\u018fN QORUSUN!<\/strong><\/p>\n\n\n\n<p><strong>B\u00dcT\u00dcN ARZULARIN \u00c7\u0130N OLSUN!<\/strong><\/p>\n\n\n\n<p><strong>DA\u0130MA XO\u015eB\u018fXT YA\u015eA, \u00d6MR\u00dcN UZUN OLSUN!<\/strong><\/p>\n\n\n\n<p><strong>H\u018fM\u0130\u015e\u018f \u00dcZ\u00dcN G\u00dcLS\u00dcN, \u00dcR\u018fY\u0130N SEV\u0130NS\u0130N! Az\u0259rbaycan V\u0259t\u0259n M\u00fcharib\u0259si Veteran-lar\u0131 \u0130ctimai&nbsp; Birliyi s\u0259drinin h\u00fcquqi m\u0259s\u0259l\u0259l\u0259r \u00fczr\u0259 m\u00fcavini polkovnik Salman Musayev<\/strong><\/p>\n\n\n\n<figure class=\"wp-block-image\"><img decoding=\"async\" src=\"https:\/\/e.mail.ru\/cgi-bin\/getattach?file=IMG-20230108-WA0002.jpg&amp;id=16733379570842289536%3B0%3B3&amp;mode=attachment&amp;project=cloud&amp;x-email=selimli.2022%40mail.ru\" alt=\"IMG-20230108-WA0002.jpg\"\/><\/figure>\n\n\n\n<figure class=\"wp-block-image\"><img decoding=\"async\" src=\"https:\/\/e.mail.ru\/cgi-bin\/getattach?file=IMG-20230110-WA0003.jpg&amp;id=16733379570842289536%3B0%3B5&amp;mode=attachment&amp;project=cloud&amp;x-email=selimli.2022%40mail.ru\" alt=\"IMG-20230110-WA0003.jpg\"\/><\/figure>\n","protected":false},"excerpt":{"rendered":"<p>&nbsp;&nbsp;&nbsp;&nbsp; \u0130nsan \u00fc\u00e7\u00fcn \u0259n yaddaqalan&nbsp;&nbsp;&nbsp;&nbsp; &nbsp;g\u00fcnl\u0259r d\u0259n bir onun do\u011fum &nbsp;g\u00fcnd\u00fcr.Ya\u015f\u0131n \u00fcst\u0259 ya\u015f g\u0259ldikc\u0259 insan&#8230;<\/p>\n","protected":false},"author":3,"featured_media":0,"comment_status":"closed","ping_status":"closed","sticky":false,"template":"","format":"standard","meta":{"footnotes":""},"categories":[13],"tags":[],"class_list":["post-20185","post","type-post","status-publish","format-standard","hentry","category-tebrik"],"featured_image_urls":{"full":"","thumbnail":"","medium":"","medium_large":"","large":"","1536x1536":"","2048x2048":"","covernews-slider-full":"","covernews-slider-center":"","covernews-featured":"","covernews-medium":"","covernews-medium-square":""},"author_info":{"display_name":"Veteran.az","author_link":"https:\/\/veteran.az\/?author=3"},"category_info":"<a href=\"https:\/\/veteran.az\/?cat=13\" rel=\"category\">T\u0259brik<\/a>","tag_info":"T\u0259brik","comment_count":"0","_links":{"self":[{"href":"https:\/\/veteran.az\/index.php?rest_route=\/wp\/v2\/posts\/20185","targetHints":{"allow":["GET"]}}],"collection":[{"href":"https:\/\/veteran.az\/index.php?rest_route=\/wp\/v2\/posts"}],"about":[{"href":"https:\/\/veteran.az\/index.php?rest_route=\/wp\/v2\/types\/post"}],"author":[{"embeddable":true,"href":"https:\/\/veteran.az\/index.php?rest_route=\/wp\/v2\/users\/3"}],"replies":[{"embeddable":true,"href":"https:\/\/veteran.az\/index.php?rest_route=%2Fwp%2Fv2%2Fcomments&post=20185"}],"version-history":[{"count":4,"href":"https:\/\/veteran.az\/index.php?rest_route=\/wp\/v2\/posts\/20185\/revisions"}],"predecessor-version":[{"id":20199,"href":"https:\/\/veteran.az\/index.php?rest_route=\/wp\/v2\/posts\/20185\/revisions\/20199"}],"wp:attachment":[{"href":"https:\/\/veteran.az\/index.php?rest_route=%2Fwp%2Fv2%2Fmedia&parent=20185"}],"wp:term":[{"taxonomy":"category","embeddable":true,"href":"https:\/\/veteran.az\/index.php?rest_route=%2Fwp%2Fv2%2Fcategories&post=20185"},{"taxonomy":"post_tag","embeddable":true,"href":"https:\/\/veteran.az\/index.php?rest_route=%2Fwp%2Fv2%2Ftags&post=20185"}],"curies":[{"name":"wp","href":"https:\/\/api.w.org\/{rel}","templated":true}]}}