{"id":20095,"date":"2023-01-02T02:04:09","date_gmt":"2023-01-01T22:04:09","guid":{"rendered":"http:\/\/veteran.az\/?p=20095"},"modified":"2024-01-27T03:48:53","modified_gmt":"2024-01-26T23:48:53","slug":"s%c9%99r%c9%99fli-omur-yolu-polkovnik-r%c9%99c%c9%99b%c9%99li-m%c9%99mm%c9%99dov-74","status":"publish","type":"post","link":"https:\/\/veteran.az\/?p=20095","title":{"rendered":"\u015e\u0259r\u0259fli \u00d6m\u00fcr Yolu  Polkovnik R\u0259c\u0259b\u0259li  M\u0259mm\u0259dov &#8212; 74"},"content":{"rendered":"\n<p><strong>&nbsp;&nbsp;&nbsp; \u0130nsan \u00fc\u00e7\u00fcn \u0259n yadda qalan g\u00fcnl\u0259rd\u0259n biri onun do\u011fum g\u00fcn\u00fcd\u00fcr. Ya\u015f\u0131n\u0131n \u00fcst\u0259 ya\u015f qaland\u0131qca insan daha da kamill\u0259\u015fir. Bel\u0259&nbsp; insanlardan biri d\u0259 &nbsp;m\u00fcharib\u0259 Vetera-n\u0131,Az\u0259rbaycan &nbsp;V\u0259t\u0259n M\u00fcharib\u0259si Veteran-lar\u0131 \u0130ctimai Birliyinin&nbsp; \u00fczv\u00fc&nbsp; istefada olan polkovnik M\u0259mm\u0259d-ov &nbsp;R\u0259c\u0259b\u0259li \u018fli o\u011fludur. Yanvar &nbsp;ay\u0131n\u0131n 2 d\u0259 onun&nbsp; 74 (yetmi\u015f d\u00f6rd) ya\u015f\u0131 tamam olur.<\/strong><\/p>\n\n\n\n<p><strong>&nbsp;&nbsp;Polkovnik R\u0259c\u0259b\u0259li M\u0259mm\u0259dovun 74 ya\u015f\u0131n\u0131n tamam olmas\u0131 m\u00fcnasib\u0259til\u0259 Az\u0259r-baycan V\u0259t\u0259n M\u00fcharib\u0259si Veteran-lar\u0131 \u0130ctimai Birliyinin&nbsp; &nbsp;r\u0259hb\u0259rliyi, onu &nbsp;&nbsp;do\u011fum g\u00fcn\u00fc m\u00fcnasib\u0259til\u0259 s\u0259mimi q\u0259lbd\u0259n t\u0259brik edir,ona h\u0259yatda insan \u00fc\u00e7\u00fcn \u0259n \u015firin nem\u0259t olan m\u00f6hk\u0259m&nbsp; can sa\u011fl\u0131\u011f\u0131, ail\u0259 s\u0259ad\u0259ti v\u0259 h\u0259yat yollarinda bitib &#8212; t\u00fck\u0259nm\u0259y\u0259n nailiy-y\u0259tl\u0259r arzulay\u0131r.Arzu edirik, R\u0259c\u0259b\u0259linin ya\u015f\u0131n\u0131n \u00fcst\u0259 g\u0259l\u0259n bu ya\u015f ona sevinc dolu g\u00fcnl\u0259r b\u0259x\u015f etsin, h\u0259r yeni ili is\u0259 \u00f6t\u0259n ill\u0259rd\u0259n daha yax\u015f\u0131 onu xo\u015fb\u0259xt ed\u0259c\u0259k \u015f\u0259kild\u0259 kecsin.<\/strong><\/p>\n\n\n\n<p>&nbsp;M\u0259mm\u0259dov R\u0259c\u0259b\u0259li \u018fli o\u011flu&nbsp; 02 yanvar 1949-cu ild\u0259&nbsp; Nax\u00e7\u0131-van Muxtar Respub-likas\u0131n\u0131n Culfa rayonunda anadan olub.<\/p>\n\n\n\n<p>&nbsp;&nbsp;&nbsp; O, Nax\u00e7\u0131van Muxtar Respublikas\u0131n\u0131n Ordu-bad rayonunun Aza k\u0259nd orta m\u0259kt\u0259bni,Az\u0259r-baycan D\u00f6vl\u0259t Neft &#8212; Kimya \u0130nstitut-unu, Sankit-Peterburq ( Leniqrad) D\u00f6vl\u0259t Aqrar Metreologiya v\u0259 standarla\u015fd\u0131rma \u00dcnv-erstetini bitrib. \u00d6z ixtisas\u0131 \u00fczr\u0259 d\u0259rin bilikl\u0259r\u0259 v\u0259 elmi i\u015fl\u0259r\u0259 sahib oldu\u011funa g\u00f6r\u0259 o, m\u00fcvafiq qaydada&nbsp; elimi d\u0259r\u0259c\u0259y\u0259 malikdir.<\/p>\n\n\n\n<p>&nbsp;&nbsp;&nbsp; Az\u0259rbaycan V\u0259t\u0259n M\u00fcharib\u0259si Veteran-lar\u0131 \u0130ctimai Birliyin &nbsp;Bin\u0259-q\u0259di rayon \u015f\u00f6b\u0259sinin \u00fczv\u00fc&nbsp; istefada olan polkovnik M\u0259m-m\u0259dov R\u0259c\u0259b\u0259li \u018fli o\u011flu&nbsp; 1968-1970-ci ill\u0259rd\u0259 Sovet ordusu-nun Minski \u015f\u0259h\u0259rind\u0259 yerl\u0259\u015f\u0259n rabit\u0259 qo\u015fun-lar\u0131nda&nbsp; m\u00fcdd\u0259tli h\u0259qiqi h\u0259rbi xidm\u0259t\u0259 olub.<\/p>\n\n\n\n<p>&nbsp;&nbsp; Polkovnik R\u0259c\u0259b\u0259li M\u0259mm\u0259dov 1997-ci ilin aprel ay\u0131nda&nbsp; T\u00fcrkiy\u0259 C\u00fcmhuriyy\u0259tinin Jandarna Komandan\u0131n&nbsp; v\u0259 Polis Akademiyas\u0131n\u0131 d\u0259v\u0259ti il\u0259, Polis Akademiyas\u0131n\u0131n v\u0259 Jandarma Q\u00fcvv\u0259l\u0259rinin f\u0259aliyy\u0259ti il\u0259 yaxindan tami\u015f olmaq m\u0259qs\u0259dil\u0259&nbsp; Ankara, \u0130stanbul, \u0130zmir (Foce) \u015f\u0259h\u0259rl\u0259rind\u0259 i\u015fguzar s\u0259f\u0259rd\u0259 olmu\u015f-dur.<\/p>\n\n\n\n<p>\u00a0\u00a0\u00a0 O, 1972 &#8212; 1980 -ci ill\u0259rd\u0259 A\u011fac emal\u0131 mebel fabirikind\u0259 m\u00fcvafiq v\u0259zif\u0259d\u0259, 1980-1992-ci ill\u0259rd\u0259\u00a0 is\u0259 X\u0131rdalan \u015f\u0259h\u0259rind\u0259 Tikinti-T\u0259mir Qura\u015f-d\u0131rma idar\u0259sinin r\u0259isi v\u0259zif\u0259sind\u0259 i\u015fl\u0259yib.<\/p>\n\n\n\n<figure class=\"wp-block-image size-large\"><img decoding=\"async\" src=\"http:\/\/veteran.az\/wp-content\/uploads\/2023\/01\/\u0446\u0439.jpg\" alt=\"\" class=\"wp-image-20097\"\/><\/figure>\n\n\n\n<p>&nbsp;&nbsp; R\u0259c\u0259bli M\u0259mm\u0259dov 1993-c\u00fc ilin yanvar ayindan &#8212; 2004-c\u00fc ilin dekabr ay\u0131na kimi Daxili \u0130\u015fl\u0259r Nazirliyinin Daxili Qo\u015funlar\u0131n Ba\u015f \u0130dar\u0259sinin&nbsp; ilk T\u0259mir-Tikinti \u015f\u00f6b\u0259sinin r\u0259isi,&nbsp; Daxili Qo\u015funlar Komandan\u0131n m\u00fcavini-T\u0259mir tikinti idar\u0259sinin r\u0259isi v\u0259zif\u0259l\u0259rind\u0259 V\u0259t\u0259n\u0259, D\u00f6vl\u0259t\u0259 v\u0259 Xalqa s\u0259daq\u0259tl\u0259 xidm\u0259t etmi\u015fdir.<\/p>\n\n\n\n<p>&nbsp;&nbsp; O,Daxili Qo\u015funlarda xidm\u0259t etdiyi ill\u0259r \u0259rzind\u0259 \u00f6zun\u00fc u\u015faq vaxtlar\u0131ndan, g\u00f6z\u0259l ail\u0259 v\u0259 m\u0259kt\u0259b t\u0259rbiy\u0259si il\u0259 b\u00f6y\u00fcm\u00fc\u015f, \u0259xlaq\u0131 t\u0259rbiy\u0259si yerind\u0259 olan, nizam v\u0259 intizaml\u0131 h\u0259rbi\u00e7i kimi g\u00f6st\u0259rmi\u015fdir.O i\u015fl\u0259diyi v\u0259 oxudu\u011fu&nbsp;&nbsp; t\u0259hsil m\u00fc\u0259ssis\u0259l\u0259rind\u0259, ya\u015fa-d\u0131\u011f\u0131 \u0259razid\u0259&nbsp; kollektiv aras\u0131nda h\u0259mi\u015f\u0259 m\u00fcsb\u0259t m\u0259nada se\u00e7il\u0259r\u0259k, ba\u015f-qalar\u0131 \u00fc\u00e7\u00fcn&nbsp; n\u00fcmun\u0259 olmu\u015fdur.<\/p>\n\n\n\n<p>&nbsp;&nbsp;&nbsp; Polkovnik R\u0259c\u0259b\u0259li \u018fli o\u011flu M\u0259mm\u0259dov Daxili Qo\u015funlarda xidm\u0259t etdiyi ill\u0259r \u0259rzind\u0259 \u00f6z\u00fcn\u00fc qorxmaz, s\u0259xav\u0259tli, insap\u0259rv\u0259r, \u0259lia\u00e7\u0131q, z\u0259hm\u0259tke\u015f&nbsp; zabit kimi g\u00f6st\u0259rmi\u015fdir. O, ist\u0259r anadan oldu\u011fu v\u0259 ya\u015fad\u0131\u011f\u0131 \u0259razid\u0259, oxu-du\u011fu orta v\u0259 ali t\u0259hsil m\u00fc\u0259s\u0259l\u0259rind\u0259, ist\u0259rs\u0259 d\u0259 xidm\u0259t etdiyi v\u0259 i\u015fl\u0259diyi kollektivl\u0259rd\u0259, dost-tan\u0131\u015f ,qohum-\u0259qr\u0259ba aras\u0131nda \u00f6z\u00fcn\u0259 layiq h\u00f6rm\u0259t qazanm\u0131\u015fd\u0131r.<\/p>\n\n\n\n<p>&nbsp;&nbsp; M\u00fcst\u0259qil Az\u0259rbay-can\u0131n Daxili \u0130\u015fl\u0259r Nazirliyinin&nbsp; Daxili Qo\u015funlar\u0131nda xidm\u0259t etdiyi ill\u0259r \u0259rzind\u0259, Az\u0259rbaycan Respub-likas\u0131n\u0131n Konstitusi-yas\u0131na v\u0259 qanunlar\u0131na \u0259m\u0259l etm\u0259kd\u0259, h\u0259rbi and\u0131n,&nbsp; h\u0259rbi nizamna-m\u0259l\u0259rin v\u0259 dig\u0259r h\u00fcquqi- normativ aktlar\u0131n&nbsp; t\u0259l\u0259b-l\u0259rin\u0259, el\u0259c\u0259 d\u0259 v\u0259zif\u0259 borclar\u0131n\u0131n icrasna m\u0259suliyy\u0259tl\u0259 yana\u015fm\u0131\u015f, qar\u015f\u0131ya qoyu-lmu\u015f&nbsp; xidm\u0259ti&nbsp; tap\u015f\u0131r\u0131q-lar\u0131 m\u00fcv\u0259ff\u0259qiyy\u0259tl\u0259 yerin\u0259 yetirilm\u0259si \u00fc\u00e7\u00fcn \u00f6z \u0259m\u0259yini \u0259sirg\u0259-m\u0259mi\u015f, \u015f\u0259xsi n\u00fcmun-\u0259si il\u0259&nbsp; bir cox&nbsp; h\u0259rbi qulluq\u00e7ular\u0131 f\u0259dakar h\u0259rbi xidm\u0259t\u0259 ruhland\u0131rm\u0131\u015fd\u0131r.<\/p>\n\n\n\n<p>&nbsp;&nbsp;&nbsp; O,&nbsp; Az\u0259rbaycan\u0131n \u0259razi b\u00fct\u00f6vl\u00fcy\u00fc u\u011frun-da ged\u0259n&nbsp; d\u00f6y\u00fc\u015fl\u0259rd\u0259 i\u015ftirak edib.M\u00fcharib\u0259 Veterand\u0131r .<\/p>\n\n\n\n<p>&nbsp;&nbsp; R\u0259c\u0259bli M\u0259mm\u0259dov Az\u0259rbaycan Respub-likas\u0131n\u0131nda ictimai qaydan\u0131n v\u0259 ictimai t\u0259hl\u00fck\u0259sizliyin qorun-masnda \u015f\u0259h\u0259rd\u0259, ya\u015fay\u0131\u015f m\u0259nt\u0259q\u0259-l\u0259rind\u0259, c\u0259za\u00e7\u0259km\u0259 m\u00fc\u0259ssis\u0259l\u0259rind\u0259 ba\u015f vermi\u015f ixt\u015fa\u015flar\u0131n qar\u015f\u0131s\u0131n\u0131n al\u0131nmas\u0131n-da, f\u00f6vqalad\u0259 v\u0259ziyy\u0259t zaman\u0131 h\u00fcquqi rejim t\u0259dbirl\u0259rinin h\u0259yata ke\u00e7irilm\u0259sid\u0259 , d\u00f6vl\u0259t-in \u0259razi b\u00fct\u00f6vl\u00fcy\u00fcn\u00fcn t\u0259min edilm\u0259sind\u0259&nbsp; \u00fcz\u0259rin\u0259 d\u00fc\u015f\u0259n v\u0259zif\u0259 v\u0259 tap\u015f\u0131r\u0131qlar\u0131n \u00f6hd\u0259-sind\u0259n layiqinc\u0259 g\u0259lmi\u015fdir .<\/p>\n\n\n\n<p>\u00a0\u00a0\u00a0\u00a0 Polkovnik R\u0259c\u0259b\u0259li M\u0259mm\u0259dov\u00a0 Daxili Qo\u015funlarda xidm\u0259t etdiyi ill\u0259r \u0259rzind\u0259\u00a0 Xidm\u0259ti v\u0259zif\u0259l\u0259rinin icras\u0131 zaman\u0131 y\u00fcks\u0259k m\u0259n\u0259vi d\u00f6y\u00fc\u015f keyfiy-y\u0259tl\u0259ri g\u00f6st\u0259rdiyin\u0259 g\u00f6r\u0259, d\u00f6y\u00fc\u015f v\u0259 ictimai siyasi haz\u0131rl\u0131\u011f\u0131nda, h\u0259rbi intizam\u0131n m\u00f6hk\u0259ml\u0259ndirilm\u0259sind\u0259 y\u00fcks\u0259k g\u00f6st\u0259ricil\u0259r\u0259 nail oldu\u011funa v\u0259 n\u00fcmun\u0259vi xidm\u0259tin\u0259 g\u00f6r\u0259 Daxili \u0130\u015fl\u0259r Nazirinin v\u0259 Daxili Qosunlar komanda-n\u0131n\u0131n m\u00fcvafiq \u0259mrl\u0259ri\u00a0\u00a0\u00a0\u00a0 &#171;\u018fla Xidm\u0259tl\u0259r\u0259 G\u00f6r\u0259\u201d d\u00f6\u015f v\u0259 yubiley ni\u015fanlar\u0131 il\u0259, f\u0259xri f\u0259rmanlarla, qiym\u0259tli h\u0259diyy\u0259l\u0259rl\u0259 m\u00fckafatland\u0131rl\u0131b, m\u00fckafat qaydas\u0131nda vaxt\u0131ndan \u0259vv\u0259l h\u0259rbi r\u00fctb\u0259l\u0259r verlib v\u0259 ona t\u0259\u015f\u0259kk\u00fcr elan edilib .<\/p>\n\n\n\n<figure class=\"wp-block-image size-large is-resized\"><img loading=\"lazy\" decoding=\"async\" src=\"http:\/\/veteran.az\/wp-content\/uploads\/2023\/01\/\u0437\u0445-576x1024.jpg\" alt=\"\" class=\"wp-image-20098\" width=\"443\" height=\"787\"\/><\/figure>\n\n\n\n<p>&nbsp;&nbsp;&nbsp; Avmvib Bin\u0259q\u0259di rayon \u015f\u00f6b\u0259sinin \u00fczv\u00fc M\u00fcharib\u0259 Veteran\u0131&nbsp;&nbsp; istefada olan polkov-nik R\u0259c\u0259b\u0259li M\u0259mm\u0259-dov Avmvib-nin idar\u0259 hey\u0259tinin q\u0259rar\u0131na \u0259sas\u0259n &#171;M\u00fcharib\u0259 Veteran\u0131 &#171;, &#171;Avmvib- nin&nbsp; 25- illiyi ,Az\u0259rbaycan Ordu-sunun&#187; i\u015f\u0259&nbsp; 100-illiyi&nbsp; xatir\u0259 medallar\u0131 il\u0259 t\u0259ltif edilib.<\/p>\n\n\n\n<p><strong>DO\u011eUM G\u00dcN\u00dcN M\u00dcBAR\u018fK &nbsp;OLSUN.<\/strong><\/p>\n\n\n\n<p><strong>R\u018fC\u018fB\u018fL\u0130&nbsp;&nbsp; &nbsp;&nbsp;&nbsp;&nbsp;&nbsp;M\u00dc\u018fLL\u0130M!<\/strong><\/p>\n\n\n\n<p><strong>G\u00dcN\u018f\u015e Q\u018fD\u018fR \u0130ST\u0130.QAR D\u018fN\u018fS\u0130 Q\u018fD\u018fR SAF V\u018f T\u018fM\u0130Z B\u0130R D\u0130L\u018fY\u0130L\u018f. AD G\u00dcN\u00dcN M\u00dcBAR\u018fK OLSUN.<\/strong><\/p>\n\n\n\n<p><strong>D\u0259rin h\u00f6rm\u0259tl\u0259: Az\u0259rbaycan V\u0259t\u0259n M\u00fcharib\u0259si Veteranlar\u0131 \u0130ctimai Birliyi s\u0259drinin h\u00fcquq i\u015fl\u0259r \u00fczr\u0259 m\u00fcavini polkovnik Salman Musayev<\/strong><\/p>\n","protected":false},"excerpt":{"rendered":"<p>&nbsp;&nbsp;&nbsp; \u0130nsan \u00fc\u00e7\u00fcn \u0259n yadda qalan g\u00fcnl\u0259rd\u0259n biri onun do\u011fum g\u00fcn\u00fcd\u00fcr. Ya\u015f\u0131n\u0131n \u00fcst\u0259 ya\u015f qaland\u0131qca&#8230;<\/p>\n","protected":false},"author":3,"featured_media":0,"comment_status":"closed","ping_status":"closed","sticky":false,"template":"","format":"standard","meta":{"footnotes":""},"categories":[13],"tags":[],"class_list":["post-20095","post","type-post","status-publish","format-standard","hentry","category-tebrik"],"featured_image_urls":{"full":"","thumbnail":"","medium":"","medium_large":"","large":"","1536x1536":"","2048x2048":"","covernews-slider-full":"","covernews-slider-center":"","covernews-featured":"","covernews-medium":"","covernews-medium-square":""},"author_info":{"display_name":"Veteran.az","author_link":"https:\/\/veteran.az\/?author=3"},"category_info":"<a href=\"https:\/\/veteran.az\/?cat=13\" rel=\"category\">T\u0259brik<\/a>","tag_info":"T\u0259brik","comment_count":"0","_links":{"self":[{"href":"https:\/\/veteran.az\/index.php?rest_route=\/wp\/v2\/posts\/20095","targetHints":{"allow":["GET"]}}],"collection":[{"href":"https:\/\/veteran.az\/index.php?rest_route=\/wp\/v2\/posts"}],"about":[{"href":"https:\/\/veteran.az\/index.php?rest_route=\/wp\/v2\/types\/post"}],"author":[{"embeddable":true,"href":"https:\/\/veteran.az\/index.php?rest_route=\/wp\/v2\/users\/3"}],"replies":[{"embeddable":true,"href":"https:\/\/veteran.az\/index.php?rest_route=%2Fwp%2Fv2%2Fcomments&post=20095"}],"version-history":[{"count":1,"href":"https:\/\/veteran.az\/index.php?rest_route=\/wp\/v2\/posts\/20095\/revisions"}],"predecessor-version":[{"id":20099,"href":"https:\/\/veteran.az\/index.php?rest_route=\/wp\/v2\/posts\/20095\/revisions\/20099"}],"wp:attachment":[{"href":"https:\/\/veteran.az\/index.php?rest_route=%2Fwp%2Fv2%2Fmedia&parent=20095"}],"wp:term":[{"taxonomy":"category","embeddable":true,"href":"https:\/\/veteran.az\/index.php?rest_route=%2Fwp%2Fv2%2Fcategories&post=20095"},{"taxonomy":"post_tag","embeddable":true,"href":"https:\/\/veteran.az\/index.php?rest_route=%2Fwp%2Fv2%2Ftags&post=20095"}],"curies":[{"name":"wp","href":"https:\/\/api.w.org\/{rel}","templated":true}]}}