{"id":2008,"date":"2019-10-20T10:34:22","date_gmt":"2019-10-20T06:34:22","guid":{"rendered":"http:\/\/veteran.az\/?p=2008"},"modified":"2019-11-03T22:51:23","modified_gmt":"2019-11-03T18:51:23","slug":"n%c9%99sill%c9%99r-arasinda-korpu-olan-savas-video","status":"publish","type":"post","link":"https:\/\/veteran.az\/?p=2008","title":{"rendered":"N\u0259sill\u0259r aras\u0131nda k\u00f6rp\u00fc olan sava\u015f &#8212; V\u0130DEO"},"content":{"rendered":"\n<p>AVMV\u0130B N\u0259simi v\u0259 Suraxan\u0131 rayon \u015f\u00f6b\u0259l\u0259ri birg\u0259 t\u0259dbir ke\u00e7iribl\u0259r.<\/p>\n\n\n\n<p>Onlar \u0130kinci D\u00fcnya m\u00fcharib\u0259sinin i\u015ftirak\u00e7\u0131s\u0131, 94 ya\u015fl\u0131 veteran H\u00fcseynov C\u0259nn\u0259t \u018fli o\u011flunu evind\u0259 ziyar\u0259t edibl\u0259r. M\u00fcharib\u0259 veteran\u0131 C\u0259nn\u0259t H\u00fcseynov, Az\u0259rbaycan V\u0259t\u0259n M\u00fcharib\u0259si Veteranlar\u0131 \u0130ctimai Birliyiinin F\u0259xri F\u0259rman\u0131 il\u0259 t\u0259ltif olunub.<\/p>\n\n\n\n<p>\u00c7ay s\u00fcfr\u0259si arxas\u0131nda veteranlar s\u0259mimi s\u00f6hb\u0259tl\u0259r edibl\u0259r.<\/p>\n\n\n\n<p>\u0130kinci D\u00fcnya m\u00fcharib\u0259sinin veteran\u0131 C\u0259nn\u0259t \u018fli o\u011flu H\u00fcseynov, 1925-ci ild\u0259 Q\u0259rbi Az\u0259rbaycan\u0131n A\u011fbaba mahal\u0131n\u0131n Yeni yol k\u0259ndind\u0259 anadan olub.<\/p>\n\n\n\n<p>1944-c\u00fc ild\u0259 C\u0259nn\u0259t H\u00fcseynov 19 ya\u015f\u0131nda m\u00fcharib\u0259y\u0259 \u00e7a\u011fr\u0131l\u0131b. D\u00f6y\u00fc\u015f yolu Qori \u015f\u0259h\u0259rind\u0259n ba\u015flay\u0131b. O, Berlin \u015f\u0259h\u0259ri u\u011frunda ged\u0259n d\u00f6y\u00fc\u015fl\u0259rd\u0259 f\u0259al i\u015ftirak edib. Bir \u00e7ox orden v\u0259 medallarla t\u0259ltif olunub. Veteran d\u00f6vl\u0259timizin v\u0259 \u015f\u0259xs\u0259n Ali Ba\u015f Komandan \u0130lham \u018fliyevin veteranlara g\u00f6st\u0259rdiyi qay\u011f\u0131dan geni\u015f dan\u0131\u015fd\u0131 v\u0259 raz\u0131l\u0131\u011f\u0131n\u0131 bildirdi.<\/p>\n\n\n\n<p>Birinci Qaraba\u011f m\u00fcharib\u0259si veteranlar\u0131 il\u0259 \u0130kinci D\u00fcnya m\u00fcharib\u0259si veteran\u0131n\u0131 birl\u0259\u015fdir\u0259n sava\u015f m\u00f6vzusu idi. N\u0259sill\u0259r aras\u0131nda k\u00f6rp\u00fc olan m\u00fcharib\u0259nin a\u011fr\u0131-ac\u0131lar\u0131n\u0131 ya\u015fam\u0131\u015f insanlar bir-birin\u0259 b\u0259nz\u0259yirdil\u0259r. \u00c7oxlar\u0131 m\u00fcharib\u0259l\u0259ri l\u0259n\u0259tl\u0259yir, amma \u0259n m\u00fcq\u0259dd\u0259s say\u0131lan V\u0259t\u0259n torpa\u011f\u0131n\u0131 qoruma\u011f\u0131n t\u0259k yolu da m\u00fcharib\u0259dir.<\/p>\n\n\n\n<p>G\u00f6r\u00fc\u015fd\u0259 M\u00fcharib\u0259 veteranlar\u0131 Elmar H\u00fcseynov, Eldar R\u00fcst\u0259mov, \u015e\u0259msi H\u00fcseynov, Adil B\u0259dirxanov, ail\u0259 \u00fczvl\u0259ri, n\u0259v\u0259l\u0259ri, o\u011flu Ziya H\u00fcseynov i\u015ftirak edirdil\u0259r.<\/p>\n\n\n\n<p>Xat\u0131rladaq ki, qocaman m\u00fcharib\u0259 veteran\u0131 C\u0259nn\u0259t H\u00fcseynovun n\u0259v\u0259si Nahid Rahid o\u011flu H\u00fcseynov babas\u0131n\u0131n yoluyla ged\u0259r\u0259k, h\u0259rb\u00e7i olub. Haz\u0131rda mayor r\u00fctb\u0259sind\u0259 xidm\u0259td\u0259dir.<\/p>\n\n\n\n<p>M\u00fcharib\u0259 veteran\u0131, 94 ya\u015fl\u0131 C\u0259nn\u0259t H\u00fcseynova can sa\u011fl\u0131\u011f\u0131 arzulayaraq ayr\u0131l\u0131r\u0131q. Bu qalib \u0259sg\u0259rl\u0259 qalib \u0259sg\u0259r kimi bir daha g\u00f6r\u00fc\u015fm\u0259k \u00fcmidiyl\u0259&#8230;<\/p>\n\n\n\n<p>Nurlan M\u0259mm\u0259dli<br>Elnur S\u0259lim<\/p>\n\n\n\n<figure class=\"wp-block-embed-youtube wp-block-embed is-type-video is-provider-youtube wp-embed-aspect-4-3 wp-has-aspect-ratio\"><div class=\"wp-block-embed__wrapper\">\n<iframe loading=\"lazy\" title=\"M\u00dcHAR\u0130B\u018f ADAMLARI\" width=\"640\" height=\"360\" src=\"https:\/\/www.youtube.com\/embed\/vXH4Kuo7vRU?feature=oembed\" frameborder=\"0\" allow=\"accelerometer; autoplay; clipboard-write; encrypted-media; gyroscope; picture-in-picture; web-share\" referrerpolicy=\"strict-origin-when-cross-origin\" allowfullscreen><\/iframe>\n<\/div><figcaption>N\u018fS\u0130LL\u018fR\u0130N G\u00d6R\u00dc\u015e\u00dc&#8230;<\/figcaption><\/figure>\n","protected":false},"excerpt":{"rendered":"<p>AVMV\u0130B N\u0259simi v\u0259 Suraxan\u0131 rayon \u015f\u00f6b\u0259l\u0259ri birg\u0259 t\u0259dbir ke\u00e7iribl\u0259r. Onlar \u0130kinci D\u00fcnya m\u00fcharib\u0259sinin i\u015ftirak\u00e7\u0131s\u0131, 94&#8230;<\/p>\n","protected":false},"author":3,"featured_media":2009,"comment_status":"closed","ping_status":"closed","sticky":false,"template":"","format":"standard","meta":{"footnotes":""},"categories":[12],"tags":[],"class_list":["post-2008","post","type-post","status-publish","format-standard","has-post-thumbnail","hentry","category-veteran"],"featured_image_urls":{"full":["https:\/\/veteran.az\/wp-content\/uploads\/2019\/10\/1w-8.jpg",960,720,false],"thumbnail":["https:\/\/veteran.az\/wp-content\/uploads\/2019\/10\/1w-8-150x150.jpg",150,150,true],"medium":["https:\/\/veteran.az\/wp-content\/uploads\/2019\/10\/1w-8-300x225.jpg",300,225,true],"medium_large":["https:\/\/veteran.az\/wp-content\/uploads\/2019\/10\/1w-8-768x576.jpg",640,480,true],"large":["https:\/\/veteran.az\/wp-content\/uploads\/2019\/10\/1w-8.jpg",640,480,false],"1536x1536":["https:\/\/veteran.az\/wp-content\/uploads\/2019\/10\/1w-8.jpg",960,720,false],"2048x2048":["https:\/\/veteran.az\/wp-content\/uploads\/2019\/10\/1w-8.jpg",960,720,false],"covernews-slider-full":["https:\/\/veteran.az\/wp-content\/uploads\/2019\/10\/1w-8.jpg",953,715,false],"covernews-slider-center":["https:\/\/veteran.az\/wp-content\/uploads\/2019\/10\/1w-8-936x720.jpg",650,500,true],"covernews-featured":["https:\/\/veteran.az\/wp-content\/uploads\/2019\/10\/1w-8.jpg",960,720,false],"covernews-medium":["https:\/\/veteran.az\/wp-content\/uploads\/2019\/10\/1w-8-720x380.jpg",540,285,true],"covernews-medium-square":["https:\/\/veteran.az\/wp-content\/uploads\/2019\/10\/1w-8-675x450.jpg",375,250,true]},"author_info":{"display_name":"Veteran.az","author_link":"https:\/\/veteran.az\/?author=3"},"category_info":"<a href=\"https:\/\/veteran.az\/?cat=12\" rel=\"category\">Veteran d\u00fcnyas\u0131<\/a>","tag_info":"Veteran d\u00fcnyas\u0131","comment_count":"0","_links":{"self":[{"href":"https:\/\/veteran.az\/index.php?rest_route=\/wp\/v2\/posts\/2008","targetHints":{"allow":["GET"]}}],"collection":[{"href":"https:\/\/veteran.az\/index.php?rest_route=\/wp\/v2\/posts"}],"about":[{"href":"https:\/\/veteran.az\/index.php?rest_route=\/wp\/v2\/types\/post"}],"author":[{"embeddable":true,"href":"https:\/\/veteran.az\/index.php?rest_route=\/wp\/v2\/users\/3"}],"replies":[{"embeddable":true,"href":"https:\/\/veteran.az\/index.php?rest_route=%2Fwp%2Fv2%2Fcomments&post=2008"}],"version-history":[{"count":1,"href":"https:\/\/veteran.az\/index.php?rest_route=\/wp\/v2\/posts\/2008\/revisions"}],"predecessor-version":[{"id":2010,"href":"https:\/\/veteran.az\/index.php?rest_route=\/wp\/v2\/posts\/2008\/revisions\/2010"}],"wp:featuredmedia":[{"embeddable":true,"href":"https:\/\/veteran.az\/index.php?rest_route=\/wp\/v2\/media\/2009"}],"wp:attachment":[{"href":"https:\/\/veteran.az\/index.php?rest_route=%2Fwp%2Fv2%2Fmedia&parent=2008"}],"wp:term":[{"taxonomy":"category","embeddable":true,"href":"https:\/\/veteran.az\/index.php?rest_route=%2Fwp%2Fv2%2Fcategories&post=2008"},{"taxonomy":"post_tag","embeddable":true,"href":"https:\/\/veteran.az\/index.php?rest_route=%2Fwp%2Fv2%2Ftags&post=2008"}],"curies":[{"name":"wp","href":"https:\/\/api.w.org\/{rel}","templated":true}]}}