{"id":20077,"date":"2022-12-31T15:23:15","date_gmt":"2022-12-31T11:23:15","guid":{"rendered":"http:\/\/veteran.az\/?p=20077"},"modified":"2023-01-01T08:51:55","modified_gmt":"2023-01-01T04:51:55","slug":"dunya-az%c9%99rbaycanlilarinin-h%c9%99mr%c9%99yliyi-gunu-v%c9%99-yeni-il-bayrami-munasib%c9%99til%c9%99-az%c9%99rbaycan-xalqini-t%c9%99brik-edirik","status":"publish","type":"post","link":"https:\/\/veteran.az\/?p=20077","title":{"rendered":"D\u00fcnya Az\u0259rbaycanl\u0131lar\u0131n\u0131n H\u0259mr\u0259yliyi G\u00fcn\u00fc v\u0259 Yeni il bayram\u0131 m\u00fcnasib\u0259til\u0259 Az\u0259rbaycan xalq\u0131n\u0131 t\u0259brik edirik!"},"content":{"rendered":"\n<p>Bu g\u00fcn- 31 dekabr Az\u0259rbaycan xalq\u0131n\u0131n tarixind\u0259 \u0259n yadda qalan, \u0259n \u015f\u0259r\u0259fli g\u00fcnl\u0259rd\u0259n biri \u2013 D\u00fcnya Az\u0259rbaycanl\u0131lar\u0131n\u0131n H\u0259mr\u0259yliyi G\u00fcn\u00fcd\u00fcr.<\/p>\n\n\n\n<p>&nbsp; D\u00fcnya Az\u0259rbaycan-l\u0131lar\u0131n\u0131n H\u0259mr\u0259yliyi G\u00fcn\u00fcn\u00fcn \u0259sas\u0131 1989-cu il dekabr\u0131n sonlar\u0131nda Nax\u00e7\u0131vanda s\u0259rh\u0259dl\u0259rin (SSR\u0130-\u0130ran s\u0259rh\u0259dl\u0259ri) a\u00e7\u0131lmas\u0131 zaman\u0131 qoyulub. 1991-ci ilin 16 dekabr\u0131nda Nax\u00e7\u0131van Muxtar Respublikas\u0131 Ali M\u0259clisinin s\u0259dri Heyd\u0259r \u018fliyev d\u00fcnya az\u0259rbaycanl\u0131lar\u0131n\u0131n birliyini yaratma\u011f\u0131n \u0259h\u0259miyy\u0259tini n\u0259z\u0259r\u0259 alaraq dekabr\u0131n 31-ni D\u00fcnya Az\u0259rbay-canl\u0131lar\u0131n\u0131n H\u0259mr\u0259ylik G\u00fcn\u00fc elan etdi. D\u00fcnya Az\u0259rbaycanl\u0131lar\u0131n\u0131n H\u0259mr\u0259ylik G\u00fcn\u00fcn\u00fcn qeyd edilm\u0259si art\u0131q b\u00fct\u00fcn d\u00fcnya az\u0259rbaycanl\u0131lar\u0131 \u00fc\u00e7\u00fcn z\u0259rur\u0259t\u0259 v\u0259 m\u0259n\u0259vi ehtiyaca \u00e7evrilib. Ayr\u0131-ayr\u0131 \u00f6lk\u0259l\u0259rd\u0259 ya\u015fayan az\u0259rbaycanl\u0131larla \u0259laq\u0259l\u0259r qurmaq, onlar aras\u0131nda birlik v\u0259 h\u0259mr\u0259ylik yaratmaq i\u015find\u0259 bu g\u00fcn m\u00fch\u00fcm rol oynay\u0131r.<\/p>\n\n\n\n<p>&nbsp;&nbsp; Art\u0131q bir nec\u0259 ildir ki, Milli H\u0259mr\u0259ylik G\u00fcn\u00fc tamamil\u0259 f\u0259rqli, daha y\u00fcks\u0259k \u0259hvali-ruhiyy\u0259 il\u0259 qar\u015f\u0131lan\u0131r. \u00c7\u00fcnki torpaqlar\u0131m\u0131z\u0131n i\u015f\u011faldan azad olunmas\u0131 h\u0259m d\u0259 milli h\u0259mr\u0259ylimizin t\u0259nt\u0259-n\u0259si, xalq\u0131m\u0131z\u0131n \u00f6z r\u0259hb\u0259ri \u0259traf\u0131nda s\u0131x birl\u0259\u015fm\u0259sinin t\u0259c\u0259ss\u00fcm\u00fc oldu. 2020-ci il sentyabr\u0131n 27-d\u0259 Erm\u0259nistan\u0131n \u00f6lk\u0259miz\u0259 qar\u015f\u0131 t\u00f6r\u0259tdiyi h\u0259rbi t\u0259cav\u00fcz\u0259 cavab olaraq Az\u0259rbaycan xalq\u0131 Ali Ba\u015f Komandan, Prezident \u0130lham \u018fliyevin \u00e7a\u011f\u0131r\u0131\u015f\u0131 il\u0259 V\u0259t\u0259n m\u00fcharib\u0259sin\u0259 qalxd\u0131. M\u00fcz\u0259ff\u0259r Az\u0259rbaycan Ordusu h\u0259r an\u0131 q\u0259hr\u0259manl\u0131qlarla dolu 44 g\u00fcn \u0259rzind\u0259 d\u00fc\u015fm\u0259ni a\u011f\u0131r m\u0259\u011flubiyy\u0259t\u0259 u\u011fratd\u0131 v\u0259 \u00f6lk\u0259mizin \u0259razi b\u00fct\u00f6vl\u00fcy\u00fcn\u00fc b\u0259rpa etdi. Milli d\u00f6vl\u0259t\u00e7ilik tariximizd\u0259 v\u0259 xalq\u0131m\u0131z\u0131n yadda\u015f\u0131nda \u0259b\u0259di ya\u015fayacaq \u015fanl\u0131 Z\u0259f\u0259r xalq-iqtidar birliyi, ordumuzun y\u00fcks\u0259k pe\u015f\u0259karl\u0131\u011f\u0131 v\u0259 g\u0259rgin siyasi-diplomatik f\u0259aliyy\u0259ti say\u0259sind\u0259 \u0259ld\u0259 edildi. V\u0259t\u0259n m\u00fcharib\u0259sind\u0259 d\u00fcnyan\u0131n b\u00fct\u00fcn \u00f6lk\u0259l\u0259rind\u0259 ya\u015fayan az\u0259rbaycanl\u0131lar da y\u00fcks\u0259k d\u0259r\u0259c\u0259d\u0259 f\u0259all\u0131q g\u00f6st\u0259rdil\u0259r, daha s\u0131x birl\u0259\u015fdil\u0259r. V\u0259t\u0259n m\u00fcharib\u0259si zaman\u0131 xaricd\u0259 ya\u015fayan soyda\u015flarm\u0131z\u0131n d\u00fc\u015fm\u0259nin m\u0259krli t\u0259xribatlar\u0131na qar\u015f\u0131 etirazlar\u0131, Az\u0259rbaycan h\u0259qiq\u0259tl\u0259rinin d\u00fcnya ictimaiyy\u0259tin\u0259 \u00e7atd\u0131r\u0131lmas\u0131 i\u015find\u0259 f\u0259dakar xidm\u0259tl\u0259ri Z\u0259f\u0259rimiz\u0259 layiqli t\u00f6hf\u0259 oldu. V\u0259t\u0259n m\u00fcharib\u0259si xalq\u0131m\u0131z\u0131n m\u00fcbarizliyini b\u00fct\u00fcn d\u00fcnyaya n\u00fcmayi\u015f etdirdi. Eyni zamanda bu sava\u015fda xalq\u0131m\u0131z \u0130lham \u018fliyevin r\u0259hb\u0259rliyi il\u0259 milli h\u0259mr\u0259yliyin \u0259n m\u00fck\u0259mm\u0259l n\u00fcmun\u0259sini yaratd\u0131.<\/p>\n\n\n\n<p>&nbsp;&nbsp;&nbsp; Az\u0259rbaycan V\u0259t\u0259n M\u00fcharib\u0259si Veteranlar\u0131 \u0130ctimai Birliyi &nbsp;D\u00fcnya Az\u0259rbaycanl\u0131lar\u0131n\u0131n H\u0259mr\u0259ylik G\u00fcn\u00fc v\u0259 Yeni il m\u00fcnasib\u0259til\u0259 Az\u0259rbaycan xalq\u0131n\u0131 t\u0259brik edir. \u00d6lk\u0259miz\u0259 daima s\u00fclh, \u0259minamanl\u0131q, xalq\u0131m\u0131za can sa\u011fl\u0131\u011f\u0131, ruzi-b\u0259r\u0259k\u0259t arzulay\u0131r\u0131q!<\/p>\n","protected":false},"excerpt":{"rendered":"<p>Bu g\u00fcn- 31 dekabr Az\u0259rbaycan xalq\u0131n\u0131n tarixind\u0259 \u0259n yadda qalan, \u0259n \u015f\u0259r\u0259fli g\u00fcnl\u0259rd\u0259n biri \u2013&#8230;<\/p>\n","protected":false},"author":3,"featured_media":0,"comment_status":"closed","ping_status":"closed","sticky":false,"template":"","format":"standard","meta":{"footnotes":""},"categories":[6],"tags":[],"class_list":["post-20077","post","type-post","status-publish","format-standard","hentry","category-cmiyyt"],"featured_image_urls":{"full":"","thumbnail":"","medium":"","medium_large":"","large":"","1536x1536":"","2048x2048":"","covernews-slider-full":"","covernews-slider-center":"","covernews-featured":"","covernews-medium":"","covernews-medium-square":""},"author_info":{"display_name":"Veteran.az","author_link":"https:\/\/veteran.az\/?author=3"},"category_info":"<a href=\"https:\/\/veteran.az\/?cat=6\" rel=\"category\">C\u0259miyy\u0259t<\/a>","tag_info":"C\u0259miyy\u0259t","comment_count":"0","_links":{"self":[{"href":"https:\/\/veteran.az\/index.php?rest_route=\/wp\/v2\/posts\/20077","targetHints":{"allow":["GET"]}}],"collection":[{"href":"https:\/\/veteran.az\/index.php?rest_route=\/wp\/v2\/posts"}],"about":[{"href":"https:\/\/veteran.az\/index.php?rest_route=\/wp\/v2\/types\/post"}],"author":[{"embeddable":true,"href":"https:\/\/veteran.az\/index.php?rest_route=\/wp\/v2\/users\/3"}],"replies":[{"embeddable":true,"href":"https:\/\/veteran.az\/index.php?rest_route=%2Fwp%2Fv2%2Fcomments&post=20077"}],"version-history":[{"count":1,"href":"https:\/\/veteran.az\/index.php?rest_route=\/wp\/v2\/posts\/20077\/revisions"}],"predecessor-version":[{"id":20079,"href":"https:\/\/veteran.az\/index.php?rest_route=\/wp\/v2\/posts\/20077\/revisions\/20079"}],"wp:attachment":[{"href":"https:\/\/veteran.az\/index.php?rest_route=%2Fwp%2Fv2%2Fmedia&parent=20077"}],"wp:term":[{"taxonomy":"category","embeddable":true,"href":"https:\/\/veteran.az\/index.php?rest_route=%2Fwp%2Fv2%2Fcategories&post=20077"},{"taxonomy":"post_tag","embeddable":true,"href":"https:\/\/veteran.az\/index.php?rest_route=%2Fwp%2Fv2%2Ftags&post=20077"}],"curies":[{"name":"wp","href":"https:\/\/api.w.org\/{rel}","templated":true}]}}