{"id":1985,"date":"2019-10-19T00:41:39","date_gmt":"2019-10-18T20:41:39","guid":{"rendered":"http:\/\/veteran.az\/?p=1985"},"modified":"2019-11-03T22:45:30","modified_gmt":"2019-11-03T18:45:30","slug":"avmvib-r%c9%99hb%c9%99rliyi-layih%c9%99-c%c9%99rciv%c9%99sind%c9%99-qusar-veteranlari-il%c9%99-gorusdu","status":"publish","type":"post","link":"https:\/\/veteran.az\/?p=1985","title":{"rendered":"AVMV\u0130B R\u0259hb\u0259rliyi layih\u0259 \u00e7\u0259r\u00e7iv\u0259sind\u0259 Qusar veteranlar\u0131 il\u0259 g\u00f6r\u00fc\u015fd\u00fc"},"content":{"rendered":"\n<p>Az\u0259rbaycan Respublikas\u0131n\u0131n Prezidenti yan\u0131nda Qeyri-H\u00f6kum\u0259t T\u0259\u015fkilatlar\u0131na D\u00f6vl\u0259t D\u0259st\u0259yi \u015euras\u0131n\u0131n maliyy\u0259 d\u0259st\u0259yi il\u0259 \u00abM\u00fcharib\u0259 veteranlar\u0131na h\u00fcquqi yard\u0131m\u00bb adl\u0131 layih\u0259 \u00e7\u0259r\u00e7iv\u0259sind\u0259 AVMV\u0130B, rayon \u015f\u00f6b\u0259l\u0259ri il\u0259 birlikd\u0259 ke\u00e7irdikl\u0259ri t\u0259dbirl\u0259ri davam etdirib. Bu d\u0259f\u0259 t\u0259\u015fkilat r\u0259hb\u0259rliyi Qusar rayonunda veteranlar il\u0259 g\u00f6r\u00fc\u015f\u00fcbl\u0259r.<\/p>\n\n\n\n<p>Layih\u0259 r\u0259hb\u0259ri AVMV\u0130B s\u0259drinin m\u00fcavini Vahid Abd\u00fcr\u0259hmanovun r\u0259hb\u0259rliyi alt\u0131nda h\u0259yata ke\u00e7irilm\u0259si n\u0259z\u0259rd\u0259 tutulan layih\u0259 \u00e7\u0259r\u00e7iv\u0259sind\u0259 rayon veteranlar\u0131n\u0131 maraqland\u0131ran suallara cavablar verilib v\u0259 qald\u0131r\u0131lan probleml\u0259r aidiyyatlar\u0131 \u00fczr\u0259 qrupla\u015fd\u0131r\u0131l\u0131b.<\/p>\n\n\n\n<p>G\u00f6r\u00fc\u015fd\u0259 AVMV\u0130B NTK s\u0259dri Niyazi Quliyev, AVMV\u0130B \u015f\u00f6b\u0259 m\u00fcdiri Akif Abbasov, AVMV\u0130B Qusar rayon \u015f\u00f6b\u0259sinin s\u0259dri Qumral L\u00e7\u0131nov, Qusar rayon \u0130cra Hakimiyy\u0259ti \u0130ctimai-siyasi v\u0259 humanitar m\u0259s\u0259l\u0259l\u0259r \u015f\u00f6b\u0259sinin m\u00fcdiri Ceyhun Hac\u0131yev, Az\u0259rbaycan Qaraba\u011f M\u00fcharib\u0259si \u018flill\u0259ri, Veteranlar\u0131 v\u0259 \u015e\u0259hid Ail\u0259l\u0259ri \u0130ctimai Birliyinin Qusar rayon \u015f\u00f6b\u0259sinin s\u0259dri Can\u0259li H\u00f6rm\u0259tov, m\u00fcharib\u0259 veteranlar\u0131 v\u0259 m\u00fcharib\u0259 \u0259lill\u0259ri i\u015ftirak edirdil\u0259r.<\/p>\n\n\n\n<p>T\u0259dbird\u0259 \u00e7\u0131x\u0131\u015f ed\u0259n AVMV\u0130B s\u0259drinin m\u00fcavini, \u00abM\u00fcharib\u0259 veteranlar\u0131na h\u00fcquqi yard\u0131m\u00bb adl\u0131 layih\u0259nin r\u0259hb\u0259ri Vahid Abd\u00fcr\u0259hmanov \u00e7\u0131x\u0131\u015f ed\u0259r\u0259k, bu layih\u0259nin bir \u00e7ox veteranlar\u0131m\u0131z\u0131n probleml\u0259rinin h\u0259llind\u0259 oynad\u0131\u011f\u0131 m\u00fcsb\u0259t rolundan dan\u0131\u015fd\u0131: &#171;Art\u0131q bu layih\u0259l\u0259ri bir ne\u00e7\u0259 rayonda u\u011furla h\u0259yata ke\u00e7irmi\u015fik. Faktlarla layih\u0259 \u00e7\u0259r\u00e7iv\u0259sind\u0259 \u00f6z h\u00fcquqlar\u0131n\u0131 b\u0259rpa ed\u0259 bilmi\u015f veteranlar\u0131m\u0131z\u0131n bundan sonra da h\u00fcquqlar\u0131n\u0131n b\u0259rpas\u0131na h\u0259r vasit\u0259 il\u0259 yard\u0131m\u00e7\u0131 olacaqlar\u0131n\u0131 qeyd etdi. M\u00fcharib\u0259 \u0259lill\u0259ri, \u015f\u0259hid ail\u0259l\u0259ri v\u0259 m\u00fcharib\u0259 veteranlar\u0131n\u0131n d\u00f6vl\u0259t, xalq qar\u015f\u0131s\u0131nda b\u00f6y\u00fck xidm\u0259tl\u0259ri oldu\u011funu, bu kateqoriyadan olan v\u0259t\u0259nda\u015flara c\u0259miyy\u0259td\u0259 daim diqq\u0259t v\u0259 qay\u011f\u0131 g\u00f6st\u0259rildiyini, eyni zamanda onlar\u0131n d\u00f6vl\u0259tin etibarl\u0131 sosial m\u00fcdafi\u0259 il\u0259 \u0259hat\u0259 edilib. Lakin h\u0259l\u0259 d\u0259 probleml\u0259r m\u00f6vcuddur v\u0259 biz bu probleml\u0259ri qrupla\u015fd\u0131rd\u0131qda onlarla d\u00f6y\u00fc\u015f\u00e7\u00fcn\u00fcn m\u00fc\u0259yy\u0259n s\u0259b\u0259bl\u0259rd\u0259n \u00f6z statuslar\u0259\u0131n\u0131 ala bilm\u0259\u0131dikl\u0259rini g\u00f6rd\u00fck. Onlarla veterana bu sah\u0259d\u0259, m\u0259hz bu layih\u0259 \u00e7\u0259r\u00e7iv\u0259sind\u0259 yard\u0131m ed\u0259 bildik. Onlar 25-26 ild\u0259n sonra \u00f6z statuslar\u0131n\u0131 ala bildil\u0259r.&#187;<\/p>\n\n\n\n<p>\u00c7\u0131x\u0131\u015f ed\u0259nl\u0259r bu tip layih\u0259l\u0259rin h\u0259yata ke\u00e7iruilm\u0259sinin vacibliyind\u0259n dan\u0131\u015fd\u0131lar. AVMV\u0130B Qusar rayon \u015f\u00f6b\u0259sinin s\u0259dri Qumral La\u00e7\u0131nov bildirdi ki, veteran probleml\u0259rinin h\u0259llin\u0259 rayon r\u0259hb\u0259rliyi daim diqq\u0259tl\u0259 yana\u015f\u0131r. Bel\u0259 layih\u0259l\u0259rin bizim rayonda h\u0259yata ke\u00e7irilm\u0259si d\u0259 m\u00fcharib\u0259 veteranlar\u0131 t\u0259r\u0259find\u0259n r\u0259\u011fb\u0259tl\u0259 qar\u015f\u0131lan\u0131r v\u0259 bu i\u015fi davam etdirm\u0259k vacibdir.<\/p>\n\n\n\n<p>Qusar veteranlar\u0131n\u0131 maraqland\u0131ran suallar v\u0259 probleml\u0259r dinl\u0259nildi. H\u00fcquqi yard\u0131m \u00fc\u00e7\u00fcn aidiyyatl\u0131 orqanlara m\u00fcraci\u0259t edil\u0259c\u0259k.<\/p>\n\n\n\n<p>AVMV\u0130B, Az\u0259rbaycan Respublikas\u0131n\u0131n Prezidenti yan\u0131nda Qeyri-H\u00f6kum\u0259t T\u0259\u015fkilatlar\u0131na D\u00f6vl\u0259t D\u0259st\u0259yi \u015euras\u0131n\u0131n maliyy\u0259 d\u0259st\u0259yi il\u0259 \u00abM\u00fcharib\u0259 veteranlar\u0131na h\u00fcquqi yard\u0131m\u00bb adl\u0131 layih\u0259sini davam etdir\u0259c\u0259k.<\/p>\n\n\n\n<p>T\u0259dbirin sonunda AVMV\u0130B Qusar rayon \u015f\u00f6b\u0259sinin \u00fczvl\u0259ri t\u0259ltif edildil\u0259r.<\/p>\n\n\n\n<p>Rauf H\u00fcseynov<\/p>\n\n\n\n<figure class=\"wp-block-image\"><img loading=\"lazy\" decoding=\"async\" width=\"1024\" height=\"576\" src=\"http:\/\/veteran.az\/wp-content\/uploads\/2019\/10\/DSC00219-1024x576.jpg\" alt=\"\" class=\"wp-image-1987\" srcset=\"https:\/\/veteran.az\/wp-content\/uploads\/2019\/10\/DSC00219-1024x576.jpg 1024w, https:\/\/veteran.az\/wp-content\/uploads\/2019\/10\/DSC00219-300x169.jpg 300w, https:\/\/veteran.az\/wp-content\/uploads\/2019\/10\/DSC00219-768x432.jpg 768w\" sizes=\"auto, (max-width: 1024px) 100vw, 1024px\" \/><\/figure>\n\n\n\n<figure class=\"wp-block-image\"><img loading=\"lazy\" decoding=\"async\" width=\"1024\" height=\"576\" src=\"http:\/\/veteran.az\/wp-content\/uploads\/2019\/10\/DSC00224-1024x576.jpg\" alt=\"\" class=\"wp-image-1988\" srcset=\"https:\/\/veteran.az\/wp-content\/uploads\/2019\/10\/DSC00224-1024x576.jpg 1024w, https:\/\/veteran.az\/wp-content\/uploads\/2019\/10\/DSC00224-300x169.jpg 300w, https:\/\/veteran.az\/wp-content\/uploads\/2019\/10\/DSC00224-768x432.jpg 768w\" sizes=\"auto, (max-width: 1024px) 100vw, 1024px\" \/><\/figure>\n\n\n\n<figure class=\"wp-block-image\"><img loading=\"lazy\" decoding=\"async\" width=\"1024\" height=\"576\" src=\"http:\/\/veteran.az\/wp-content\/uploads\/2019\/10\/DSC00233-1024x576.jpg\" alt=\"\" class=\"wp-image-1989\" srcset=\"https:\/\/veteran.az\/wp-content\/uploads\/2019\/10\/DSC00233-1024x576.jpg 1024w, https:\/\/veteran.az\/wp-content\/uploads\/2019\/10\/DSC00233-300x169.jpg 300w, https:\/\/veteran.az\/wp-content\/uploads\/2019\/10\/DSC00233-768x432.jpg 768w\" sizes=\"auto, (max-width: 1024px) 100vw, 1024px\" \/><\/figure>\n","protected":false},"excerpt":{"rendered":"<p>Az\u0259rbaycan Respublikas\u0131n\u0131n Prezidenti yan\u0131nda Qeyri-H\u00f6kum\u0259t T\u0259\u015fkilatlar\u0131na D\u00f6vl\u0259t D\u0259st\u0259yi \u015euras\u0131n\u0131n maliyy\u0259 d\u0259st\u0259yi il\u0259 \u00abM\u00fcharib\u0259 veteranlar\u0131na h\u00fcquqi&#8230;<\/p>\n","protected":false},"author":3,"featured_media":1986,"comment_status":"closed","ping_status":"closed","sticky":false,"template":"","format":"standard","meta":{"footnotes":""},"categories":[12],"tags":[],"class_list":["post-1985","post","type-post","status-publish","format-standard","has-post-thumbnail","hentry","category-veteran"],"featured_image_urls":{"full":["https:\/\/veteran.az\/wp-content\/uploads\/2019\/10\/DSC00218.jpg",3072,1728,false],"thumbnail":["https:\/\/veteran.az\/wp-content\/uploads\/2019\/10\/DSC00218-150x150.jpg",150,150,true],"medium":["https:\/\/veteran.az\/wp-content\/uploads\/2019\/10\/DSC00218-300x169.jpg",300,169,true],"medium_large":["https:\/\/veteran.az\/wp-content\/uploads\/2019\/10\/DSC00218-768x432.jpg",640,360,true],"large":["https:\/\/veteran.az\/wp-content\/uploads\/2019\/10\/DSC00218-1024x576.jpg",640,360,true],"1536x1536":["https:\/\/veteran.az\/wp-content\/uploads\/2019\/10\/DSC00218.jpg",1536,864,false],"2048x2048":["https:\/\/veteran.az\/wp-content\/uploads\/2019\/10\/DSC00218.jpg",2048,1152,false],"covernews-slider-full":["https:\/\/veteran.az\/wp-content\/uploads\/2019\/10\/DSC00218-1536x1020.jpg",1077,715,true],"covernews-slider-center":["https:\/\/veteran.az\/wp-content\/uploads\/2019\/10\/DSC00218-936x897.jpg",522,500,true],"covernews-featured":["https:\/\/veteran.az\/wp-content\/uploads\/2019\/10\/DSC00218-1024x576.jpg",1024,576,true],"covernews-medium":["https:\/\/veteran.az\/wp-content\/uploads\/2019\/10\/DSC00218-720x380.jpg",540,285,true],"covernews-medium-square":["https:\/\/veteran.az\/wp-content\/uploads\/2019\/10\/DSC00218-675x450.jpg",375,250,true]},"author_info":{"display_name":"Veteran.az","author_link":"https:\/\/veteran.az\/?author=3"},"category_info":"<a href=\"https:\/\/veteran.az\/?cat=12\" rel=\"category\">Veteran d\u00fcnyas\u0131<\/a>","tag_info":"Veteran d\u00fcnyas\u0131","comment_count":"0","_links":{"self":[{"href":"https:\/\/veteran.az\/index.php?rest_route=\/wp\/v2\/posts\/1985","targetHints":{"allow":["GET"]}}],"collection":[{"href":"https:\/\/veteran.az\/index.php?rest_route=\/wp\/v2\/posts"}],"about":[{"href":"https:\/\/veteran.az\/index.php?rest_route=\/wp\/v2\/types\/post"}],"author":[{"embeddable":true,"href":"https:\/\/veteran.az\/index.php?rest_route=\/wp\/v2\/users\/3"}],"replies":[{"embeddable":true,"href":"https:\/\/veteran.az\/index.php?rest_route=%2Fwp%2Fv2%2Fcomments&post=1985"}],"version-history":[{"count":1,"href":"https:\/\/veteran.az\/index.php?rest_route=\/wp\/v2\/posts\/1985\/revisions"}],"predecessor-version":[{"id":1990,"href":"https:\/\/veteran.az\/index.php?rest_route=\/wp\/v2\/posts\/1985\/revisions\/1990"}],"wp:featuredmedia":[{"embeddable":true,"href":"https:\/\/veteran.az\/index.php?rest_route=\/wp\/v2\/media\/1986"}],"wp:attachment":[{"href":"https:\/\/veteran.az\/index.php?rest_route=%2Fwp%2Fv2%2Fmedia&parent=1985"}],"wp:term":[{"taxonomy":"category","embeddable":true,"href":"https:\/\/veteran.az\/index.php?rest_route=%2Fwp%2Fv2%2Fcategories&post=1985"},{"taxonomy":"post_tag","embeddable":true,"href":"https:\/\/veteran.az\/index.php?rest_route=%2Fwp%2Fv2%2Ftags&post=1985"}],"curies":[{"name":"wp","href":"https:\/\/api.w.org\/{rel}","templated":true}]}}