{"id":19654,"date":"2022-11-20T11:44:03","date_gmt":"2022-11-20T07:44:03","guid":{"rendered":"http:\/\/veteran.az\/?p=19654"},"modified":"2022-11-20T11:44:04","modified_gmt":"2022-11-20T07:44:04","slug":"planetimizin-8-milyardinci-sakini-dunyaya-g%c9%99ldi-b%c9%99s-5-6-v%c9%99-7-milyardincilar-indi-harada-yasayirlar","status":"publish","type":"post","link":"https:\/\/veteran.az\/?p=19654","title":{"rendered":"Planetimizin 8 milyard\u0131nc\u0131 sakini d\u00fcnyaya g\u0259ldi &#8212; B\u0259s 5, 6 v\u0259 7 milyard\u0131nc\u0131lar indi harada ya\u015fay\u0131rlar?"},"content":{"rendered":"\n<p><strong>Birl\u0259\u015fmi\u015f Mill\u0259tl\u0259r T\u0259\u015fkilat\u0131 \u00f6t\u0259n h\u0259ft\u0259 d\u00fcnya \u0259halisinin 11 il sonra 7 milyarddan 8 milyarda \u00e7atd\u0131\u011f\u0131n\u0131 a\u00e7\u0131qlad\u0131. Bununla bel\u0259, 20-ci \u0259srin ortalar\u0131nda ba\u015f ver\u0259n k\u0259skin demoqrafik s\u0131\u00e7ray\u0131\u015fdan sonra Yer k\u00fcr\u0259sind\u0259 \u0259halinin art\u0131m\u0131 yava\u015flay\u0131r: 9 milyarda \u00e7atmaq \u00fc\u00e7\u00fcn 15 il laz\u0131m ola bil\u0259r.<\/strong><\/p>\n\n\n\n<p><strong>Qafqaz.media&nbsp;<\/strong>xarici K\u0130V-l\u0259r\u0259 istinad\u0259n x\u0259b\u0259r verir ki, BMT-nin proqnozlar\u0131na g\u00f6r\u0259, 2080-ci il\u0259 q\u0259d\u0259r \u0259halinin say\u0131 10 milyardl\u0131q h\u0259ddi&nbsp;<a href=\"https:\/\/www.bbc.com\/russian\/news-63640096\">ke\u00e7\u0259c\u0259k.<\/a><\/p>\n\n\n\n<p>B\u0259s, bir vaxtlar planetimizin be\u015f, alt\u0131 v\u0259 yeddi milyard\u0131nc\u0131 sakini olmu\u015f u\u015faqlar\u0131n h\u0259yat\u0131 Yer k\u00fcr\u0259si \u0259halisinin art\u0131m\u0131ndak\u0131 eni\u015f-yoxu\u015flar haqq\u0131nda n\u0259 dey\u0259 bil\u0259r?<\/p>\n\n\n\n<p>Matej Qaspar anadan olandan bir ne\u00e7\u0259 d\u0259qiq\u0259 sonra onun balaca sif\u0259tinin qar\u015f\u0131s\u0131nda kamera \u00e7\u0131qq\u0131ldad\u0131 v\u0259 kostyumlu siyas\u0259t\u00e7il\u0259r do\u011fumdan yorulan anas\u0131n\u0131n \u0259traf\u0131nda hay-k\u00fcy salma\u011fa ba\u015flad\u0131lar.<\/p>\n\n\n\n<p>K\u00fc\u00e7\u0259d\u0259 kortecin quyru\u011funda ili\u015fib qalan Aleks Mar\u015fall Zaqrebd\u0259 ki\u00e7ik bir do\u011fum evin\u0259 g\u0259tirdiyi b\u00fct\u00fcn xaosa g\u00f6r\u0259 m\u0259suliyy\u0259t hiss edir. 1987-ci ilin iyulunda Aleks Birl\u0259\u015fmi\u015f Mill\u0259tl\u0259r T\u0259\u015fkilat\u0131n\u0131n \u018fhali Fondunun (UNFPA) r\u0259smisi idi.<strong>&nbsp;&#171;Biz proqnozlara bax\u0131rd\u0131q v\u0259 biz\u0259 bel\u0259 bir fikir g\u0259ldi ki, d\u00fcnya \u0259halisi 1987-ci ild\u0259 5 milyard h\u0259ddini ke\u00e7\u0259c\u0259k. Statistika iyulun 11-\u0259 aid idi&#187;,&nbsp;<\/strong>&#8212; Mar\u015fall deyir.<\/p>\n\n\n\n<p>BMT \u0259m\u0259kda\u015flar\u0131 h\u0259min g\u00fcn do\u011fulan u\u015faqlardan birin\u0259 Yer k\u00fcr\u0259sinin 5 milyard\u0131nc\u0131 sakini ad\u0131n\u0131n verilm\u0259sini q\u0259rara al\u0131b.<\/p>\n\n\n\n<p>Aleksin bu q\u0259rar\u0131 t\u0259sdiql\u0259m\u0259sini xahi\u015f etdiyi demoqraflar q\u0259z\u0259bl\u0259nibl\u0259r.&nbsp;<strong>&#171;Biz n\u0259 etdiyimizi ba\u015fa d\u00fc\u015fm\u00fcr\u00fck. Bu q\u0259d\u0259r adam\u0131n aras\u0131ndan bir n\u0259f\u0259ri se\u00e7m\u0259k olmaz\u2026&#187;.<\/strong><\/p>\n\n\n\n<p>35 il sonra d\u00fcnyan\u0131n 5 milyard\u0131nc\u0131 u\u015fa\u011f\u0131 d\u00fcnyay g\u0259ldiyi g\u00fcn\u00fc unutma\u011fa \u00e7al\u0131\u015f\u0131r. Onun Facebook s\u0259hif\u0259sind\u0259 Zaqrebd\u0259 ya\u015fad\u0131\u011f\u0131, xo\u015fb\u0259xt evli oldu\u011fu v\u0259 kimya m\u00fch\u0259ndisi i\u015fl\u0259diyi bildirilir. O, m\u00fcsahib\u0259l\u0259rd\u0259n yay\u0131n\u0131r v\u0259 o c\u00fcml\u0259d\u0259n BBC \u0259m\u0259kda\u015f\u0131 il\u0259 dan\u0131\u015fmaqdan da imtina edib.<\/p>\n\n\n\n<figure class=\"wp-block-image\"><img decoding=\"async\" src=\"https:\/\/ichef.bbci.co.uk\/news\/640\/cpsprodpb\/5CB6\/production\/_127643732_1.png\" alt=\"\u0433\u0440\u0430\u0444\u0438\u043a \u0440\u043e\u0441\u0442\u0430 \u043d\u0430\u0441\u0435\u043b\u0435\u043d\u0438\u044f \u0417\u0435\u043c\u043b\u0438\"\/><\/figure>\n\n\n\n<p><em>D\u00fcnya \u0259halisinin art\u0131m qrafiki<\/em><\/p>\n\n\n\n<p>Yer \u00fcz\u00fcnd\u0259ki insanlar\u0131n say\u0131n\u0131n bir milyarda \u00e7atmas\u0131 \u00fc\u00e7\u00fcn 300 000 il laz\u0131m oldu &#8212; bu, t\u0259xmin\u0259n 1800-c\u00fc ild\u0259 ba\u015f verdi. \u0130kinci milyard \u00fc\u00e7\u00fcn y\u00fcz il laz\u0131m idi. Ke\u00e7\u0259n \u0259srin ortalar\u0131nda, 1950-ci ill\u0259rd\u0259 insanlar\u0131n say\u0131 h\u0259dd\u0259n art\u0131q artma\u011fa ba\u015flad\u0131. Matejin 1987-ci ild\u0259 anadan olmas\u0131ndan ke\u00e7\u0259n 35 il \u0259rzind\u0259 qlobal birliyimiz\u0259 daha 3 milyard insan qo\u015fulub.<\/p>\n\n\n\n<p>N\u00f6vb\u0259ti 35 il \u0259rzind\u0259 d\u00fcnya \u0259halisi daha 3 milyard arta v\u0259 sonra demoqrafik art\u0131m dayana bil\u0259r.<\/p>\n\n\n\n<p><strong>Statistikaya etibar etm\u0259k olarm\u0131?<\/strong><\/p>\n\n\n\n<p>BMT-nin Statistika \u015e\u00f6b\u0259sind\u0259n Patrik Gerland izah edir ki, d\u00fcnya \u0259halisinin 8 milyardl\u0131q h\u0259ddi tam olaraq n\u0259 vaxt ke\u00e7diyini d\u0259qiq \u00f6yr\u0259nm\u0259k m\u00fcmk\u00fcn deyil. Burada bir v\u0259 ya iki il f\u0259rq m\u00fcmk\u00fcnd\u00fcr.<\/p>\n\n\n\n<p>Fakt budur ki, Yer k\u00fcr\u0259si sakinl\u0259rinin say\u0131 \u0259halinin siyah\u0131yaal\u0131nmas\u0131 m\u0259lumatlar\u0131 \u0259sas\u0131nda hesablan\u0131r. B\u00f6y\u00fck Britaniya kimi inki\u015faf etmi\u015f \u00f6lk\u0259l\u0259rd\u0259 1% s\u0259hv verirl\u0259r. Amma m\u0259s\u0259l\u0259n, 1979-cu ild\u0259 ilk v\u0259 sonuncu siyah\u0131yaalma aparan \u018ffqan\u0131standa v\u0259 ya \u0130kinci D\u00fcnya M\u00fcharib\u0259sind\u0259n sonra \u00fcmumiyy\u0259tl\u0259 siyah\u0131yaal\u0131nma apar\u0131lmayan Livanda hesablamalar aparmaq xeyli \u00e7\u0259tindir. Buna g\u00f6r\u0259 d\u0259 BMT k\u00f6hn\u0259 siyah\u0131yaalmalar\u0131n m\u0259lumatlar\u0131n\u0131 m\u0259hsuldarl\u0131q, \u00f6l\u00fcm v\u0259 miqrasiya il\u0259 ba\u011fl\u0131 geni\u015fmiqyasl\u0131 t\u0259dqiqatlarla tamamlay\u0131r.<\/p>\n\n\n\n<p><strong>7 milyard\u0131nc\u0131 q\u0131z<\/strong><\/p>\n\n\n\n<p>Banqlade\u015fd\u0259, Dakkadan bir q\u0259d\u0259r aral\u0131da Oi\u015fi anas\u0131na nahar \u00fc\u00e7\u00fcn kartof soyma\u011fa k\u00f6m\u0259k edir. Onun 11 ya\u015f\u0131 var v\u0259 indi \u00e7\u00f6ld\u0259 futbol oynama\u011fa \u00fcst\u00fcnl\u00fck verir, amma valideynl\u0259ri olduqca s\u0259rtdir.<\/p>\n\n\n\n<p>Par\u00e7a v\u0259 sari biznesi pandemiyadan ciddi \u015f\u0259kild\u0259 t\u0259sirl\u0259ndikd\u0259 ail\u0259 k\u0259nd\u0259 k\u00f6\u00e7m\u0259li olub. \u015e\u0259h\u0259rd\u0259n k\u0259narda h\u0259yat daha ucuzdur &#8212; \u0259n az\u0131 valideynl\u0259r \u00fc\u00e7 q\u0131z \u00fc\u00e7\u00fcn m\u0259kt\u0259b pulunu \u00f6d\u0259y\u0259 bil\u0259r.<\/p>\n\n\n\n<p>Oi\u015fi ail\u0259nin \u0259n g\u0259ncidir. Q\u0131z 2011-ci ild\u0259 anadan olub v\u0259 o, d\u00fcnyaya g\u0259lm\u0259si il\u0259 d\u00fcnya \u0259halisinin 7 milyard r\u0259q\u0259mini a\u015fmas\u0131na k\u00f6m\u0259k ed\u0259n yerlil\u0259rd\u0259n biri adland\u0131r\u0131l\u0131b. O zaman BMT yaln\u0131z bir u\u015faq se\u00e7m\u0259m\u0259k q\u0259rar\u0131na g\u0259ldi v\u0259 yerli statistika idar\u0259l\u0259rin\u0259 \u00f6z u\u015faqlar\u0131n\u0131 se\u00e7m\u0259k h\u00fcququ verdi.<\/p>\n\n\n\n<figure class=\"wp-block-image\"><img decoding=\"async\" src=\"https:\/\/ichef.bbci.co.uk\/news\/640\/cpsprodpb\/359B\/production\/_127632731_oishee.png\" alt=\"\u041e\u0439\u0448\u0438\"\/><\/figure>\n\n\n\n<p><em>Planetimizin 7 milyard\u0131nc\u0131 sakini olan Oi\u015fi h\u0259kim olma\u011fa \u00fcmid edir<\/em><\/p>\n\n\n\n<p>Oi\u015finin anas\u0131 Tonni n\u0259 ba\u015f ver\u0259c\u0259yini bilmirdi. H\u0259min g\u00fcn o, h\u0259tta do\u011fuma da haz\u0131rla\u015fm\u0131rd\u0131. S\u0259h\u0259r h\u0259kim m\u00fcayin\u0259sind\u0259n sonra t\u0259cili qeys\u0259riyy\u0259 \u0259m\u0259liyyat\u0131na g\u00f6nd\u0259rilib.<\/p>\n\n\n\n<p>Oi\u015fi gec\u0259 yar\u0131s\u0131ndan sonra ilk d\u0259qiq\u0259d\u0259 do\u011fulub v\u0259 d\u0259rhal televiziya adamlar\u0131 v\u0259 yerli m\u0259murlar\u0131n \u0259hat\u0259sin\u0259 d\u00fc\u015f\u00fcb v\u0259 h\u0259r k\u0259s k\u00f6rp\u0259y\u0259 daha yax\u0131ndan baxma\u011fa \u00e7al\u0131\u015f\u0131b. H\u0259min vaxt ail\u0259 m\u0259\u0259tt\u0259l qalsa da, amma xo\u015fb\u0259xt idi.<\/p>\n\n\n\n<p>Oi\u015finin atas\u0131 \u0259vv\u0259lc\u0259 o\u011ful arzusunda olub, lakin o, indi \u00fc\u00e7 z\u0259hm\u0259tke\u015f v\u0259 a\u011f\u0131ll\u0131 q\u0131z\u0131 il\u0259 xo\u015fb\u0259xtdir. \u018fn b\u00f6y\u00fcy\u00fc art\u0131q universitetd\u0259 oxuyur, Oi\u015fi is\u0259 h\u0259kim olmaq fikrind\u0259dir.<\/p>\n\n\n\n<p><strong>&#171;Biz o q\u0259d\u0259r d\u0259 varl\u0131 deyilik v\u0259 Covid i\u015fimizi daha da \u00e7\u0259tinl\u0259\u015fdirdi&#187;&nbsp;<\/strong>dey\u0259n atas\u0131 k\u00f6vr\u0259lir: &#171;Ancaq onun arzusunu ger\u00e7\u0259kl\u0259\u015fdirm\u0259k \u00fc\u00e7\u00fcn h\u0259r \u015feyi ed\u0259c\u0259y\u0259m&#187;.<\/p>\n\n\n\n<figure class=\"wp-block-image\"><img decoding=\"async\" src=\"https:\/\/ichef.bbci.co.uk\/news\/640\/cpsprodpb\/83BB\/production\/_127632733_oishee_birth.png\" alt=\"\u041c\u043d\u043e\u0436\u0435\u0441\u0442\u0432\u043e \u043b\u044e\u0434\u0435\u0439 \u0445\u043e\u0442\u0435\u043b\u0438 \u043e\u043a\u0430\u0437\u0430\u0442\u044c\u0441\u044f \u043d\u0430 \u043e\u0434\u043d\u043e\u043c \u0444\u043e\u0442\u043e \u0441 \u041e\u0439\u0448\u0438 \u0432 \u0434\u0435\u043d\u044c \u0435\u0435 \u0440\u043e\u0436\u0434\u0435\u043d\u0438\u044f\"\/><\/figure>\n\n\n\n<p><em>Bir \u00e7ox insan Oi\u015finin ad g\u00fcn\u00fcnd\u0259 onunla eyni fotoda olmaq ist\u0259yirdi<\/em><\/p>\n\n\n\n<p>Oi\u015finin anadan olmas\u0131ndan b\u0259ri Banqlade\u015fin artan \u0259halisin\u0259 17 milyon daha \u00e7ox insan \u0259lav\u0259 edilib. Bu art\u0131m b\u00f6y\u00fck bir tibbi u\u011fur hekay\u0259sidir. Bu o dem\u0259kdir ki, getdikc\u0259 daha \u00e7ox u\u015faq sa\u011f-salamat do\u011fulur, yetkinlik ya\u015f\u0131na q\u0259d\u0259r ya\u015fay\u0131r v\u0259 ail\u0259 h\u0259yat\u0131 qurub \u00f6zl\u0259ri d\u0259 d\u00fcnyaya u\u015faqlar\u0131 g\u0259tirirl\u0259r. V\u0259 daha uzun ya\u015fay\u0131rlar.<\/p>\n\n\n\n<p>Lakin Banqlade\u015fd\u0259 \u0259halinin art\u0131m tempi \u0259h\u0259miyy\u0259tli d\u0259r\u0259c\u0259d\u0259 azal\u0131b. \u018fg\u0259r 1980-ci ild\u0259 orada orta hesabla qad\u0131nlar\u0131n alt\u0131 v\u0259 ya daha \u00e7ox u\u015fa\u011f\u0131 var idis\u0259, indi bu, ikid\u0259n d\u0259 azd\u0131r. Bu, \u00f6lk\u0259d\u0259 t\u0259hsil\u0259 daha \u00e7ox diqq\u0259t ay\u0131rmas\u0131 il\u0259 ba\u011fl\u0131d\u0131r. Bel\u0259 ki, qad\u0131nlar daha \u00e7ox t\u0259hsil ald\u0131qca, onlar\u0131n d\u00fcnyaya g\u0259tirm\u0259k ist\u0259dikl\u0259ri u\u015faqlar\u0131n say\u0131 da azal\u0131r. Bu, do\u011fum nisb\u0259tini t\u0259yin ed\u0259n \u0259n vacib amildir. Eynil\u0259, d\u00fcnya \u0259halisinin hara ged\u0259c\u0259yini anlamaq \u00fc\u00e7\u00fcn d\u0259 \u00e7ox vacibdir.<\/p>\n\n\n\n<p>D\u00fcnya \u0259halisi il\u0259 ba\u011fl\u0131 proqnozlar ver\u0259n \u00fc\u00e7 \u0259sas t\u0259\u015fkilat &#8212; Birl\u0259\u015fmi\u015f Mill\u0259tl\u0259r T\u0259\u015fkilat\u0131, Va\u015finqton Universitetinin Sa\u011flaml\u0131q \u00d6l\u00e7m\u0259l\u0259ri v\u0259 Qiym\u0259tl\u0259ndirilm\u0259si \u0130nstitutu (IHME) v\u0259 Vyanadak\u0131 IIASA Vitgen\u015fteyn M\u0259rk\u0259zi &#8212; t\u0259hsil sah\u0259sind\u0259ki inki\u015faf\u0131n t\u0259sirl\u0259ri il\u0259 raz\u0131la\u015fm\u0131r.<\/p>\n\n\n\n<p>BMT d\u00fcnya \u0259halisinin 2080-ci ill\u0259rd\u0259 10,4 milyarda \u00e7ataca\u011f\u0131n\u0131 d\u00fc\u015f\u00fcn\u00fcr, lakin IHME v\u0259 Wittgenstein M\u0259rk\u0259zi bunun daha tez, 2060-2070-ci ill\u0259r aras\u0131nda ba\u015f ver\u0259c\u0259yini v\u0259 azalman\u0131n 10 milyardl\u0131q zirv\u0259d\u0259n \u0259vv\u0259l ba\u015flayaca\u011f\u0131n\u0131 bildirir.<\/p>\n\n\n\n<p>Ancaq bunlar sad\u0259c\u0259 proqnozlard\u0131r. Oi\u015fi 2011-ci ild\u0259 anadan olandan b\u0259ri d\u00fcnyada \u00e7ox \u015fey d\u0259yi\u015fdi v\u0259 demoqraflar h\u0259l\u0259 d\u0259 heyr\u0259tl\u0259rini gizl\u0259tmirl\u0259r. \u00c7\u00fcnki do\u011fum nisb\u0259tind\u0259 heyr\u0259tamiz bir azalma var. M\u0259s\u0259l\u0259n, C\u0259nubi Koreyada bir qad\u0131na d\u00fc\u015f\u0259n u\u015faqlar\u0131n orta say\u0131 0,81-\u0259 d\u00fc\u015f\u00fcb\u2026<\/p>\n\n\n\n<p><strong>&#171;Bu, n\u0259 q\u0259d\u0259r davam ed\u0259c\u0259k? Bu, bizim \u00fc\u00e7\u00fcn b\u00f6y\u00fck suald\u0131r&#187;,<\/strong>&nbsp;&#8212; demoqraflar ba\u015f s\u0131nd\u0131r\u0131r. V\u0259 bu, getdikc\u0259 daha \u00e7ox \u00f6lk\u0259nin \u00fczl\u0259\u015fm\u0259li oldu\u011fu bir ger\u00e7\u0259klikdir.<\/p>\n\n\n\n<figure class=\"wp-block-image\"><img decoding=\"async\" src=\"https:\/\/ichef.bbci.co.uk\/news\/640\/cpsprodpb\/0E8B\/production\/_127632730_adnanmevicfatima.png\" alt=\"\u0410\u0434\u043d\u0430\u043d \u041c\u0435\u0432\u0438\u0447 \u0438 \u0435\u0433\u043e \u043c\u0430\u0442\u044c \u0424\u0430\u0442\u0438\u043c\u0430\"\/><\/figure>\n\n\n\n<p><em>Adnan Mevi\u00e7 v\u0259 anas\u0131 Fatim\u0259<\/em><\/p>\n\n\n\n<p>Yer k\u00fcr\u0259sinin 6 milyard\u0131nc\u0131 sakini olan Adnan Mevi\u00e7 \u0259halisi yar\u0131m \u0259srd\u0259 iki d\u0259f\u0259 azala bil\u0259c\u0259k bir \u00f6lk\u0259d\u0259 ya\u015fay\u0131r. Bel\u0259 ki, Bosniya v\u0259 Herseqovinan\u0131n \u0259n s\u00fcr\u0259tl\u0259 inki\u015faf ed\u0259n \u00f6lk\u0259l\u0259rind\u0259n birind\u0259 ya\u015fayan 23 ya\u015fl\u0131 Adnan Mevi\u00e7 bu haqda \u00e7ox d\u00fc\u015f\u00fcn\u00fcr.<\/p>\n\n\n\n<p><strong>\u201cPensiya verm\u0259y\u0259 adam qalmayacaq, g\u0259nclik qalmayacaq\u201d, &#8212;<\/strong>&nbsp;dey\u0259 Adnan gileyl\u0259nir.<\/p>\n\n\n\n<p>\u0130qtisadiyyat \u00fczr\u0259 magistr d\u0259r\u0259c\u0259si var v\u0259 i\u015f axtar\u0131r. \u018fg\u0259r tapmasa, A\u0130 \u00f6lk\u0259l\u0259rin\u0259 ged\u0259c\u0259k. \u015e\u0259rqi Avropa v\u0259 Balkanlar\u0131n bir \u00e7ox dig\u0259r regionlar\u0131 kimi, onun \u00f6lk\u0259si d\u0259 ikili demoqrafik problemd\u0259n \u0259ziyy\u0259t \u00e7\u0259kir: a\u015fa\u011f\u0131 do\u011fum s\u0259viyy\u0259si v\u0259 y\u00fcks\u0259k m\u00fchacir\u0259t.<\/p>\n\n\n\n<p>Adnan do\u011fumu il\u0259 ba\u011fl\u0131 s\u00fcrreal xatir\u0259l\u0259ri olan anas\u0131 Fatim\u0259 il\u0259 Sarayevodan yar\u0131m saatl\u0131q m\u0259saf\u0259d\u0259 ya\u015fay\u0131r.<\/p>\n\n\n\n<p><strong>&#171;H\u0259kiml\u0259r v\u0259 tibb bac\u0131lar\u0131 \u0259trafa topla\u015fd\u0131qlar\u0131 \u00fc\u00e7\u00fcn n\u0259yins\u0259 s\u0259hv oldu\u011funu hiss etdim, amma d\u0259qiq n\u0259 ba\u015f verdiyini ba\u015fa d\u00fc\u015f\u0259 bilm\u0259dim&#187;,&nbsp;<\/strong>&#8212; dey\u0259 Fatim\u0259 xat\u0131rlay\u0131r.<\/p>\n\n\n\n<p>Adnan d\u00fcnyaya g\u0259l\u0259nd\u0259 BMT-nin o vaxtk\u0131 Ba\u015f katibi Kofi Annan t\u0259r\u0259find\u0259n d\u00fcnyan\u0131n 6 milyard\u0131nc\u0131 sakini elan edilm\u0259si il\u0259 qar\u015f\u0131lan\u0131b.<\/p>\n\n\n\n<p>Fatim\u0259 g\u00fcl\u00fcr: \u201cH\u0259min vaxt o q\u0259d\u0259r yor\u011fun idim ki, n\u0259 hiss etdiyimi bilmir\u0259m.<\/p>\n\n\n\n<p>Adnan v\u0259 anas\u0131 onun u\u015faql\u0131q foto albomlar\u0131n\u0131 v\u0259r\u0259ql\u0259yirl\u0259r. Foto\u015f\u0259kill\u0259rd\u0259n birind\u0259 balaca o\u011flan n\u0259h\u0259ng tortun qar\u015f\u0131s\u0131nda oturur, onun yan\u0131nda xaki kostyumlu v\u0259 h\u0259rbi geyimli ki\u015fil\u0259r var.<\/p>\n\n\n\n<p>Adnan deyir:&nbsp;<strong>\u201cBa\u015fqa u\u015faqlar ad g\u00fcn\u00fc ke\u00e7ir\u0259rk\u0259n m\u0259ni g\u00f6rm\u0259y\u0259 yaln\u0131z siyas\u0259t\u00e7il\u0259r g\u0259lirdi\u201d.<\/strong><\/p>\n\n\n\n<p>Amma bunun da \u00fcst\u00fcnl\u00fckl\u0259ri var idi. Adnan\u0131n 11 ya\u015f\u0131 tamam olanda 6 milyard\u0131nc\u0131 d\u00fcnya sakini oldu\u011fu \u00fc\u00e7\u00fcn o vaxtlar Real Madridd\u0259 oynayan kumiri Cristiano Ronaldo il\u0259 g\u00f6r\u00fc\u015fm\u0259k \u00fc\u00e7\u00fcn d\u0259v\u0259t al\u0131r.<\/p>\n\n\n\n<p>\u00d6mr\u00fcn\u00fcn 23 ilind\u0259 Yer k\u00fcr\u0259sind\u0259 daha iki milyard insan\u0131n peyda olmas\u0131 ona heyr\u0259tamiz g\u00f6r\u00fcn\u00fcr.<\/p>\n\n\n\n<p><strong>&#171;Planetimizin bunun \u00f6hd\u0259sind\u0259n nec\u0259 g\u0259l\u0259c\u0259yini bilmir\u0259m. Baxaca\u011f\u0131q&#187;,&nbsp;<\/strong>&#8212; Adnan deyir.<\/p>\n\n\n\n<p>Oi\u015fi is\u0259 iqlim d\u0259yi\u015fikliyind\u0259n narahatd\u0131r v\u0259 \u00fcmid edir ki, planetimizin 8 milyard\u0131nc\u0131 sakini ekstremal hava \u015f\u0259raitinin yaratd\u0131\u011f\u0131 t\u0259bii f\u0259lak\u0259tl\u0259rl\u0259 \u00fczl\u0259\u015fm\u0259li olmayacaq.<\/p>\n\n\n\n<p>Qeyd ed\u0259k ki, Yer k\u00fcr\u0259sinin haz\u0131rk\u0131 \u0259halisi orta ya\u015f h\u0259ddi g\u00f6st\u0259ricil\u0259rin\u0259 g\u00f6r\u0259 m\u00fcxt\u0259lifdir. M\u0259s\u0259l\u0259n, Avropada orta ya\u015f h\u0259ddi 40, Afrikada is\u0259 17-dir. Bu o dem\u0259kdir ki, \u00f6lk\u0259l\u0259rin bir-birind\u0259n \u00f6yr\u0259nm\u0259li oldu\u011fu \u00e7ox \u015fey var.<\/p>\n\n\n\n<p><strong>T\u0259rc\u00fcm\u0259 etdi: Qafqaz.media<\/strong><\/p>\n","protected":false},"excerpt":{"rendered":"<p>Birl\u0259\u015fmi\u015f Mill\u0259tl\u0259r T\u0259\u015fkilat\u0131 \u00f6t\u0259n h\u0259ft\u0259 d\u00fcnya \u0259halisinin 11 il sonra 7 milyarddan 8 milyarda \u00e7atd\u0131\u011f\u0131n\u0131&#8230;<\/p>\n","protected":false},"author":3,"featured_media":19655,"comment_status":"closed","ping_status":"closed","sticky":false,"template":"","format":"standard","meta":{"footnotes":""},"categories":[7],"tags":[],"class_list":["post-19654","post","type-post","status-publish","format-standard","has-post-thumbnail","hentry","category-dunya"],"featured_image_urls":{"full":["https:\/\/veteran.az\/wp-content\/uploads\/2022\/11\/7-milyard.jpg",767,433,false],"thumbnail":["https:\/\/veteran.az\/wp-content\/uploads\/2022\/11\/7-milyard-150x150.jpg",150,150,true],"medium":["https:\/\/veteran.az\/wp-content\/uploads\/2022\/11\/7-milyard-300x169.jpg",300,169,true],"medium_large":["https:\/\/veteran.az\/wp-content\/uploads\/2022\/11\/7-milyard.jpg",640,361,false],"large":["https:\/\/veteran.az\/wp-content\/uploads\/2022\/11\/7-milyard.jpg",640,361,false],"1536x1536":["https:\/\/veteran.az\/wp-content\/uploads\/2022\/11\/7-milyard.jpg",767,433,false],"2048x2048":["https:\/\/veteran.az\/wp-content\/uploads\/2022\/11\/7-milyard.jpg",767,433,false],"covernews-slider-full":["https:\/\/veteran.az\/wp-content\/uploads\/2022\/11\/7-milyard.jpg",767,433,false],"covernews-slider-center":["https:\/\/veteran.az\/wp-content\/uploads\/2022\/11\/7-milyard.jpg",767,433,false],"covernews-featured":["https:\/\/veteran.az\/wp-content\/uploads\/2022\/11\/7-milyard.jpg",767,433,false],"covernews-medium":["https:\/\/veteran.az\/wp-content\/uploads\/2022\/11\/7-milyard-720x380.jpg",540,285,true],"covernews-medium-square":["https:\/\/veteran.az\/wp-content\/uploads\/2022\/11\/7-milyard-675x433.jpg",390,250,true]},"author_info":{"display_name":"Veteran.az","author_link":"https:\/\/veteran.az\/?author=3"},"category_info":"<a href=\"https:\/\/veteran.az\/?cat=7\" rel=\"category\">D\u00fcnya<\/a>","tag_info":"D\u00fcnya","comment_count":"0","_links":{"self":[{"href":"https:\/\/veteran.az\/index.php?rest_route=\/wp\/v2\/posts\/19654","targetHints":{"allow":["GET"]}}],"collection":[{"href":"https:\/\/veteran.az\/index.php?rest_route=\/wp\/v2\/posts"}],"about":[{"href":"https:\/\/veteran.az\/index.php?rest_route=\/wp\/v2\/types\/post"}],"author":[{"embeddable":true,"href":"https:\/\/veteran.az\/index.php?rest_route=\/wp\/v2\/users\/3"}],"replies":[{"embeddable":true,"href":"https:\/\/veteran.az\/index.php?rest_route=%2Fwp%2Fv2%2Fcomments&post=19654"}],"version-history":[{"count":1,"href":"https:\/\/veteran.az\/index.php?rest_route=\/wp\/v2\/posts\/19654\/revisions"}],"predecessor-version":[{"id":19656,"href":"https:\/\/veteran.az\/index.php?rest_route=\/wp\/v2\/posts\/19654\/revisions\/19656"}],"wp:featuredmedia":[{"embeddable":true,"href":"https:\/\/veteran.az\/index.php?rest_route=\/wp\/v2\/media\/19655"}],"wp:attachment":[{"href":"https:\/\/veteran.az\/index.php?rest_route=%2Fwp%2Fv2%2Fmedia&parent=19654"}],"wp:term":[{"taxonomy":"category","embeddable":true,"href":"https:\/\/veteran.az\/index.php?rest_route=%2Fwp%2Fv2%2Fcategories&post=19654"},{"taxonomy":"post_tag","embeddable":true,"href":"https:\/\/veteran.az\/index.php?rest_route=%2Fwp%2Fv2%2Ftags&post=19654"}],"curies":[{"name":"wp","href":"https:\/\/api.w.org\/{rel}","templated":true}]}}