{"id":19636,"date":"2022-11-20T00:52:02","date_gmt":"2022-11-19T20:52:02","guid":{"rendered":"http:\/\/veteran.az\/?p=19636"},"modified":"2022-11-20T00:52:04","modified_gmt":"2022-11-19T20:52:04","slug":"prezidentin-xususi-numay%c9%99nd%c9%99sind%c9%99n-paylasim-ag-gunun-mubar%c9%99k-agdam","status":"publish","type":"post","link":"https:\/\/veteran.az\/?p=19636","title":{"rendered":"Prezidentin x\u00fcsusi n\u00fcmay\u0259nd\u0259sind\u0259n PAYLA\u015eIM: \u201cA\u011f g\u00fcn\u00fcn m\u00fcbar\u0259k, A\u011fdam!&#187;"},"content":{"rendered":"\n<p><strong>Qaraba\u011f iqtisadi rayonuna daxil olan i\u015f\u011faldan azad edilmi\u015f \u0259razil\u0259rd\u0259 (\u015eu\u015fa rayonu istisna olmaqla) Az\u0259rbaycan Prezidentinin x\u00fcsusi n\u00fcmay\u0259nd\u0259si Emin H\u00fcseynov&nbsp;<a href=\"https:\/\/twitter.com\/Emin_H_official\/status\/1594011835174461441\" target=\"_blank\" rel=\"noreferrer noopener\">tviter<\/a>&nbsp;hesab\u0131nda A\u011fdam \u015f\u0259h\u0259rinin i\u015f\u011faldan azad edilm\u0259sinin ikinci ild\u00f6n\u00fcm\u00fc il\u0259 ba\u011fl\u0131 payla\u015f\u0131m edib.<\/strong><\/p>\n\n\n\n<p>Payla\u015f\u0131mda deyilir:<\/p>\n\n\n\n<p><strong>\u201cAd g\u00fcn\u00fcn m\u00fcbar\u0259k, A\u011fdam!&#187;<\/strong><\/p>\n\n\n\n<p>Qeyd ed\u0259k ki, Az\u0259rbaycan Prezidenti \u0130lham \u018fliyevin, Erm\u0259nistan\u0131n Ba\u015f naziri Nikol Pa\u015finyan\u0131n v\u0259 Rusiya Prezidenti Vladimir Putinin 2020-ci ilin noyabr\u0131n 10-da imzalad\u0131qlar\u0131 \u00fc\u00e7t\u0259r\u0259fli b\u0259yanata uy\u011fun olaraq A\u011fdam rayonu noyabr\u0131n 20-d\u0259 Az\u0259rbaycana qaytar\u0131l\u0131b. Bununla da 27 il \u0259rzind\u0259 i\u015f\u011fal alt\u0131nda olan A\u011fdam \u015f\u0259h\u0259ri q\u0259sbkarlardan tamamil\u0259 azad edilib, h\u0259min g\u00fcn Az\u0259rbaycan Ordusunun b\u00f6lm\u0259l\u0259ri rayona daxil olub v\u0259 orada bayra\u011f\u0131m\u0131z ucald\u0131l\u0131b.<\/p>\n\n\n\n<figure class=\"wp-block-embed is-type-rich is-provider-twitter wp-block-embed-twitter\"><div class=\"wp-block-embed__wrapper\">\n<blockquote class=\"twitter-tweet\" data-width=\"550\" data-dnt=\"true\"><p lang=\"ro\" dir=\"ltr\">A\u011f g\u00fcn\u00fcn m\u00fcbar\u0259k, <a href=\"https:\/\/twitter.com\/hashtag\/A%C4%9Fdam?src=hash&amp;ref_src=twsrc%5Etfw\">#A\u011fdam<\/a>!<br>\u0421\u043e \u0441\u0432\u0435\u0442\u043b\u044b\u043c \u0434\u043d\u0435\u043c, <a href=\"https:\/\/twitter.com\/hashtag\/%D0%90%D0%B3%D0%B4%D0%B0%D0%BC?src=hash&amp;ref_src=twsrc%5Etfw\">#\u0410\u0433\u0434\u0430\u043c<\/a>!<br>Happy bright day, <a href=\"https:\/\/twitter.com\/hashtag\/Agdam?src=hash&amp;ref_src=twsrc%5Etfw\">#Agdam<\/a>!<a href=\"https:\/\/t.co\/Z9xkAUVU31\">https:\/\/t.co\/Z9xkAUVU31<\/a><\/p>&mdash; Emin Huseynov (@Emin_H_official) <a href=\"https:\/\/twitter.com\/Emin_H_official\/status\/1594011835174461441?ref_src=twsrc%5Etfw\">November 19, 2022<\/a><\/blockquote><script async src=\"https:\/\/platform.twitter.com\/widgets.js\" charset=\"utf-8\"><\/script>\n<\/div><\/figure>\n","protected":false},"excerpt":{"rendered":"<p>Qaraba\u011f iqtisadi rayonuna daxil olan i\u015f\u011faldan azad edilmi\u015f \u0259razil\u0259rd\u0259 (\u015eu\u015fa rayonu istisna olmaqla) Az\u0259rbaycan Prezidentinin&#8230;<\/p>\n","protected":false},"author":3,"featured_media":0,"comment_status":"closed","ping_status":"closed","sticky":false,"template":"","format":"standard","meta":{"footnotes":""},"categories":[9],"tags":[],"class_list":["post-19636","post","type-post","status-publish","format-standard","hentry","category-sq"],"featured_image_urls":{"full":"","thumbnail":"","medium":"","medium_large":"","large":"","1536x1536":"","2048x2048":"","covernews-slider-full":"","covernews-slider-center":"","covernews-featured":"","covernews-medium":"","covernews-medium-square":""},"author_info":{"display_name":"Veteran.az","author_link":"https:\/\/veteran.az\/?author=3"},"category_info":"<a href=\"https:\/\/veteran.az\/?cat=9\" rel=\"category\">Silahl\u0131 Q\u00fcvv\u0259l\u0259r<\/a>","tag_info":"Silahl\u0131 Q\u00fcvv\u0259l\u0259r","comment_count":"0","_links":{"self":[{"href":"https:\/\/veteran.az\/index.php?rest_route=\/wp\/v2\/posts\/19636","targetHints":{"allow":["GET"]}}],"collection":[{"href":"https:\/\/veteran.az\/index.php?rest_route=\/wp\/v2\/posts"}],"about":[{"href":"https:\/\/veteran.az\/index.php?rest_route=\/wp\/v2\/types\/post"}],"author":[{"embeddable":true,"href":"https:\/\/veteran.az\/index.php?rest_route=\/wp\/v2\/users\/3"}],"replies":[{"embeddable":true,"href":"https:\/\/veteran.az\/index.php?rest_route=%2Fwp%2Fv2%2Fcomments&post=19636"}],"version-history":[{"count":1,"href":"https:\/\/veteran.az\/index.php?rest_route=\/wp\/v2\/posts\/19636\/revisions"}],"predecessor-version":[{"id":19638,"href":"https:\/\/veteran.az\/index.php?rest_route=\/wp\/v2\/posts\/19636\/revisions\/19638"}],"wp:attachment":[{"href":"https:\/\/veteran.az\/index.php?rest_route=%2Fwp%2Fv2%2Fmedia&parent=19636"}],"wp:term":[{"taxonomy":"category","embeddable":true,"href":"https:\/\/veteran.az\/index.php?rest_route=%2Fwp%2Fv2%2Fcategories&post=19636"},{"taxonomy":"post_tag","embeddable":true,"href":"https:\/\/veteran.az\/index.php?rest_route=%2Fwp%2Fv2%2Ftags&post=19636"}],"curies":[{"name":"wp","href":"https:\/\/api.w.org\/{rel}","templated":true}]}}