{"id":19633,"date":"2022-11-20T00:04:57","date_gmt":"2022-11-19T20:04:57","guid":{"rendered":"http:\/\/veteran.az\/?p=19633"},"modified":"2022-11-20T00:04:58","modified_gmt":"2022-11-19T20:04:58","slug":"qarabagla-bagli-daha-bir-t%c9%99skilat-dagilmaq-uzr%c9%99dir","status":"publish","type":"post","link":"https:\/\/veteran.az\/?p=19633","title":{"rendered":"Qaraba\u011fla ba\u011fl\u0131 daha bir t\u0259\u015fkilat da\u011f\u0131lmaq \u00fczr\u0259dir"},"content":{"rendered":"\n<p>AB\u015e D\u00f6vl\u0259t Departamentinin Qafqaz \u00fczr\u0259 ba\u015f m\u0259sl\u0259h\u0259t\u00e7isi Filip Riker AB\u015e Senat\u0131n\u0131n beyn\u0259lxalq m\u00fcnasib\u0259tl\u0259r komit\u0259sinin t\u0259\u015fkil etdiyi \u201cAB\u015e-\u0131n Qafqazdak\u0131 siyas\u0259tinin qiym\u0259tl\u0259ndirilm\u0259si\u201d m\u00f6vzusunda m\u00fczakir\u0259l\u0259r zaman\u0131 bildirib ki, art\u0131q AT\u018fT-in Minsk qrupunun olmad\u0131\u011f\u0131n\u0131 etiraf etm\u0259yin vaxt\u0131d\u0131r.&nbsp;<\/p>\n\n\n\n<p>O, bildirib ki, Minsk qrupu mexanizmi art\u0131q i\u015fl\u0259mir v\u0259 AB\u015e Erm\u0259nistan-Az\u0259rbaycan aras\u0131nda m\u00fcnasib\u0259tl\u0259rin nizamlanmas\u0131 prosesind\u0259 iki \u00f6lk\u0259 il\u0259 birba\u015fa t\u0259mas yolu il\u0259 i\u015ftirak edir:<\/p>\n\n\n\n<p><br>\u201cAz\u0259rbaycan b\u0259yan edib ki, Minsk qrupu il\u0259 i\u015fl\u0259m\u0259y\u0259c\u0259k. Hesab edir\u0259m ki, bu mandata konsensus yolu il\u0259 son qoyma\u011f\u0131n vaxt\u0131d\u0131r\u201d.<\/p>\n\n\n\n<p>Daha \u0259trafl\u0131 Baku TV-nin s\u00fcjetind\u0259:<\/p>\n\n\n\n<figure class=\"wp-block-embed is-type-video is-provider-youtube wp-block-embed-youtube wp-embed-aspect-16-9 wp-has-aspect-ratio\"><div class=\"wp-block-embed__wrapper\">\n<iframe loading=\"lazy\" title=\"Qaraba\u011fla ba\u011fl\u0131 daha bir t\u0259\u015fkilat da\u011f\u0131l\u0131r - BAKU TV\" width=\"640\" height=\"360\" src=\"https:\/\/www.youtube.com\/embed\/piudJUOqbI8?feature=oembed\" frameborder=\"0\" allow=\"accelerometer; autoplay; clipboard-write; encrypted-media; gyroscope; picture-in-picture; web-share\" referrerpolicy=\"strict-origin-when-cross-origin\" allowfullscreen><\/iframe>\n<\/div><\/figure>\n","protected":false},"excerpt":{"rendered":"<p>AB\u015e D\u00f6vl\u0259t Departamentinin Qafqaz \u00fczr\u0259 ba\u015f m\u0259sl\u0259h\u0259t\u00e7isi Filip Riker AB\u015e Senat\u0131n\u0131n beyn\u0259lxalq m\u00fcnasib\u0259tl\u0259r komit\u0259sinin t\u0259\u015fkil&#8230;<\/p>\n","protected":false},"author":3,"featured_media":0,"comment_status":"closed","ping_status":"closed","sticky":false,"template":"","format":"standard","meta":{"footnotes":""},"categories":[7],"tags":[],"class_list":["post-19633","post","type-post","status-publish","format-standard","hentry","category-dunya"],"featured_image_urls":{"full":"","thumbnail":"","medium":"","medium_large":"","large":"","1536x1536":"","2048x2048":"","covernews-slider-full":"","covernews-slider-center":"","covernews-featured":"","covernews-medium":"","covernews-medium-square":""},"author_info":{"display_name":"Veteran.az","author_link":"https:\/\/veteran.az\/?author=3"},"category_info":"<a href=\"https:\/\/veteran.az\/?cat=7\" rel=\"category\">D\u00fcnya<\/a>","tag_info":"D\u00fcnya","comment_count":"0","_links":{"self":[{"href":"https:\/\/veteran.az\/index.php?rest_route=\/wp\/v2\/posts\/19633","targetHints":{"allow":["GET"]}}],"collection":[{"href":"https:\/\/veteran.az\/index.php?rest_route=\/wp\/v2\/posts"}],"about":[{"href":"https:\/\/veteran.az\/index.php?rest_route=\/wp\/v2\/types\/post"}],"author":[{"embeddable":true,"href":"https:\/\/veteran.az\/index.php?rest_route=\/wp\/v2\/users\/3"}],"replies":[{"embeddable":true,"href":"https:\/\/veteran.az\/index.php?rest_route=%2Fwp%2Fv2%2Fcomments&post=19633"}],"version-history":[{"count":1,"href":"https:\/\/veteran.az\/index.php?rest_route=\/wp\/v2\/posts\/19633\/revisions"}],"predecessor-version":[{"id":19635,"href":"https:\/\/veteran.az\/index.php?rest_route=\/wp\/v2\/posts\/19633\/revisions\/19635"}],"wp:attachment":[{"href":"https:\/\/veteran.az\/index.php?rest_route=%2Fwp%2Fv2%2Fmedia&parent=19633"}],"wp:term":[{"taxonomy":"category","embeddable":true,"href":"https:\/\/veteran.az\/index.php?rest_route=%2Fwp%2Fv2%2Fcategories&post=19633"},{"taxonomy":"post_tag","embeddable":true,"href":"https:\/\/veteran.az\/index.php?rest_route=%2Fwp%2Fv2%2Ftags&post=19633"}],"curies":[{"name":"wp","href":"https:\/\/api.w.org\/{rel}","templated":true}]}}