{"id":19613,"date":"2022-11-18T11:23:30","date_gmt":"2022-11-18T07:23:30","guid":{"rendered":"http:\/\/veteran.az\/?p=19613"},"modified":"2022-11-18T11:23:31","modified_gmt":"2022-11-18T07:23:31","slug":"nensi-pelosi-istefa-verdi","status":"publish","type":"post","link":"https:\/\/veteran.az\/?p=19613","title":{"rendered":"Nensi Pelosi istefa verdi"},"content":{"rendered":"\n<p><strong>Nensi Pelosi AB\u015e Konqresinin N\u00fcmay\u0259nd\u0259l\u0259r Palatas\u0131ndak\u0131 Demokratlar Partiyas\u0131n\u0131n lideri v\u0259zif\u0259sini t\u0259rk edir.<\/strong><\/p>\n\n\n\n<p>O, bu bar\u0259d\u0259 qanunverici orqan\u0131n a\u015fa\u011f\u0131 palatas\u0131n\u0131n iclas\u0131ndak\u0131 \u00e7\u0131x\u0131\u015f\u0131nda bildirib.<\/p>\n\n\n\n<p>\u201cFraksiyam\u0131za b\u00f6y\u00fck inamla m\u0259n n\u00f6vb\u0259ti Konqresd\u0259 yenid\u0259n Demokratlar Partiyas\u0131n\u0131n lideri se\u00e7ilm\u0259y\u0259 can atmayaca\u011fam. \u00c7ox h\u00f6rm\u0259t etdiyim Demokratik fraksiyaya yeni n\u0259slin r\u0259hb\u0259rlik etm\u0259si vaxt\u0131d\u0131r. \u00c7oxlar\u0131n\u0131n bu b\u00f6y\u00fck m\u0259suliyy\u0259ti \u00e7iynin\u0259 g\u00f6t\u00fcrm\u0259y\u0259 haz\u0131r olduqlar\u0131na g\u00f6r\u0259 minn\u0259tdaram\u201d -dey\u0259, o bildirib.<\/p>\n\n\n\n<p>Buna baxmayaraq, o, t\u0259qa\u00fcd\u0259 \u00e7\u0131xm\u0131r, ancaq AB\u015e Konqresinin A\u015fa\u011f\u0131 Palatas\u0131nda i\u015fl\u0259m\u0259y\u0259 davam ed\u0259c\u0259k.<\/p>\n","protected":false},"excerpt":{"rendered":"<p>Nensi Pelosi AB\u015e Konqresinin N\u00fcmay\u0259nd\u0259l\u0259r Palatas\u0131ndak\u0131 Demokratlar Partiyas\u0131n\u0131n lideri v\u0259zif\u0259sini t\u0259rk edir. O, bu bar\u0259d\u0259&#8230;<\/p>\n","protected":false},"author":3,"featured_media":0,"comment_status":"closed","ping_status":"closed","sticky":false,"template":"","format":"standard","meta":{"footnotes":""},"categories":[7],"tags":[],"class_list":["post-19613","post","type-post","status-publish","format-standard","hentry","category-dunya"],"featured_image_urls":{"full":"","thumbnail":"","medium":"","medium_large":"","large":"","1536x1536":"","2048x2048":"","covernews-slider-full":"","covernews-slider-center":"","covernews-featured":"","covernews-medium":"","covernews-medium-square":""},"author_info":{"display_name":"Veteran.az","author_link":"https:\/\/veteran.az\/?author=3"},"category_info":"<a href=\"https:\/\/veteran.az\/?cat=7\" rel=\"category\">D\u00fcnya<\/a>","tag_info":"D\u00fcnya","comment_count":"0","_links":{"self":[{"href":"https:\/\/veteran.az\/index.php?rest_route=\/wp\/v2\/posts\/19613","targetHints":{"allow":["GET"]}}],"collection":[{"href":"https:\/\/veteran.az\/index.php?rest_route=\/wp\/v2\/posts"}],"about":[{"href":"https:\/\/veteran.az\/index.php?rest_route=\/wp\/v2\/types\/post"}],"author":[{"embeddable":true,"href":"https:\/\/veteran.az\/index.php?rest_route=\/wp\/v2\/users\/3"}],"replies":[{"embeddable":true,"href":"https:\/\/veteran.az\/index.php?rest_route=%2Fwp%2Fv2%2Fcomments&post=19613"}],"version-history":[{"count":1,"href":"https:\/\/veteran.az\/index.php?rest_route=\/wp\/v2\/posts\/19613\/revisions"}],"predecessor-version":[{"id":19615,"href":"https:\/\/veteran.az\/index.php?rest_route=\/wp\/v2\/posts\/19613\/revisions\/19615"}],"wp:attachment":[{"href":"https:\/\/veteran.az\/index.php?rest_route=%2Fwp%2Fv2%2Fmedia&parent=19613"}],"wp:term":[{"taxonomy":"category","embeddable":true,"href":"https:\/\/veteran.az\/index.php?rest_route=%2Fwp%2Fv2%2Fcategories&post=19613"},{"taxonomy":"post_tag","embeddable":true,"href":"https:\/\/veteran.az\/index.php?rest_route=%2Fwp%2Fv2%2Ftags&post=19613"}],"curies":[{"name":"wp","href":"https:\/\/api.w.org\/{rel}","templated":true}]}}