{"id":19537,"date":"2022-11-12T14:16:44","date_gmt":"2022-11-12T10:16:44","guid":{"rendered":"http:\/\/veteran.az\/?p=19537"},"modified":"2024-01-27T03:57:56","modified_gmt":"2024-01-26T23:57:56","slug":"12-noyabr-az%c9%99rbaycan-respublikasinin-konstitusiya-gunudur","status":"publish","type":"post","link":"https:\/\/veteran.az\/?p=19537","title":{"rendered":"12 noyabr \u2014 Az\u0259rbaycan Respublikas\u0131n\u0131n Konstitusiya G\u00fcn\u00fcd\u00fcr!"},"content":{"rendered":"\n<div class=\"wp-block-media-text alignwide is-stacked-on-mobile\" style=\"grid-template-columns:43% auto\"><figure class=\"wp-block-media-text__media\"><img decoding=\"async\" src=\"http:\/\/veteran.az\/wp-content\/uploads\/2022\/11\/313982401_685117759558664_1319886629330071583_n-1024x760.jpg\" alt=\"\" class=\"wp-image-19433 size-full\"\/><\/figure><div class=\"wp-block-media-text__content\">\n<p class=\"has-large-font-size\"><strong>Seyid M\u00fcbariz A\u011fa<\/strong><\/p>\n\n\n\n<p><strong>Az\u0259rbaycan V\u0259t\u0259n M\u00fcharib\u0259si Veteranlar\u0131 \u0130ctimai Birliyi (AVMV\u0130B) Neft\u00e7ala rayon \u015f\u00f6b\u0259si Bank\u0259 q\u0259s\u0259b\u0259si \u00d6z\u0259k s\u0259dri, ehtiyatda olan gizir<\/strong><\/p>\n<\/div><\/div>\n\n\n\n<p><strong>27 il bunda \u0259vv\u0259l Az\u0259rbaycan Respublikas\u0131n\u0131n Konstitusiyas\u0131n\u0131n q\u0259bul etdi. Haz\u0131rk\u0131 Konstitusiya 12 noyabr 1995-ci ild\u0259 \u00fcmumxalq referendumu \u0259sas\u0131nda q\u0259bul edilmi\u015fdir. Konstitusiyas\u0131 m\u00fcst\u0259qil Az\u0259rbaycan\u0131n ilk Konstitusiyas\u0131 idi. M\u0259lum oldu\u011fu kimi, 1918-1920-ci ill\u0259rd\u0259 23 ay m\u00f6vcud olmu\u015f Az\u0259rbaycan Xalq C\u00fcmhuriyy\u0259ti d\u00f6vl\u0259tin \u0259sas Qanununu q\u0259bul ed\u0259 bilm\u0259mi\u015fdi. <\/strong><\/p>\n\n\n\n<p>Az\u0259rbaycan m\u00fcst\u0259qillik \u0259ld\u0259 etdikd\u0259n sonra yeni Konstitusiyan\u0131n haz\u0131rlanmas\u0131 z\u0259rur\u0259ti yarand\u0131. Bunun \u00fc\u00e7\u00fcn Prezident Heyd\u0259r \u018fliyev ba\u015fda olmaqla x\u00fcsusi komissiya yarad\u0131lm\u0131\u015f, Konstitusiya layih\u0259si \u00fcmumxalq m\u00fczakir\u0259sin\u0259 verilmi\u015fdi. 1995-ci il noyabr\u0131n 12-d\u0259 \u00fcmumxalq referendumu il\u0259 M\u00fcst\u0259qil Az\u0259rbaycan\u0131n ilk Konstitusiyas\u0131 q\u0259bul olunmu\u015fdur.<\/p>\n\n\n\n<p>Az\u0259rbaycan\u0131n yeni Konstitusiyas\u0131 5 b\u00f6lm\u0259d\u0259n, 12 f\u0259sild\u0259n v\u0259 158 madd\u0259d\u0259n ibar\u0259tdir.<\/p>\n\n\n\n<p>1996-c\u0131 il fevral\u0131n 6-da Prezident Hevd\u0259r \u018flivev s\u0259r\u0259ncam\u0131 il\u0259 novabr\u0131n12-i Konstitusiya g\u00fcn\u00fc elan edildi. Konstitusiyaya ilk \u0259lav\u0259 v\u0259 d\u0259yi\u015fiklikl\u0259r 24 avqust 2002-ci ild\u0259, son \u0259lav\u0259 v\u0259 d\u0259yi\u015fiklikl\u0259r is\u0259 26 sentyabr 2016-c\u0131 ild\u0259 referendum yolu il\u0259 edilib. <\/p>\n\n\n\n<p>24 avqust 2002-ci ild\u0259 Konstitusiyan\u0131n 22 madd\u0259sin\u0259 \u00fcmumilikd\u0259 31, 2009-cu ilin mart\u0131n 18-d\u0259 ke\u00e7iril\u0259n referendumla Az\u0259rbaycan Respublikas\u0131 Konstitusiyan\u0131n 29 madd\u0259sin\u0259 \u00fcmumilikd\u0259 41 \u0259lav\u0259 v\u0259 d\u0259yi\u015fiklik edilib. 2016-c\u0131 il sentyabr\u0131n 26-da ke\u00e7irilmi\u015f referendumla Konstitusiyan\u0131n 23 madd\u0259sin\u0259 \u0259lav\u0259 v\u0259 d\u00fcz\u0259li\u015fl\u0259r, habel\u0259 yeni 6 madd\u0259 \u0259lav\u0259 edilib&#187;Az\u0259rbaycan Respublikas\u0131n\u0131n d\u00f6vl\u0259t m\u00fcst\u0259qilliyi haqq\u0131nda&#187; Konstitusiya Akt\u0131nda \u0259ks olunan prinsipl\u0259ri \u0259sas g\u00f6t\u00fcr\u0259r\u0259k, b\u00fct\u00fcn c\u0259miyy\u0259tin v\u0259 h\u0259r k\u0259sin firavanl\u0131\u011f\u0131n\u0131n t\u0259min edilm\u0259sini arzulayaraq, \u0259dal\u0259tin, azadl\u0131\u011f\u0131n v\u0259 t\u0259hl\u00fck\u0259sizliyin b\u0259rq\u0259rar edilm\u0259sini ist\u0259y\u0259r\u0259k, ke\u00e7mi\u015f, indiki v\u0259 g\u0259l\u0259c\u0259k n\u0259sill\u0259r qar\u015f\u0131s\u0131nda \u00f6z m\u0259suliyy\u0259tini anlayaraq, suveren h\u00fcququndan istifad\u0259 ed\u0259r\u0259k, t\u0259nt\u0259n\u0259li sur\u0259td\u0259 a\u015fa\u011f\u0131dak\u0131 niyy\u0259tl\u0259rini b\u0259yan edir:<\/p>\n\n\n\n<p> &#8212; Az\u0259rbaycan d\u00f6vl\u0259tinin m\u00fcst\u0259qilliyini, suverenliyini v\u0259 \u0259razi b\u00fct\u00f6vl\u00fcy\u00fcn\u00fc qorumaq; &#8212; Konstitusiya \u00e7\u0259r\u00e7iv\u0259sind\u0259 demokratik qurulu\u015fa t\u0259minat verm\u0259k; &#8212; v\u0259t\u0259nda\u015f c\u0259miyy\u0259tinin b\u0259rq\u0259rar edilm\u0259sin\u0259 nail olmaq; <\/p>\n\n\n\n<p>&#8212; xalq\u0131n irad\u0259sinin ifad\u0259si kimi qanunlar\u0131n aliliyini t\u0259min ed\u0259n h\u00fcquqi, d\u00fcny\u0259vi d\u00f6vl\u0259t qurmaq; &#8212; \u0259dal\u0259tli iqtisadi v\u0259 sosial qaydalara uy\u011fun olaraq ham\u0131n\u0131n layiqli h\u0259yat s\u0259viyy\u0259sini t\u0259min etm\u0259k;<\/p>\n\n\n\n<p> &#8212; \u00fcmumb\u0259\u015f\u0259ri d\u0259y\u0259rl\u0259r\u0259 sadiq olaraq b\u00fct\u00fcn d\u00fcnya xalqlar\u0131 il\u0259 dostluq, s\u00fclh v\u0259 \u0259min-amanl\u0131q \u015f\u0259raitind\u0259 ya\u015famaq v\u0259 bu m\u0259qs\u0259dl\u0259 qar\u015f\u0131l\u0131ql\u0131 f\u0259aliyy\u0259t g\u00f6st\u0259rm\u0259k.Yuxar\u0131da sadalanan \u00fclvi niyy\u0259tl\u0259rl\u0259 \u00fcmumxalq s\u0259sverm\u0259si &#8212; referendum yolu il\u0259 bu Konstitusiya q\u0259bul edilir.<\/p>\n\n\n\n<p><strong>12 noyabr \u2014 Az\u0259rbaycan Respublikas\u0131n\u0131n Konstitusiya G\u00fcn\u00fcd\u00fcr! <\/strong><\/p>\n\n\n\n<p><strong>Konstitutsiya gun\u00fcn\u00fcz\u00fc t\u0259brik edir\u0259m!<\/strong><\/p>\n","protected":false},"excerpt":{"rendered":"<p>Seyid M\u00fcbariz A\u011fa Az\u0259rbaycan V\u0259t\u0259n M\u00fcharib\u0259si Veteranlar\u0131 \u0130ctimai Birliyi (AVMV\u0130B) Neft\u00e7ala rayon \u015f\u00f6b\u0259si Bank\u0259 q\u0259s\u0259b\u0259si&#8230;<\/p>\n","protected":false},"author":3,"featured_media":0,"comment_status":"closed","ping_status":"closed","sticky":false,"template":"","format":"standard","meta":{"footnotes":""},"categories":[4],"tags":[],"class_list":["post-19537","post","type-post","status-publish","format-standard","hentry","category-tarix"],"featured_image_urls":{"full":"","thumbnail":"","medium":"","medium_large":"","large":"","1536x1536":"","2048x2048":"","covernews-slider-full":"","covernews-slider-center":"","covernews-featured":"","covernews-medium":"","covernews-medium-square":""},"author_info":{"display_name":"Veteran.az","author_link":"https:\/\/veteran.az\/?author=3"},"category_info":"<a href=\"https:\/\/veteran.az\/?cat=4\" rel=\"category\">Tarix<\/a>","tag_info":"Tarix","comment_count":"0","_links":{"self":[{"href":"https:\/\/veteran.az\/index.php?rest_route=\/wp\/v2\/posts\/19537","targetHints":{"allow":["GET"]}}],"collection":[{"href":"https:\/\/veteran.az\/index.php?rest_route=\/wp\/v2\/posts"}],"about":[{"href":"https:\/\/veteran.az\/index.php?rest_route=\/wp\/v2\/types\/post"}],"author":[{"embeddable":true,"href":"https:\/\/veteran.az\/index.php?rest_route=\/wp\/v2\/users\/3"}],"replies":[{"embeddable":true,"href":"https:\/\/veteran.az\/index.php?rest_route=%2Fwp%2Fv2%2Fcomments&post=19537"}],"version-history":[{"count":1,"href":"https:\/\/veteran.az\/index.php?rest_route=\/wp\/v2\/posts\/19537\/revisions"}],"predecessor-version":[{"id":19539,"href":"https:\/\/veteran.az\/index.php?rest_route=\/wp\/v2\/posts\/19537\/revisions\/19539"}],"wp:attachment":[{"href":"https:\/\/veteran.az\/index.php?rest_route=%2Fwp%2Fv2%2Fmedia&parent=19537"}],"wp:term":[{"taxonomy":"category","embeddable":true,"href":"https:\/\/veteran.az\/index.php?rest_route=%2Fwp%2Fv2%2Fcategories&post=19537"},{"taxonomy":"post_tag","embeddable":true,"href":"https:\/\/veteran.az\/index.php?rest_route=%2Fwp%2Fv2%2Ftags&post=19537"}],"curies":[{"name":"wp","href":"https:\/\/api.w.org\/{rel}","templated":true}]}}