{"id":19027,"date":"2022-10-21T00:12:15","date_gmt":"2022-10-20T20:12:15","guid":{"rendered":"http:\/\/veteran.az\/?p=19027"},"modified":"2022-10-21T00:12:16","modified_gmt":"2022-10-20T20:12:16","slug":"haber-global-%c9%99rdogandan-q%c9%99rb%c9%99-c%c9%99brayil-mesaji","status":"publish","type":"post","link":"https:\/\/veteran.az\/?p=19027","title":{"rendered":"\u201cHaber Global\u201d: \u018frdo\u011fandan Q\u0259rb\u0259 C\u0259bray\u0131l mesaj\u0131"},"content":{"rendered":"\n<p>T\u00fcrkiy\u0259 Prezidenti&nbsp;<strong>R\u0259c\u0259b Tayyib \u018frdo\u011fan<\/strong>&nbsp;C\u0259bray\u0131lda olark\u0259n erm\u0259nil\u0259rin rayonu vurduqlar\u0131 z\u0259r\u0259ri xat\u0131rlatd\u0131 v\u0259 Erm\u0259nistandan t\u0259zminat t\u0259l\u0259bini g\u00fcnd\u0259m\u0259 g\u0259tirdi.<\/p>\n\n\n\n<p>Bu bar\u0259d\u0259 Haber Global-\u0131n s\u00fcjetind\u0259 bildirilir.<\/p>\n\n\n\n<p>Qeyd olunur ki, Prezident \u018frdo\u011fan C\u0259bray\u0131ldan Q\u0259rb\u0259 s\u0259rt mesaj verib. O, Q\u0259rb d\u00f6vl\u0259tl\u0259ri n\u00fcmay\u0259nd\u0259l\u0259rini b\u00f6lg\u0259y\u0259 g\u0259l\u0259r\u0259k \u00f6z r\u00fcsvay\u00e7\u0131 yanl\u0131\u015fl\u0131qlar\u0131na tama\u015fa etm\u0259y\u0259 d\u0259v\u0259t edib.<\/p>\n\n\n\n<p>\u201cErm\u0259nil\u0259r i\u015f\u011fal ill\u0259rind\u0259 bu torpaqlar\u0131 n\u0259 hala sal\u0131blar. M\u0259n qarda\u015f\u0131m Prezident \u0130lham \u018fliyevd\u0259n soru\u015fdum ki, AT\u018fT, Avropa \u0130ttifaq\u0131 v\u0259 dig\u0259rl\u0259ri he\u00e7 buralara g\u0259lib v\u0259ziyy\u0259ti g\u00f6rm\u0259dil\u0259rmi? Yox, g\u0259lmirl\u0259r. Niy\u0259? \u00c7\u00fcnki \u00f6z \u00fcz qaralar\u0131n\u0131 g\u00f6r\u0259c\u0259kl\u0259r. Q\u0259rbin etdikl\u0259rini g\u00f6r\u0259c\u0259kl\u0259r. Bu m\u0259s\u0259l\u0259ni Beyn\u0259lxalq \u018fdal\u0259t M\u0259hk\u0259m\u0259sind\u0259 qald\u0131raraq t\u0259zminat ist\u0259m\u0259k laz\u0131md\u0131r\u201d, &#8212; dey\u0259 \u018frdo\u011fan b\u0259yan edib.<\/p>\n\n\n\n<p>Daha \u0259trafl\u0131 Haber Global-\u0131n s\u00fcjetind\u0259:<\/p>\n\n\n\n<figure class=\"wp-block-embed is-type-video is-provider-youtube wp-block-embed-youtube wp-embed-aspect-16-9 wp-has-aspect-ratio\"><div class=\"wp-block-embed__wrapper\">\n<iframe loading=\"lazy\" title=\"Erdo\u011fan&#039;dan Bat\u0131ya Cebray\u0131l Tepkisi\" width=\"640\" height=\"360\" src=\"https:\/\/www.youtube.com\/embed\/rn6uwmkpuGY?feature=oembed\" frameborder=\"0\" allow=\"accelerometer; autoplay; clipboard-write; encrypted-media; gyroscope; picture-in-picture; web-share\" referrerpolicy=\"strict-origin-when-cross-origin\" allowfullscreen><\/iframe>\n<\/div><\/figure>\n","protected":false},"excerpt":{"rendered":"<p>T\u00fcrkiy\u0259 Prezidenti&nbsp;R\u0259c\u0259b Tayyib \u018frdo\u011fan&nbsp;C\u0259bray\u0131lda olark\u0259n erm\u0259nil\u0259rin rayonu vurduqlar\u0131 z\u0259r\u0259ri xat\u0131rlatd\u0131 v\u0259 Erm\u0259nistandan t\u0259zminat t\u0259l\u0259bini g\u00fcnd\u0259m\u0259&#8230;<\/p>\n","protected":false},"author":3,"featured_media":0,"comment_status":"closed","ping_status":"closed","sticky":false,"template":"","format":"standard","meta":{"footnotes":""},"categories":[9],"tags":[],"class_list":["post-19027","post","type-post","status-publish","format-standard","hentry","category-sq"],"featured_image_urls":{"full":"","thumbnail":"","medium":"","medium_large":"","large":"","1536x1536":"","2048x2048":"","covernews-slider-full":"","covernews-slider-center":"","covernews-featured":"","covernews-medium":"","covernews-medium-square":""},"author_info":{"display_name":"Veteran.az","author_link":"https:\/\/veteran.az\/?author=3"},"category_info":"<a href=\"https:\/\/veteran.az\/?cat=9\" rel=\"category\">Silahl\u0131 Q\u00fcvv\u0259l\u0259r<\/a>","tag_info":"Silahl\u0131 Q\u00fcvv\u0259l\u0259r","comment_count":"0","_links":{"self":[{"href":"https:\/\/veteran.az\/index.php?rest_route=\/wp\/v2\/posts\/19027","targetHints":{"allow":["GET"]}}],"collection":[{"href":"https:\/\/veteran.az\/index.php?rest_route=\/wp\/v2\/posts"}],"about":[{"href":"https:\/\/veteran.az\/index.php?rest_route=\/wp\/v2\/types\/post"}],"author":[{"embeddable":true,"href":"https:\/\/veteran.az\/index.php?rest_route=\/wp\/v2\/users\/3"}],"replies":[{"embeddable":true,"href":"https:\/\/veteran.az\/index.php?rest_route=%2Fwp%2Fv2%2Fcomments&post=19027"}],"version-history":[{"count":1,"href":"https:\/\/veteran.az\/index.php?rest_route=\/wp\/v2\/posts\/19027\/revisions"}],"predecessor-version":[{"id":19029,"href":"https:\/\/veteran.az\/index.php?rest_route=\/wp\/v2\/posts\/19027\/revisions\/19029"}],"wp:attachment":[{"href":"https:\/\/veteran.az\/index.php?rest_route=%2Fwp%2Fv2%2Fmedia&parent=19027"}],"wp:term":[{"taxonomy":"category","embeddable":true,"href":"https:\/\/veteran.az\/index.php?rest_route=%2Fwp%2Fv2%2Fcategories&post=19027"},{"taxonomy":"post_tag","embeddable":true,"href":"https:\/\/veteran.az\/index.php?rest_route=%2Fwp%2Fv2%2Ftags&post=19027"}],"curies":[{"name":"wp","href":"https:\/\/api.w.org\/{rel}","templated":true}]}}