{"id":19018,"date":"2022-10-20T14:47:54","date_gmt":"2022-10-20T10:47:54","guid":{"rendered":"http:\/\/veteran.az\/?p=19018"},"modified":"2022-10-20T14:47:54","modified_gmt":"2022-10-20T10:47:54","slug":"iranin-ir%c9%99vana-ged%c9%99n-naziri-az%c9%99rbaycani-h%c9%99d%c9%99l%c9%99di","status":"publish","type":"post","link":"https:\/\/veteran.az\/?p=19018","title":{"rendered":"\u0130ran\u0131n \u0130r\u0259vana ged\u0259n naziri Az\u0259rbaycan\u0131 H\u018fD\u018fL\u018fD\u0130"},"content":{"rendered":"\n<p><strong>\u0130ran\u0131n xarici i\u015fl\u0259r naziri H\u00fcseyn \u018fmir Abdollahian \u00e7\u0259r\u015f\u0259nb\u0259 g\u00fcn\u00fc bildirib ki, bir s\u0131ra xarici \u015f\u0259xsl\u0259r v\u0259 r\u0259smi qurumlar\u0131n adlar\u0131 \u0130ran Xarici \u0130\u015fl\u0259r Nazirliyinin \u201cqara siyah\u0131\u201ds\u0131na sal\u0131nacaq.<\/strong><\/p>\n\n\n\n<p><strong>Qlobal.net<\/strong>&nbsp;x\u0259b\u0259r verir ki, nazirin&nbsp;s\u00f6zl\u0259rin\u0259 g\u00f6r\u0259, sanksiya t\u0259tbiq edil\u0259n \u015f\u0259xsl\u0259r v\u0259 qurumlar\u0131n \u201cqara siyah\u0131\u201ds\u0131 tezlikl\u0259 a\u00e7\u0131qlanacaq.<\/p>\n\n\n\n<p>Birt\u0259r\u0259fli sanksiyalar\u0131n insan h\u00fcquqlar\u0131n\u0131 pozmaq \u00fc\u00e7\u00fcn m\u00fcasir al\u0259t\u0259 \u00e7evrildiyini dey\u0259n \u018fmir Abdollahian \u201cxaos v\u0259 terror ard\u0131nca ged\u0259n b\u0259zi \u00f6lk\u0259l\u0259r\u201din bu h\u0259r\u0259k\u0259tini pisl\u0259yib, deyib ki, onlar bu yax\u0131nlarda \u0130randa d\u00fcnyas\u0131n\u0131 d\u0259yi\u015f\u0259n g\u0259nc xan\u0131m \u00fc\u00e7\u00fcn timsah g\u00f6z ya\u015flar\u0131 t\u00f6k\u00fcbl\u0259r.<\/p>\n\n\n\n<p>\u0130ran\u0131n xarici i\u015fl\u0259r naziri qeyd edib ki, \u00f6lk\u0259sin\u0259 qar\u015f\u0131 bu c\u00fcr sanksiyalar\u0131n t\u0259tbiqi prosesind\u0259 i\u015ftirak ed\u0259n r\u0259smil\u0259r v\u0259 qurumlar Xarici \u0130\u015fl\u0259r Nazirliyi t\u0259r\u0259find\u0259n \u201cterror\u00e7u qruplar\u201d hesab olunacaq.<\/p>\n\n\n\n<p>H\u00fcseyn \u018fmir Abdollahian deyib ki, \u0130ran Erm\u0259nistanla \u0259laq\u0259sinin k\u0259silm\u0259sin\u0259 imkan verm\u0259y\u0259c\u0259k. Bununla o, &#171;Z\u0259ng\u0259zur d\u0259hlizi&#187;nin a\u00e7\u0131lmas\u0131na qar\u015f\u0131 olduqlar\u0131n\u0131 bir daha dil\u0259 g\u0259tirm\u0259kl\u0259&nbsp;Az\u0259rbaycan\u0131 t\u0259hdid edib.<\/p>\n\n\n\n<p>Nazirin s\u00f6zl\u0259rin\u0259 g\u00f6r\u0259, bu m\u0259qs\u0259d\u0259 \u00e7atmaq \u00fc\u00e7\u00fcn \u0130ran \u0130slam Respublikas\u0131 b\u00f6lg\u0259d\u0259 (Az\u0259rbaycan v\u0259 Erm\u0259nistan s\u0259rh\u0259ddi yax\u0131nl\u0131\u011f\u0131nda-red.) h\u0259rbi t\u0259liml\u0259r ke\u00e7irir.<\/p>\n\n\n\n<p>El\u0259 bu g\u00fcn erm\u0259nil\u0259rin fars qarda\u015f\u0131 <strong>H\u00fcseyn \u018fmir Abdullahian Erm\u0259nistana s\u0259f\u0259r ed\u0259c\u0259k.<\/strong><\/p>\n\n\n\n<p>Bu bar\u0259d\u0259 Erm\u0259nistan Xarici \u0130\u015fl\u0259r Nazirliyi m\u0259lumat yay\u0131b.<\/p>\n\n\n\n<p>M\u0259lumata g\u00f6r\u0259, s\u0259f\u0259r bu g\u00fcn ba\u015f tutacaq.<\/p>\n\n\n\n<p>S\u0259f\u0259r zaman\u0131 iranl\u0131 nazir Erm\u0259nistan X\u0130N ba\u015f\u00e7\u0131s\u0131 Ararat Mirzoyan, Ba\u015f nazir Nikol Pa\u015finyan v\u0259 parlamentin spikeri Alen Simonyanla g\u00f6r\u00fc\u015f\u0259c\u0259k.<\/p>\n","protected":false},"excerpt":{"rendered":"<p>\u0130ran\u0131n xarici i\u015fl\u0259r naziri H\u00fcseyn \u018fmir Abdollahian \u00e7\u0259r\u015f\u0259nb\u0259 g\u00fcn\u00fc bildirib ki, bir s\u0131ra xarici \u015f\u0259xsl\u0259r&#8230;<\/p>\n","protected":false},"author":3,"featured_media":0,"comment_status":"closed","ping_status":"closed","sticky":false,"template":"","format":"standard","meta":{"footnotes":""},"categories":[7],"tags":[],"class_list":["post-19018","post","type-post","status-publish","format-standard","hentry","category-dunya"],"featured_image_urls":{"full":"","thumbnail":"","medium":"","medium_large":"","large":"","1536x1536":"","2048x2048":"","covernews-slider-full":"","covernews-slider-center":"","covernews-featured":"","covernews-medium":"","covernews-medium-square":""},"author_info":{"display_name":"Veteran.az","author_link":"https:\/\/veteran.az\/?author=3"},"category_info":"<a href=\"https:\/\/veteran.az\/?cat=7\" rel=\"category\">D\u00fcnya<\/a>","tag_info":"D\u00fcnya","comment_count":"0","_links":{"self":[{"href":"https:\/\/veteran.az\/index.php?rest_route=\/wp\/v2\/posts\/19018","targetHints":{"allow":["GET"]}}],"collection":[{"href":"https:\/\/veteran.az\/index.php?rest_route=\/wp\/v2\/posts"}],"about":[{"href":"https:\/\/veteran.az\/index.php?rest_route=\/wp\/v2\/types\/post"}],"author":[{"embeddable":true,"href":"https:\/\/veteran.az\/index.php?rest_route=\/wp\/v2\/users\/3"}],"replies":[{"embeddable":true,"href":"https:\/\/veteran.az\/index.php?rest_route=%2Fwp%2Fv2%2Fcomments&post=19018"}],"version-history":[{"count":1,"href":"https:\/\/veteran.az\/index.php?rest_route=\/wp\/v2\/posts\/19018\/revisions"}],"predecessor-version":[{"id":19020,"href":"https:\/\/veteran.az\/index.php?rest_route=\/wp\/v2\/posts\/19018\/revisions\/19020"}],"wp:attachment":[{"href":"https:\/\/veteran.az\/index.php?rest_route=%2Fwp%2Fv2%2Fmedia&parent=19018"}],"wp:term":[{"taxonomy":"category","embeddable":true,"href":"https:\/\/veteran.az\/index.php?rest_route=%2Fwp%2Fv2%2Fcategories&post=19018"},{"taxonomy":"post_tag","embeddable":true,"href":"https:\/\/veteran.az\/index.php?rest_route=%2Fwp%2Fv2%2Ftags&post=19018"}],"curies":[{"name":"wp","href":"https:\/\/api.w.org\/{rel}","templated":true}]}}