{"id":18754,"date":"2022-09-28T00:45:23","date_gmt":"2022-09-27T20:45:23","guid":{"rendered":"http:\/\/veteran.az\/?p=18754"},"modified":"2022-09-28T00:45:23","modified_gmt":"2022-09-27T20:45:23","slug":"avmvib-yardimli-rayon-sob%c9%99si-daha-2-ail%c9%99y%c9%99-yardim-edib","status":"publish","type":"post","link":"https:\/\/veteran.az\/?p=18754","title":{"rendered":"AVMV\u0130B Yard\u0131ml\u0131 rayon \u015f\u00f6b\u0259si daha 2 ail\u0259y\u0259 yard\u0131m edib"},"content":{"rendered":"\n<p><strong>Az\u0259rbaycan V\u0259t\u0259n M\u00fcharib\u0259si Veteranlar\u0131 \u0130ctimai Birliyi (AVMV\u0130B) Yard\u0131ml\u0131 rayon \u015f\u00f6b\u0259si daha 2 az t\u0259minatl\u0131 ail\u0259y\u0259 d\u0259st\u0259k olub.<\/strong><\/p>\n\n\n\n<p>Az\u0259rbaycan V\u0259t\u0259n M\u00fcharib\u0259si Veteranlar\u0131 \u0130ctimai Birliyi (AVMV\u0130B) Yard\u0131ml\u0131 rayon \u015f\u00f6b\u0259sinin s\u0259dri May\u0131lxan \u018fliyev bildirib ki, bu ail\u0259l\u0259rd\u0259n olan 3 u\u015faq t\u0259r\u0259fimizd\u0259n sevindirilmisdir. Onlara laz\u0131m olan b\u00fct\u00fcn geyim \u0259\u015fyalar\u0131 t\u0259min edilmi\u015fdir.<\/p>\n\n\n\n<p>Bu i\u015fd\u0259 biz\u0259 d\u0259st\u0259k olan Hac\u0131 S\u0259miy\u0259 v\u0259 Rasim S\u0259rifova AVMV\u0130B v\u0259 \u00f6z ad\u0131mdan t\u0259\u015f\u0259kk\u00fcr\u00fcm\u00fc bildirir\u0259m. Allah onlara min \u0259v\u0259zini versin. Bu xeyirxah i\u015fi davam&#187; deyirl\u0259r.<\/p>\n\n\n\n<figure class=\"wp-block-image size-large\"><img loading=\"lazy\" decoding=\"async\" width=\"770\" height=\"1024\" src=\"http:\/\/veteran.az\/wp-content\/uploads\/2022\/09\/308658104_584468846695457_4383652714946985861_n-770x1024.jpg\" alt=\"\" class=\"wp-image-18755\" srcset=\"https:\/\/veteran.az\/wp-content\/uploads\/2022\/09\/308658104_584468846695457_4383652714946985861_n-770x1024.jpg 770w, https:\/\/veteran.az\/wp-content\/uploads\/2022\/09\/308658104_584468846695457_4383652714946985861_n-226x300.jpg 226w, https:\/\/veteran.az\/wp-content\/uploads\/2022\/09\/308658104_584468846695457_4383652714946985861_n-768x1021.jpg 768w, https:\/\/veteran.az\/wp-content\/uploads\/2022\/09\/308658104_584468846695457_4383652714946985861_n.jpg 963w\" sizes=\"auto, (max-width: 770px) 100vw, 770px\" \/><\/figure>\n","protected":false},"excerpt":{"rendered":"<p>Az\u0259rbaycan V\u0259t\u0259n M\u00fcharib\u0259si Veteranlar\u0131 \u0130ctimai Birliyi (AVMV\u0130B) Yard\u0131ml\u0131 rayon \u015f\u00f6b\u0259si daha 2 az t\u0259minatl\u0131 ail\u0259y\u0259&#8230;<\/p>\n","protected":false},"author":3,"featured_media":18756,"comment_status":"closed","ping_status":"closed","sticky":false,"template":"","format":"standard","meta":{"footnotes":""},"categories":[12],"tags":[],"class_list":["post-18754","post","type-post","status-publish","format-standard","has-post-thumbnail","hentry","category-veteran"],"featured_image_urls":{"full":["https:\/\/veteran.az\/wp-content\/uploads\/2022\/09\/308278049_462725785912732_1601189298883414701_n.jpg",963,1280,false],"thumbnail":["https:\/\/veteran.az\/wp-content\/uploads\/2022\/09\/308278049_462725785912732_1601189298883414701_n-150x150.jpg",150,150,true],"medium":["https:\/\/veteran.az\/wp-content\/uploads\/2022\/09\/308278049_462725785912732_1601189298883414701_n-226x300.jpg",226,300,true],"medium_large":["https:\/\/veteran.az\/wp-content\/uploads\/2022\/09\/308278049_462725785912732_1601189298883414701_n-768x1021.jpg",640,851,true],"large":["https:\/\/veteran.az\/wp-content\/uploads\/2022\/09\/308278049_462725785912732_1601189298883414701_n-770x1024.jpg",640,851,true],"1536x1536":["https:\/\/veteran.az\/wp-content\/uploads\/2022\/09\/308278049_462725785912732_1601189298883414701_n.jpg",963,1280,false],"2048x2048":["https:\/\/veteran.az\/wp-content\/uploads\/2022\/09\/308278049_462725785912732_1601189298883414701_n.jpg",963,1280,false],"covernews-slider-full":["https:\/\/veteran.az\/wp-content\/uploads\/2022\/09\/308278049_462725785912732_1601189298883414701_n-963x1020.jpg",675,715,true],"covernews-slider-center":["https:\/\/veteran.az\/wp-content\/uploads\/2022\/09\/308278049_462725785912732_1601189298883414701_n-936x897.jpg",522,500,true],"covernews-featured":["https:\/\/veteran.az\/wp-content\/uploads\/2022\/09\/308278049_462725785912732_1601189298883414701_n.jpg",963,1280,false],"covernews-medium":["https:\/\/veteran.az\/wp-content\/uploads\/2022\/09\/308278049_462725785912732_1601189298883414701_n-720x380.jpg",540,285,true],"covernews-medium-square":["https:\/\/veteran.az\/wp-content\/uploads\/2022\/09\/308278049_462725785912732_1601189298883414701_n-675x450.jpg",375,250,true]},"author_info":{"display_name":"Veteran.az","author_link":"https:\/\/veteran.az\/?author=3"},"category_info":"<a href=\"https:\/\/veteran.az\/?cat=12\" rel=\"category\">Veteran d\u00fcnyas\u0131<\/a>","tag_info":"Veteran d\u00fcnyas\u0131","comment_count":"0","_links":{"self":[{"href":"https:\/\/veteran.az\/index.php?rest_route=\/wp\/v2\/posts\/18754","targetHints":{"allow":["GET"]}}],"collection":[{"href":"https:\/\/veteran.az\/index.php?rest_route=\/wp\/v2\/posts"}],"about":[{"href":"https:\/\/veteran.az\/index.php?rest_route=\/wp\/v2\/types\/post"}],"author":[{"embeddable":true,"href":"https:\/\/veteran.az\/index.php?rest_route=\/wp\/v2\/users\/3"}],"replies":[{"embeddable":true,"href":"https:\/\/veteran.az\/index.php?rest_route=%2Fwp%2Fv2%2Fcomments&post=18754"}],"version-history":[{"count":1,"href":"https:\/\/veteran.az\/index.php?rest_route=\/wp\/v2\/posts\/18754\/revisions"}],"predecessor-version":[{"id":18757,"href":"https:\/\/veteran.az\/index.php?rest_route=\/wp\/v2\/posts\/18754\/revisions\/18757"}],"wp:featuredmedia":[{"embeddable":true,"href":"https:\/\/veteran.az\/index.php?rest_route=\/wp\/v2\/media\/18756"}],"wp:attachment":[{"href":"https:\/\/veteran.az\/index.php?rest_route=%2Fwp%2Fv2%2Fmedia&parent=18754"}],"wp:term":[{"taxonomy":"category","embeddable":true,"href":"https:\/\/veteran.az\/index.php?rest_route=%2Fwp%2Fv2%2Fcategories&post=18754"},{"taxonomy":"post_tag","embeddable":true,"href":"https:\/\/veteran.az\/index.php?rest_route=%2Fwp%2Fv2%2Ftags&post=18754"}],"curies":[{"name":"wp","href":"https:\/\/api.w.org\/{rel}","templated":true}]}}