{"id":18733,"date":"2022-09-26T14:00:59","date_gmt":"2022-09-26T10:00:59","guid":{"rendered":"http:\/\/veteran.az\/?p=18733"},"modified":"2022-09-26T14:01:00","modified_gmt":"2022-09-26T10:01:00","slug":"sabah-az%c9%99rbaycanda-anim-gunudur","status":"publish","type":"post","link":"https:\/\/veteran.az\/?p=18733","title":{"rendered":"Sabah Az\u0259rbaycanda An\u0131m G\u00fcn\u00fcd\u00fcr"},"content":{"rendered":"\n<p><strong>Sabah Erm\u0259nistan\u0131n Az\u0259rbaycana qar\u015f\u0131 h\u0259rbi t\u0259xribatlar\u0131n\u0131n, d\u00f6y\u00fc\u015f aktivliyinin qar\u015f\u0131s\u0131n\u0131 almaq, m\u00fclki \u0259halinin t\u0259hl\u00fck\u0259sizliyini t\u0259min etm\u0259k m\u0259qs\u0259dil\u0259 ba\u015flad\u0131lan V\u0259t\u0259n m\u00fcharib\u0259sind\u0259 canlar\u0131ndan ke\u00e7\u0259n q\u0259hr\u0259man \u015f\u0259hidl\u0259rimizin An\u0131m G\u00fcn\u00fcd\u00fcr<\/strong>.<\/p>\n\n\n\n<p>Art\u0131q ikinci ildir ki, sentyabr\u0131n 27-si Az\u0259rbaycanda An\u0131m G\u00fcn\u00fc kimi qeyd olunacaq.<\/p>\n\n\n\n<p>An\u0131m G\u00fcn\u00fc il\u0259 \u0259laq\u0259dar m\u0259rk\u0259zi v\u0259 yerli icra hakimiyy\u0259ti strukturlar\u0131 \u00f6lk\u0259 miqyas\u0131nda bir s\u0131ra t\u0259dbirl\u0259r t\u0259\u015fkil ed\u0259c\u0259k, el\u0259c\u0259 d\u0259 \u00f6lk\u0259mizin xaricind\u0259 an\u0131m m\u0259rasiml\u0259ri ke\u00e7iril\u0259c\u0259k, V\u0259t\u0259n m\u00fcharib\u0259si q\u0259hr\u0259manlar\u0131 minn\u0259tdarl\u0131q hissi il\u0259 an\u0131lacaq, \u00f6lk\u0259mizin \u0259razi b\u00fct\u00f6vl\u00fcy\u00fcn\u00fcn b\u0259rpas\u0131 u\u011frunda canlar\u0131n\u0131 f\u0259da etmi\u015f \u015f\u0259hidl\u0259rimizin ruhuna b\u00f6y\u00fck ehtiram g\u00f6st\u0259ril\u0259c\u0259k.<\/p>\n\n\n\n<p>\u00d6t\u0259n il oldu\u011fu kimi bu il d\u0259 An\u0131m G\u00fcn\u00fcnd\u0259 \u015f\u0259hidl\u0259rimiz Az\u0259rbaycanda f\u0259aliyy\u0259t g\u00f6st\u0259r\u0259n dini m\u0259b\u0259dl\u0259rd\u0259 &#8212; m\u0259scidl\u0259rd\u0259, kils\u0259l\u0259rd\u0259, sinaqoqlarda d\u0259rin ehtiramla yad olunacaq, Az\u0259rbaycan\u0131n \u0259razi b\u00fct\u00f6vl\u00fcy\u00fc u\u011frunda can\u0131ndan ke\u00e7mi\u015f V\u0259t\u0259n \u00f6vladlar\u0131n\u0131n ruhuna dualar oxunacaq.<\/p>\n\n\n\n<p>Qeyd ed\u0259k ki, Prezident \u0130lham \u018fliyevin 2 dekabr 2020-ci il s\u0259r\u0259ncam\u0131na \u0259sas\u0259n V\u0259t\u0259n m\u00fcharib\u0259sind\u0259 q\u0259hr\u0259mancas\u0131na d\u00f6y\u00fc\u015fm\u00fc\u015f, \u00f6lk\u0259mizin \u0259razi b\u00fct\u00f6vl\u00fcy\u00fc yolunda canlar\u0131n\u0131 f\u0259da etmi\u015f \u0259sg\u0259r v\u0259 zabitl\u0259rimiz\u0259, b\u00fct\u00fcn \u015f\u0259hidl\u0259rimiz\u0259 d\u0259rin ehtiram \u0259lam\u0259ti olaraq h\u0259r il sentyabr\u0131n 27-i Az\u0259rbaycanda An\u0131m G\u00fcn\u00fc kimi qeyd edilir.<\/p>\n\n\n\n<p>Xat\u0131rladaq ki, 2020-ci ilin sentyabr\u0131n 27-d\u0259 M\u00fcz\u0259ff\u0259r Ali Ba\u015f Komandan \u0130lham \u018fliyevin r\u0259hb\u0259rliyi alt\u0131nda r\u0259\u015fad\u0259tli Az\u0259rbaycan Ordusu Erm\u0259nistan silahl\u0131 q\u00fcvv\u0259l\u0259rinin h\u0259rbi t\u0259xribatlar\u0131n\u0131n, d\u00f6y\u00fc\u015f aktivliyinin qar\u015f\u0131s\u0131n\u0131 almaq, m\u00fclki \u0259halinin t\u0259hl\u00fck\u0259sizliyini t\u0259min etm\u0259k m\u0259qs\u0259dil\u0259 b\u00fct\u00fcn c\u0259bh\u0259 boyu \u0259ks-h\u00fccum \u0259m\u0259liyyatlar\u0131na ba\u015flay\u0131b. 44 g\u00fcnl\u00fck V\u0259t\u0259n m\u00fcharib\u0259si Az\u0259rbaycan\u0131n h\u0259m d\u00f6y\u00fc\u015f meydan\u0131nda, h\u0259m d\u0259 siyasi masada q\u0259l\u0259b\u0259si il\u0259 ba\u015fa \u00e7at\u0131b.<\/p>\n\n\n\n<p>B\u00fct\u00fcn bunlara Az\u0259rbaycan Ordusunun 2908 \u015f\u0259hidinin qan\u0131 bahas\u0131na nail olunub. Bel\u0259likl\u0259, uzun ill\u0259r erm\u0259ni i\u015f\u011fal\u0131 alt\u0131nda olan Az\u0259rbaycan\u0131n \u0259z\u0259li v\u0259 \u0259b\u0259di torpaqlar\u0131 azad olunub. Bununla da Az\u0259rbaycan\u0131n \u0259razi b\u00fct\u00f6vl\u00fcy\u00fc b\u0259rpa olunub. Haz\u0131rda azad olunmu\u015f \u0259razil\u0259rd\u0259 b\u0259rpa v\u0259 yenid\u0259nqurma i\u015fl\u0259ri apar\u0131l\u0131r, el\u0259c\u0259 d\u0259 insanlar\u0131n \u00f6z yurdlar\u0131na qay\u0131d\u0131\u015f\u0131 t\u0259min olunur.<\/p>\n\n\n\n<p><strong>Allah \u015f\u0259hidl\u0259rimiz\u0259 r\u0259hm\u0259t el\u0259sin!<\/strong><\/p>\n\n\n\n<p>M\u0259nb\u0259: Qafqaz.media<\/p>\n\n\n\n<p><a href=\"https:\/\/mod.gov.az\/\/images\/pdf\/6b064b1312428f62f842328a94b85f09.pdf\">V\u0259t\u0259n m\u00fcharib\u0259sind\u0259 \u015f\u0259hid olmu\u015f h\u0259rbi qulluq\u00e7ular\u0131n siyah\u0131s\u0131<\/a><\/p>\n","protected":false},"excerpt":{"rendered":"<p>Sabah Erm\u0259nistan\u0131n Az\u0259rbaycana qar\u015f\u0131 h\u0259rbi t\u0259xribatlar\u0131n\u0131n, d\u00f6y\u00fc\u015f aktivliyinin qar\u015f\u0131s\u0131n\u0131 almaq, m\u00fclki \u0259halinin t\u0259hl\u00fck\u0259sizliyini t\u0259min etm\u0259k&#8230;<\/p>\n","protected":false},"author":3,"featured_media":18734,"comment_status":"closed","ping_status":"closed","sticky":false,"template":"","format":"standard","meta":{"footnotes":""},"categories":[6],"tags":[],"class_list":["post-18733","post","type-post","status-publish","format-standard","has-post-thumbnail","hentry","category-cmiyyt"],"featured_image_urls":{"full":["https:\/\/veteran.az\/wp-content\/uploads\/2022\/09\/IMG-20220924-WA0011-1.jpg",1600,721,false],"thumbnail":["https:\/\/veteran.az\/wp-content\/uploads\/2022\/09\/IMG-20220924-WA0011-1-150x150.jpg",150,150,true],"medium":["https:\/\/veteran.az\/wp-content\/uploads\/2022\/09\/IMG-20220924-WA0011-1-300x135.jpg",300,135,true],"medium_large":["https:\/\/veteran.az\/wp-content\/uploads\/2022\/09\/IMG-20220924-WA0011-1-768x346.jpg",640,288,true],"large":["https:\/\/veteran.az\/wp-content\/uploads\/2022\/09\/IMG-20220924-WA0011-1-1024x461.jpg",640,288,true],"1536x1536":["https:\/\/veteran.az\/wp-content\/uploads\/2022\/09\/IMG-20220924-WA0011-1-1536x692.jpg",1536,692,true],"2048x2048":["https:\/\/veteran.az\/wp-content\/uploads\/2022\/09\/IMG-20220924-WA0011-1.jpg",1600,721,false],"covernews-slider-full":["https:\/\/veteran.az\/wp-content\/uploads\/2022\/09\/IMG-20220924-WA0011-1-1536x721.jpg",1115,523,true],"covernews-slider-center":["https:\/\/veteran.az\/wp-content\/uploads\/2022\/09\/IMG-20220924-WA0011-1-936x721.jpg",649,500,true],"covernews-featured":["https:\/\/veteran.az\/wp-content\/uploads\/2022\/09\/IMG-20220924-WA0011-1-1024x461.jpg",1024,461,true],"covernews-medium":["https:\/\/veteran.az\/wp-content\/uploads\/2022\/09\/IMG-20220924-WA0011-1-720x380.jpg",540,285,true],"covernews-medium-square":["https:\/\/veteran.az\/wp-content\/uploads\/2022\/09\/IMG-20220924-WA0011-1-675x450.jpg",375,250,true]},"author_info":{"display_name":"Veteran.az","author_link":"https:\/\/veteran.az\/?author=3"},"category_info":"<a href=\"https:\/\/veteran.az\/?cat=6\" rel=\"category\">C\u0259miyy\u0259t<\/a>","tag_info":"C\u0259miyy\u0259t","comment_count":"0","_links":{"self":[{"href":"https:\/\/veteran.az\/index.php?rest_route=\/wp\/v2\/posts\/18733","targetHints":{"allow":["GET"]}}],"collection":[{"href":"https:\/\/veteran.az\/index.php?rest_route=\/wp\/v2\/posts"}],"about":[{"href":"https:\/\/veteran.az\/index.php?rest_route=\/wp\/v2\/types\/post"}],"author":[{"embeddable":true,"href":"https:\/\/veteran.az\/index.php?rest_route=\/wp\/v2\/users\/3"}],"replies":[{"embeddable":true,"href":"https:\/\/veteran.az\/index.php?rest_route=%2Fwp%2Fv2%2Fcomments&post=18733"}],"version-history":[{"count":1,"href":"https:\/\/veteran.az\/index.php?rest_route=\/wp\/v2\/posts\/18733\/revisions"}],"predecessor-version":[{"id":18735,"href":"https:\/\/veteran.az\/index.php?rest_route=\/wp\/v2\/posts\/18733\/revisions\/18735"}],"wp:featuredmedia":[{"embeddable":true,"href":"https:\/\/veteran.az\/index.php?rest_route=\/wp\/v2\/media\/18734"}],"wp:attachment":[{"href":"https:\/\/veteran.az\/index.php?rest_route=%2Fwp%2Fv2%2Fmedia&parent=18733"}],"wp:term":[{"taxonomy":"category","embeddable":true,"href":"https:\/\/veteran.az\/index.php?rest_route=%2Fwp%2Fv2%2Fcategories&post=18733"},{"taxonomy":"post_tag","embeddable":true,"href":"https:\/\/veteran.az\/index.php?rest_route=%2Fwp%2Fv2%2Ftags&post=18733"}],"curies":[{"name":"wp","href":"https:\/\/api.w.org\/{rel}","templated":true}]}}