{"id":18727,"date":"2022-09-26T10:50:29","date_gmt":"2022-09-26T06:50:29","guid":{"rendered":"http:\/\/veteran.az\/?p=18727"},"modified":"2022-09-26T10:52:54","modified_gmt":"2022-09-26T06:52:54","slug":"hec-kim-unudulmur-2","status":"publish","type":"post","link":"https:\/\/veteran.az\/?p=18727","title":{"rendered":"He\u00e7 kim unudulmur&#8230;"},"content":{"rendered":"\n<p><strong>Ordumuzun yeni m\u00f6vqel\u0259r\u0259 \u00e7\u0131xmas\u0131yla yeni istehkamlar yaratma\u011fa ehtiyac duyulur. Bu i\u015fd\u0259 k\u00f6hn\u0259 t\u0259k\u0259rl\u0259rd\u0259n d\u0259 istifad\u0259 olunur v\u0259 bu \u00fcsul i\u015fi xeyli y\u00fcng\u00fcll\u0259\u015fdirir. Ordumuza bu sah\u0259d\u0259 daim d\u0259st\u0259k olan Az\u0259rbaycan V\u0259t\u0259n M\u00fcharib\u0259si Veteranlar\u0131 \u0130ctimai Birliyi (AVMV\u0130B) Z\u0259ngilan rayon \u015f\u00f6b\u0259sinin s\u0259dri Azad Musayevin r\u0259hb\u0259rliyi il\u0259 bu i\u015f\u0259 veteranlar\u0131m\u0131z\u0131n t\u00f6hf\u0259 verdiyini yazm\u0131\u015f\u0131q.<\/strong><\/p>\n\n\n\n<figure class=\"wp-block-image size-large\"><img loading=\"lazy\" decoding=\"async\" width=\"766\" height=\"1024\" src=\"http:\/\/veteran.az\/wp-content\/uploads\/2022\/09\/306870667_825031011836129_3015362292932924055_n-766x1024.jpg\" alt=\"\" class=\"wp-image-18728\" srcset=\"https:\/\/veteran.az\/wp-content\/uploads\/2022\/09\/306870667_825031011836129_3015362292932924055_n-766x1024.jpg 766w, https:\/\/veteran.az\/wp-content\/uploads\/2022\/09\/306870667_825031011836129_3015362292932924055_n-225x300.jpg 225w, https:\/\/veteran.az\/wp-content\/uploads\/2022\/09\/306870667_825031011836129_3015362292932924055_n-768x1026.jpg 768w, https:\/\/veteran.az\/wp-content\/uploads\/2022\/09\/306870667_825031011836129_3015362292932924055_n.jpg 958w\" sizes=\"auto, (max-width: 766px) 100vw, 766px\" \/><\/figure>\n\n\n\n<p>Bu i\u015fd\u0259 &#171;\u018frkivan Transport&#187; MMC-nin Direktoru V\u0259t\u0259np\u0259rv\u0259r i\u015f adam\u0131 Abdulla Abdullayevin d\u0259 \u0259v\u0259zsiz xidm\u0259tl\u0259ri var. O, r\u0259hb\u0259rlik etdiyi kollektivl\u0259 birg\u0259 d\u00f6y\u00fc\u015f m\u00f6vqel\u0259rin\u0259 k\u00f6hn\u0259 t\u0259k\u0259rl\u0259r da\u015f\u0131y\u0131r v\u0259 ordumuza yard\u0131mlar edir. <\/p>\n\n\n\n<p>Bu bar\u0259d\u0259 m\u0259lumat ver\u0259n Az\u0259rbaycan V\u0259t\u0259n M\u00fcharib\u0259si Veteranlar\u0131 \u0130ctimai Birliyi (AVMV\u0130B) s\u0259drinin s\u0259lahiyy\u0259tli n\u00fcmay\u0259nd\u0259si Elmar H\u00fcseynov bildirdi ki, i\u015f adam\u0131 Abdulla Abdullayevin bu v\u0259t\u0259np\u0259rv\u0259r \u0259m\u0259ll\u0259ri AVMV\u0130B t\u0259r\u0259find\u0259n qiym\u0259tl\u0259ndirilib v\u0259 onu Xatir\u0259 medal\u0131yla t\u0259ltif etmi\u015fik. <\/p>\n\n\n\n<figure class=\"wp-block-image size-large\"><img loading=\"lazy\" decoding=\"async\" width=\"707\" height=\"400\" src=\"http:\/\/veteran.az\/wp-content\/uploads\/2022\/09\/ol0-1-rotated.jpg\" alt=\"\" class=\"wp-image-18730\" srcset=\"https:\/\/veteran.az\/wp-content\/uploads\/2022\/09\/ol0-1-rotated.jpg 707w, https:\/\/veteran.az\/wp-content\/uploads\/2022\/09\/ol0-1-300x170.jpg 300w\" sizes=\"auto, (max-width: 707px) 100vw, 707px\" \/><\/figure>\n\n\n\n<p>V\u0259t\u0259n, m\u0259hz bel\u0259 v\u0259t\u0259np\u0259rv\u0259r o\u011fullar\u0131m\u0131z say\u0259sind\u0259 ayaqda durur. \u00d6n c\u0259bh\u0259d\u0259 dayanm\u0131\u015f igid \u0259sg\u0259r v\u0259 zabitl\u0259rimizi d\u00fc\u015f\u00fcn\u0259n h\u0259r k\u0259s bizim \u00fc\u00e7\u00fcn \u0259zizdir. Ona g\u00f6r\u0259 d\u0259 \u00e7oxminlik m\u00fcharib\u0259 veteranlar\u0131 ad\u0131ndan Abdulla Abdullayev\u0259 \u00f6z minn\u0259tdarl\u0131\u011f\u0131m\u0131z\u0131 bildiririk. G\u00f6st\u0259rdiyi f\u0259aliyy\u0259tl\u0259r\u0259 g\u00f6r\u0259 birliyimiz\u0259 f\u0259xri \u00fczv q\u0259bul edilm\u0259siyl\u0259 ba\u011fl\u0131 AVMV\u0130B s\u0259dri F\u00fczuli Rzaquliyev\u0259 m\u00fcraci\u0259t etmi\u015fik. <\/p>\n\n\n\n<p>Bel\u0259 v\u0259t\u0259np\u0259rv\u0259r insanlar\u0131 biz daim \u00f6z\u00fcm\u00fczl\u0259 bir s\u0131rada bilirik -dey\u0259 E. H\u00fcseynov qeyd edib.<\/p>\n\n\n\n<p><strong>E. S\u0259lim<\/strong><\/p>\n","protected":false},"excerpt":{"rendered":"<p>Ordumuzun yeni m\u00f6vqel\u0259r\u0259 \u00e7\u0131xmas\u0131yla yeni istehkamlar yaratma\u011fa ehtiyac duyulur. Bu i\u015fd\u0259 k\u00f6hn\u0259 t\u0259k\u0259rl\u0259rd\u0259n d\u0259 istifad\u0259&#8230;<\/p>\n","protected":false},"author":3,"featured_media":18731,"comment_status":"closed","ping_status":"closed","sticky":false,"template":"","format":"standard","meta":{"footnotes":""},"categories":[12],"tags":[],"class_list":["post-18727","post","type-post","status-publish","format-standard","has-post-thumbnail","hentry","category-veteran"],"featured_image_urls":{"full":["https:\/\/veteran.az\/wp-content\/uploads\/2022\/09\/306919357_1073706923329363_298555471010685809_n.jpg",1200,1600,false],"thumbnail":["https:\/\/veteran.az\/wp-content\/uploads\/2022\/09\/306919357_1073706923329363_298555471010685809_n-150x150.jpg",150,150,true],"medium":["https:\/\/veteran.az\/wp-content\/uploads\/2022\/09\/306919357_1073706923329363_298555471010685809_n-225x300.jpg",225,300,true],"medium_large":["https:\/\/veteran.az\/wp-content\/uploads\/2022\/09\/306919357_1073706923329363_298555471010685809_n-768x1024.jpg",640,853,true],"large":["https:\/\/veteran.az\/wp-content\/uploads\/2022\/09\/306919357_1073706923329363_298555471010685809_n-768x1024.jpg",640,853,true],"1536x1536":["https:\/\/veteran.az\/wp-content\/uploads\/2022\/09\/306919357_1073706923329363_298555471010685809_n-1152x1536.jpg",1152,1536,true],"2048x2048":["https:\/\/veteran.az\/wp-content\/uploads\/2022\/09\/306919357_1073706923329363_298555471010685809_n.jpg",1200,1600,false],"covernews-slider-full":["https:\/\/veteran.az\/wp-content\/uploads\/2022\/09\/306919357_1073706923329363_298555471010685809_n-1200x1020.jpg",841,715,true],"covernews-slider-center":["https:\/\/veteran.az\/wp-content\/uploads\/2022\/09\/306919357_1073706923329363_298555471010685809_n-936x897.jpg",522,500,true],"covernews-featured":["https:\/\/veteran.az\/wp-content\/uploads\/2022\/09\/306919357_1073706923329363_298555471010685809_n-1024x1365.jpg",1024,1365,true],"covernews-medium":["https:\/\/veteran.az\/wp-content\/uploads\/2022\/09\/306919357_1073706923329363_298555471010685809_n-720x380.jpg",540,285,true],"covernews-medium-square":["https:\/\/veteran.az\/wp-content\/uploads\/2022\/09\/306919357_1073706923329363_298555471010685809_n-675x450.jpg",375,250,true]},"author_info":{"display_name":"Veteran.az","author_link":"https:\/\/veteran.az\/?author=3"},"category_info":"<a href=\"https:\/\/veteran.az\/?cat=12\" rel=\"category\">Veteran d\u00fcnyas\u0131<\/a>","tag_info":"Veteran d\u00fcnyas\u0131","comment_count":"0","_links":{"self":[{"href":"https:\/\/veteran.az\/index.php?rest_route=\/wp\/v2\/posts\/18727","targetHints":{"allow":["GET"]}}],"collection":[{"href":"https:\/\/veteran.az\/index.php?rest_route=\/wp\/v2\/posts"}],"about":[{"href":"https:\/\/veteran.az\/index.php?rest_route=\/wp\/v2\/types\/post"}],"author":[{"embeddable":true,"href":"https:\/\/veteran.az\/index.php?rest_route=\/wp\/v2\/users\/3"}],"replies":[{"embeddable":true,"href":"https:\/\/veteran.az\/index.php?rest_route=%2Fwp%2Fv2%2Fcomments&post=18727"}],"version-history":[{"count":1,"href":"https:\/\/veteran.az\/index.php?rest_route=\/wp\/v2\/posts\/18727\/revisions"}],"predecessor-version":[{"id":18732,"href":"https:\/\/veteran.az\/index.php?rest_route=\/wp\/v2\/posts\/18727\/revisions\/18732"}],"wp:featuredmedia":[{"embeddable":true,"href":"https:\/\/veteran.az\/index.php?rest_route=\/wp\/v2\/media\/18731"}],"wp:attachment":[{"href":"https:\/\/veteran.az\/index.php?rest_route=%2Fwp%2Fv2%2Fmedia&parent=18727"}],"wp:term":[{"taxonomy":"category","embeddable":true,"href":"https:\/\/veteran.az\/index.php?rest_route=%2Fwp%2Fv2%2Fcategories&post=18727"},{"taxonomy":"post_tag","embeddable":true,"href":"https:\/\/veteran.az\/index.php?rest_route=%2Fwp%2Fv2%2Ftags&post=18727"}],"curies":[{"name":"wp","href":"https:\/\/api.w.org\/{rel}","templated":true}]}}