{"id":18688,"date":"2022-09-26T03:42:17","date_gmt":"2022-09-25T23:42:17","guid":{"rendered":"http:\/\/veteran.az\/?p=18688"},"modified":"2022-09-26T03:42:17","modified_gmt":"2022-09-25T23:42:17","slug":"the-new-york-times-s%c9%99rh%c9%99dd%c9%99ki-g%c9%99rginlikd%c9%99n-yazdi","status":"publish","type":"post","link":"https:\/\/veteran.az\/?p=18688","title":{"rendered":"\u201cThe New York Times\u201d s\u0259rh\u0259dd\u0259ki g\u0259rginlikd\u0259n yazd\u0131"},"content":{"rendered":"\n<p><strong>AB\u015e-\u0131n \u201cThe New York Times\u201d q\u0259zetind\u0259 Metyu Mpok Biqqan\u0131n \u201cErm\u0259nistan v\u0259 Az\u0259rbaycan aras\u0131nda m\u00fcnaqi\u015f\u0259ni anlama\u011fa c\u0259hd ed\u0259rk\u0259n\u201d s\u0259rl\u00f6vh\u0259li m\u0259qal\u0259si d\u0259rc olunub.<\/strong><\/p>\n\n\n\n<p>M\u0259qal\u0259d\u0259 m\u00fcnaqi\u015f\u0259nin \u00f6t\u0259n h\u0259ft\u0259 ba\u015f ver\u0259n n\u00f6vb\u0259ti g\u0259rginl\u0259\u015fm\u0259sind\u0259n b\u0259hs edilir.<\/p>\n\n\n\n<p>M\u00fc\u0259llif m\u0259qal\u0259nin \u0259vv\u0259lind\u0259 AB\u015e-\u0131n g\u0259rginliyin nizamlanmas\u0131 istiqam\u0259tind\u0259 diplomatik s\u0259yl\u0259rind\u0259n, x\u00fcsus\u0259n Nyu-Yorkda d\u00f6vl\u0259t katibi Entoni Blinkenin Az\u0259rbaycan\u0131n xarici i\u015fl\u0259r naziri Ceyhun Bayramov v\u0259 Erm\u0259nistan\u0131n xarici i\u015fl\u0259r naziri Ararat Mirzoyan il\u0259 X\u0130N ba\u015f\u00e7\u0131lar\u0131 aras\u0131nda birba\u015fa dan\u0131\u015f\u0131qlar\u0131n t\u0259\u015fkili m\u0259qs\u0259di da\u015f\u0131yan g\u00f6r\u00fc\u015fl\u0259rind\u0259n yaz\u0131r. G\u00f6r\u00fc\u015f \u00f6t\u0259n h\u0259ft\u0259 iki \u00f6lk\u0259 aras\u0131nda \u00fcmumilikd\u0259 y\u00fczl\u0259rl\u0259 h\u0259rbi qulluq\u00e7unun h\u0259lak oldu\u011fu h\u0259rbi \u0259m\u0259liyyatlardan sonra ba\u015f tutub. G\u0259rginlik s\u0259ngiyib, lakin y\u00fcks\u0259k s\u0259viyy\u0259d\u0259 ke\u00e7iril\u0259n g\u00f6r\u00fc\u015f qar\u015f\u0131durman\u0131n\u0131 s\u0259b\u0259bl\u0259rinin aradan qald\u0131r\u0131lmad\u0131\u011f\u0131n\u0131 \u0259ks etdirir.<\/p>\n\n\n\n<p>M\u0259qal\u0259d\u0259 qeyd olunur ki, Rusiya Erm\u0259nistan\u0131n \u00e7oxdank\u0131 himay\u0259dar\u0131d\u0131r, NATO-nun \u00fczv\u00fc olan T\u00fcrkiy\u0259 is\u0259 2020-ci il m\u00fcharib\u0259sind\u0259 Az\u0259rbaycan\u0131 d\u0259st\u0259kl\u0259y\u0259n \u0259sas m\u00fctt\u0259fiqidir. Lakin amerikal\u0131 diplomatlar vasit\u0259\u00e7i neytrall\u0131\u011f\u0131n\u0131 qoruma\u011fa c\u0259hd g\u00f6st\u0259rs\u0259l\u0259r d\u0259, AB\u015e Konqresinin N\u00fcmay\u0259nd\u0259l\u0259r Palatas\u0131n\u0131n spikeri Nensi Pelosi \u00f6z d\u0259st\u0259yini g\u00f6st\u0259rm\u0259k v\u0259 \u201cbu yax\u0131nlardak\u0131 zorak\u0131l\u0131\u011f\u0131n az\u0259rbaycanl\u0131lar t\u0259r\u0259find\u0259n t\u00f6r\u0259dildiyini\u201d b\u0259yan etm\u0259kd\u0259n \u00f6tr\u00fc \u00f6t\u0259n h\u0259ft\u0259sonu Erm\u0259nistana s\u0259f\u0259r ed\u0259r\u0259k, v\u0259ziyy\u0259t\u0259 \u201cqar\u0131\u015fd\u0131\u201d. M\u00fc\u0259llif vur\u011fulay\u0131r ki, bu s\u0259f\u0259r cari ilin noyabr\u0131nda ke\u00e7iril\u0259c\u0259k aral\u0131q se\u00e7kil\u0259rind\u0259n \u0259vv\u0259l Pelosinin siyasi gedi\u015fi kimi q\u0259bul olundu. Onu Konqresin erm\u0259ni m\u0259n\u015f\u0259li iki \u00fczv\u00fc m\u00fc\u015fayi\u0259t edirdi.<\/p>\n\n\n\n<p>M\u0259qal\u0259d\u0259 daha sonra deyilir ki, \u201cm\u00fcnaqi\u015f\u0259\u201d onillikl\u0259r boyu m\u00fcbahis\u0259li olan region \u0259traf\u0131nda c\u0259ml\u0259nib. \u201cQaraba\u011f\u0131n da\u011fl\u0131q vilay\u0259ti\u201d Erm\u0259nistan v\u0259 Az\u0259rbaycan aras\u0131nda uzun m\u00fcdd\u0259tdir m\u00fczakir\u0259 m\u0259rk\u0259zind\u0259dir. Beyn\u0259lxalq s\u0259viyy\u0259d\u0259 Az\u0259rbaycan\u0131n etnik erm\u0259ni \u0259halisinin \u00fcst\u00fcnl\u00fck t\u0259\u015fkil etdiyi bir hiss\u0259si kimi tan\u0131nan bu region sovet d\u00f6vr\u00fcn\u00fcn sonunda m\u00fcst\u0259qilliyini elan edib. Erm\u0259nistan v\u0259 Az\u0259rbaycan aras\u0131nda ba\u015f ver\u0259n \u00e7oxillik m\u00fcharib\u0259 n\u0259tic\u0259sind\u0259 on minl\u0259rl\u0259 insan h\u0259lak olub v\u0259 y\u00fcz minl\u0259rl\u0259 insan \u00f6z evl\u0259rini t\u0259rk etm\u0259k m\u0259cburiyy\u0259tind\u0259 qal\u0131b. 1994-c\u00fc ild\u0259 at\u0259\u015fk\u0259s bar\u0259d\u0259 sazi\u015fd\u0259n sonra Az\u0259rbaycan\u0131n h\u00fcquqi hiss\u0259si olan Da\u011fl\u0131q Qaraba\u011f v\u0259 ona biti\u015fik yeddi rayon Erm\u0259nistan\u0131n n\u0259zar\u0259ti alt\u0131na ke\u00e7ib. 2020-ci ild\u0259 Az\u0259rbaycan T\u00fcrkiy\u0259nin g\u00fccl\u00fc d\u0259st\u0259yi il\u0259 v\u0259 z\u0259rb\u0259 dronlar\u0131ndan istifad\u0259 etm\u0259kl\u0259 Qaraba\u011f\u0131n b\u00f6y\u00fck hiss\u0259sini v\u0259 ona biti\u015fik rayonlar\u0131 geri al\u0131b.<\/p>\n\n\n\n<p>Metyu Mpok Biqqa qeyd edir ki, Rusiyan\u0131n vasit\u0259\u00e7iliyi il\u0259 \u0259ld\u0259 olunan at\u0259\u015fk\u0259s n\u0259tic\u0259sind\u0259 \u0259razil\u0259rin b\u00f6y\u00fck hiss\u0259si Az\u0259rbaycanda qald\u0131, erm\u0259ni qo\u015funlar\u0131 geri \u00e7\u0259kildi v\u0259 oraya yax\u015f\u0131 silahlanm\u0131\u015f Rusiya s\u00fclhm\u0259ram\u0131lar\u0131 daxil oldu. M\u00fc\u0259llif analitikl\u0259r\u0259 istinadla vur\u011fulay\u0131r ki, indi Az\u0259rbaycan Erm\u0259nistan\u0131n \u201cDa\u011fl\u0131q Qaraba\u011f\u201d \u00fcz\u0259rind\u0259 Az\u0259rbaycan\u0131n suverenliyini tan\u0131mas\u0131n\u0131 v\u0259 dig\u0259r g\u00fcz\u0259\u015ftl\u0259r\u0259 getm\u0259sini israr edir.<\/p>\n\n\n\n<p>M\u00fc\u0259llif yaz\u0131r ki, lakin m\u00fcnaqi\u015f\u0259nin son g\u0259rginl\u0259\u015fm\u0259si ba\u015fqa yerd\u0259 ba\u015f verdi. H\u0259r t\u0259r\u0259f bu h\u0259rbi \u0259m\u0259liyyatlar\u0131n nec\u0259 ba\u015flanmas\u0131n\u0131 \u00f6z\u00fcn\u0259 g\u00f6r\u0259 interpretasiya edir. Erm\u0259nistan b\u0259yan edib ki, Az\u0259rbaycan \u201ch\u00fccum edib\u201d v\u0259 105 erm\u0259ni h\u0259rbi qulluq\u00e7usu \u00f6ld\u00fcr\u00fcl\u00fcb, 6 m\u00fclki v\u0259t\u0259nda\u015f is\u0259 yaralan\u0131b. Az\u0259rbaycan is\u0259 bildirib ki, onun h\u0259rbi \u0259m\u0259liyyatlar\u0131 Erm\u0259nistan t\u0259r\u0259find\u0259n olan t\u0259xribata \u201ccavab t\u0259dbirl\u0259ridir\u201d. M\u00fcnaqi\u015f\u0259nin \u00f6z\u0259yinin h\u0259l\u0259 d\u0259 \u201cDa\u011fl\u0131q Qaraba\u011f\u201d olmas\u0131na baxmayaraq, bu d\u0259f\u0259 d\u00f6y\u00fc\u015f \u0259m\u0259liyyatlar\u0131 bilavasit\u0259 iki \u00f6lk\u0259 aras\u0131nda delimitasiya olunmam\u0131\u015f s\u0259rh\u0259dd\u0259 ba\u015f verdi.<\/p>\n\n\n\n<p>Birl\u0259\u015fmi\u015f Mill\u0259tl\u0259r T\u0259\u015fkilat\u0131 b\u0259yan edib ki, sentyabr\u0131n 12-d\u0259 iki \u00f6lk\u0259 aras\u0131nda olan s\u0259rh\u0259d boyunca artilleriya v\u0259 pilotsuz u\u00e7u\u015f aparatlar\u0131ndan istifad\u0259 olunmaqla a\u011f\u0131r d\u00f6y\u00fc\u015fl\u0259r qeyd\u0259 al\u0131n\u0131b. Az\u0259rbaycan\u0131n Xarici \u0130\u015fl\u0259r Nazirliyi \u201cehtimal edil\u0259n s\u0259rh\u0259dd\u0259\u201d ba\u015f ver\u0259n \u201cinsident\u201d bar\u0259d\u0259 dan\u0131\u015f\u0131b, Erm\u0259nistan is\u0259 b\u0259yan edib ki, Az\u0259rbaycan Erm\u0259nistan \u0259razisind\u0259ki \u00fc\u00e7 \u015f\u0259h\u0259r\u0259 h\u00fccum edib.<\/p>\n\n\n\n<p>M\u00fc\u0259llif hesab edir ki, Az\u0259rbaycan \u00f6z t\u0259l\u0259bl\u0259rind\u0259 israrl\u0131d\u0131r, Erm\u0259nistan is\u0259 g\u00f6r\u00fcn\u00fcr, vaxt uzad\u0131r. Erm\u0259nistan\u0131n ba\u015f naziri Nikol Pa\u015finyan sazi\u015fi imzalamaq niyy\u0259tind\u0259 oldu\u011funu bildirmi\u015fdi, lakin onun daxili opponentl\u0259ri raz\u0131la\u015fman\u0131 pisl\u0259y\u0259r\u0259k, onu \u201csatq\u0131nl\u0131q\u201d adland\u0131rd\u0131lar. Pa\u015finyan art\u0131q bir d\u0259f\u0259, 2020-ci ild\u0259 at\u0259\u015fk\u0259sd\u0259n sonra k\u00fctl\u0259vi q\u0259z\u0259bl\u0259 rastla\u015fm\u0131\u015fd\u0131.<\/p>\n\n\n\n<p>Az\u0259rbaycan\u0131n \u00fc\u00e7 t\u0259l\u0259bi var: Erm\u0259nistan\u0131n Qaraba\u011fa olan iddialar\u0131ndan imtina etm\u0259si, d\u00f6vl\u0259tl\u0259raras\u0131 s\u0259rh\u0259dl\u0259rin onun \u015f\u0259rtl\u0259ri \u00e7\u0259r\u00e7iv\u0259sind\u0259 demarkasiyas\u0131 v\u0259 Nax\u00e7\u0131van anklav\u0131na, Az\u0259rbaycan\u0131 h\u0259m\u00e7inin T\u00fcrkiy\u0259 il\u0259 birl\u0259\u015fdir\u0259c\u0259k h\u0259l\u0259 tikilm\u0259mi\u015f avtomobil v\u0259 d\u0259mir yolu d\u0259hlizinin t\u0259hl\u00fck\u0259sizliyin\u0259 n\u0259zar\u0259t.<\/p>\n\n\n\n<p>Bu, Rusiya v\u0259 T\u00fcrkiy\u0259 \u00fc\u00e7\u00fcn inc\u0259 v\u0259ziyy\u0259tdir. Bu m\u00fczakir\u0259d\u0259 Rusiyan\u0131n iki rolu var: neytral vasit\u0259\u00e7i v\u0259 eyni zamanda, Erm\u0259nistan\u0131n t\u0259hl\u00fck\u0259sizliyinin qarant\u0131. Birinci rolu ona ikinci rolu il\u0259 ba\u011fl\u0131 ittihamlardan yay\u0131nma\u011fa imkan\u0131 verib. \u018fg\u0259r v\u0259ziyy\u0259t k\u0259skinl\u0259\u015f\u0259rs\u0259, o halda ikili rolunu qoruyub saxlamaq Moskva \u00fc\u00e7\u00fcn \u00e7\u0259tin olacaq. Karnegi Fondunun ba\u015f elmi i\u015f\u00e7isi Stronski xat\u0131rlad\u0131r ki, 2020-ci ild\u0259 t\u0259r\u0259fl\u0259ri ay\u0131ran x\u0259ti Az\u0259rbaycan\u0131n \u0259razisind\u0259n ke\u00e7ib. \u0130ndi \u201cerm\u0259ni v\u0259 az\u0259rbaycanl\u0131 h\u0259rb\u00e7il\u0259r h\u0259l\u0259 d\u0259 demarkasiya olunmayan d\u00f6vl\u0259t s\u0259rh\u0259dind\u0259 praktik olaraq \u00fcz-\u00fcz\u0259 dayan\u0131blar.<\/p>\n\n\n\n<p>D\u00fcnya g\u00fccl\u0259ri s\u00fclh\u0259 s\u0259sl\u0259yirl\u0259r. Lakin onlara h\u0259m d\u0259 t\u0259bii qaz laz\u0131md\u0131r. AB\u015e-\u0131n d\u00f6vl\u0259t katibi Entoni Blinken bu h\u0259ft\u0259 h\u0259r iki t\u0259r\u0259fi dan\u0131\u015f\u0131qlara qay\u0131tma\u011fa v\u0259 bundan sonrak\u0131 h\u0259rbi \u0259m\u0259liyyatlardan imtina etm\u0259y\u0259 \u00e7a\u011f\u0131r\u0131b.<\/p>\n\n\n\n<p>Va\u015finqton C\u0259nubi Qafqaza v\u0259 ke\u00e7mi\u015f sovet imperiyas\u0131n\u0131n dig\u0259r d\u00f6vl\u0259tl\u0259rin\u0259 t\u0259sir g\u00f6st\u0259rm\u0259y\u0259 \u00e7oxdan c\u0259hd g\u00f6st\u0259rir. Eyni zamanda Avropa \u0130ttifaq\u0131 s\u00fclh sazi\u015finin ba\u011flanmas\u0131 \u00fczr\u0259 s\u0259yl\u0259rini davam etdirir. Erm\u0259nistan v\u0259 Az\u0259rbaycan liderl\u0259ri Br\u00fcsseld\u0259 Avropa \u0130ttifaq\u0131 \u015euras\u0131n\u0131n prezidenti \u015earl Mi\u015felin vasit\u0259\u00e7iliyi il\u0259 bir ne\u00e7\u0259 dan\u0131\u015f\u0131qlar raundu apar\u0131blar. Bununla yana\u015f\u0131, Avropan\u0131n v\u0259ziyy\u0259ti onunla m\u00fcr\u0259kk\u0259bl\u0259\u015fib ki, o, Ukraynada m\u00fcharib\u0259 s\u0259b\u0259bind\u0259n Rusiya idxal\u0131 itkisini kompensasiya etm\u0259kd\u0259n \u00f6tr\u00fc indi \u0259lav\u0259 t\u0259bii qaz t\u0259dar\u00fck\u00fc axtar\u0131r. \u0130yulun ortalar\u0131nda Avropa Komissiyas\u0131n\u0131n r\u0259hb\u0259ri Ursula fon der Lyayen Az\u0259rbaycan Prezidenti \u0130lham \u018fliyev il\u0259 sazi\u015f imzalamaq \u00fc\u00e7\u00fcn Az\u0259rbaycanda s\u0259f\u0259rd\u0259 olub. Metyu Mpok Biqqa m\u0259qal\u0259sini bu s\u00f6zl\u0259rl\u0259 bitirir ki, Lyayen s\u0259f\u0259r zaman\u0131 Az\u0259rbaycan \u201cetibarl\u0131, etimada layiq t\u0259r\u0259fda\u015f\u201d oldu\u011funu b\u0259yan edib.<\/p>\n\n\n\n<hr class=\"wp-block-separator\"\/>\n\n\n\n<p>M\u0259nb\u0259: Teleqraf.com<\/p>\n","protected":false},"excerpt":{"rendered":"<p>AB\u015e-\u0131n \u201cThe New York Times\u201d q\u0259zetind\u0259 Metyu Mpok Biqqan\u0131n \u201cErm\u0259nistan v\u0259 Az\u0259rbaycan aras\u0131nda m\u00fcnaqi\u015f\u0259ni anlama\u011fa&#8230;<\/p>\n","protected":false},"author":3,"featured_media":18689,"comment_status":"closed","ping_status":"closed","sticky":false,"template":"","format":"standard","meta":{"footnotes":""},"categories":[9],"tags":[],"class_list":["post-18688","post","type-post","status-publish","format-standard","has-post-thumbnail","hentry","category-sq"],"featured_image_urls":{"full":["https:\/\/veteran.az\/wp-content\/uploads\/2022\/09\/nyu.jpg",637,400,false],"thumbnail":["https:\/\/veteran.az\/wp-content\/uploads\/2022\/09\/nyu-150x150.jpg",150,150,true],"medium":["https:\/\/veteran.az\/wp-content\/uploads\/2022\/09\/nyu-300x188.jpg",300,188,true],"medium_large":["https:\/\/veteran.az\/wp-content\/uploads\/2022\/09\/nyu.jpg",637,400,false],"large":["https:\/\/veteran.az\/wp-content\/uploads\/2022\/09\/nyu.jpg",637,400,false],"1536x1536":["https:\/\/veteran.az\/wp-content\/uploads\/2022\/09\/nyu.jpg",637,400,false],"2048x2048":["https:\/\/veteran.az\/wp-content\/uploads\/2022\/09\/nyu.jpg",637,400,false],"covernews-slider-full":["https:\/\/veteran.az\/wp-content\/uploads\/2022\/09\/nyu.jpg",637,400,false],"covernews-slider-center":["https:\/\/veteran.az\/wp-content\/uploads\/2022\/09\/nyu.jpg",637,400,false],"covernews-featured":["https:\/\/veteran.az\/wp-content\/uploads\/2022\/09\/nyu.jpg",637,400,false],"covernews-medium":["https:\/\/veteran.az\/wp-content\/uploads\/2022\/09\/nyu-637x380.jpg",540,322,true],"covernews-medium-square":["https:\/\/veteran.az\/wp-content\/uploads\/2022\/09\/nyu.jpg",398,250,false]},"author_info":{"display_name":"Veteran.az","author_link":"https:\/\/veteran.az\/?author=3"},"category_info":"<a href=\"https:\/\/veteran.az\/?cat=9\" rel=\"category\">Silahl\u0131 Q\u00fcvv\u0259l\u0259r<\/a>","tag_info":"Silahl\u0131 Q\u00fcvv\u0259l\u0259r","comment_count":"0","_links":{"self":[{"href":"https:\/\/veteran.az\/index.php?rest_route=\/wp\/v2\/posts\/18688","targetHints":{"allow":["GET"]}}],"collection":[{"href":"https:\/\/veteran.az\/index.php?rest_route=\/wp\/v2\/posts"}],"about":[{"href":"https:\/\/veteran.az\/index.php?rest_route=\/wp\/v2\/types\/post"}],"author":[{"embeddable":true,"href":"https:\/\/veteran.az\/index.php?rest_route=\/wp\/v2\/users\/3"}],"replies":[{"embeddable":true,"href":"https:\/\/veteran.az\/index.php?rest_route=%2Fwp%2Fv2%2Fcomments&post=18688"}],"version-history":[{"count":1,"href":"https:\/\/veteran.az\/index.php?rest_route=\/wp\/v2\/posts\/18688\/revisions"}],"predecessor-version":[{"id":18690,"href":"https:\/\/veteran.az\/index.php?rest_route=\/wp\/v2\/posts\/18688\/revisions\/18690"}],"wp:featuredmedia":[{"embeddable":true,"href":"https:\/\/veteran.az\/index.php?rest_route=\/wp\/v2\/media\/18689"}],"wp:attachment":[{"href":"https:\/\/veteran.az\/index.php?rest_route=%2Fwp%2Fv2%2Fmedia&parent=18688"}],"wp:term":[{"taxonomy":"category","embeddable":true,"href":"https:\/\/veteran.az\/index.php?rest_route=%2Fwp%2Fv2%2Fcategories&post=18688"},{"taxonomy":"post_tag","embeddable":true,"href":"https:\/\/veteran.az\/index.php?rest_route=%2Fwp%2Fv2%2Ftags&post=18688"}],"curies":[{"name":"wp","href":"https:\/\/api.w.org\/{rel}","templated":true}]}}