{"id":18668,"date":"2022-09-26T03:18:55","date_gmt":"2022-09-25T23:18:55","guid":{"rendered":"http:\/\/veteran.az\/?p=18668"},"modified":"2022-09-26T03:40:01","modified_gmt":"2022-09-25T23:40:01","slug":"s%c9%99r%c9%99fli-zabit-omru-polkovnik-leytenant-yusif-haciyev-54","status":"publish","type":"post","link":"https:\/\/veteran.az\/?p=18668","title":{"rendered":"\u015e\u018fR\u018fFL\u0130 ZAB\u0130T \u00d6MR\u00dc: POLKOVN\u0130K- LEYTENANT  YUS\u0130F HACIYEV &#8212; 54"},"content":{"rendered":"\n<p><strong>&nbsp;&nbsp;&nbsp;&nbsp;&nbsp;&nbsp; <span class=\"has-inline-color has-vivid-red-color\">Y\u00fcks\u0259k pe\u015f\u0259karl\u0131\u011f\u0131 v\u0259 humanistliyi il\u0259,i\u015fg\u00fczarl\u0131\u011f\u0131 v\u0259 m\u0259n\u0259vi keyfiyy\u0259ti il\u0259, n\u0259z\u0259ri v\u0259 praktiki biliyi il\u0259, sad\u0259liyi v\u0259 s\u0259mimiyy\u0259ti il\u0259,d\u0259qiqliyi v\u0259 t\u0259mkinliyi il\u0259 t\u0259\u015fkilatcl\u0131q bacar\u0131\u011f\u0131 il\u0259 seciil\u0259n \u00f6mr\u00fcn\u00fcn \u0259n m\u0259hsuldar d\u00f6vr\u00fcn\u00fcn 31 bir ilini h\u0259rbi xidm\u0259td\u0259 ke\u00e7ir\u0259n m\u00fcharib\u0259 v\u0259 silahl\u0131 q\u00fcvv\u0259l\u0259r veteran\u0131 ehtiyyatda olan polkovnik- leytenant &nbsp;Yusif Hac\u0131yevin 26 sentyabr&nbsp; 54 ya\u015f\u0131 tamam olur.<\/span><\/strong><\/p>\n\n\n\n<p><strong>&nbsp;Az\u0259rbaycan V\u0259t\u0259n M\u00fcharib\u0259si Veteranlar\u0131 \u0130ctimai Birliyinin (AVMV\u0130B) R\u0259hb\u0259rliyi ehtiyatda olan polkovnik- leytenant&nbsp; Hac\u0131yev Yusif Yusif o\u011flunu s\u0259mimi q\u0259lbd\u0259n t\u0259brik edir, ona h\u0259yatda insan \u00fc\u00e7\u00fcm \u0259n \u015firin nem\u0259t olan m\u00f6hk\u0259m can sa\u011fl\u0131\u011f\u0131, ail\u0259 s\u0259ad\u0259ti&nbsp; v\u0259 h\u0259yat yollar\u0131nda bitib -t\u00fck\u0259nm\u0259y\u0259n nailiyy\u0259tl\u0259r arzulay\u0131r.<\/strong><\/p>\n\n\n\n<p><strong>&nbsp;&nbsp;&nbsp; Yusifin &nbsp;ya\u015f\u0131n\u0131n \u00fcst\u0259 g\u0259l\u0259n bu ya\u015f, qoy ona sevinc dolu g\u00fcnl\u0259r b\u0259x\u015f etsin, h\u0259r yeni g\u00fcn\u00fc is\u0259 \u00f6t\u0259n g\u00fcnl\u0259rd\u0259n daha g\u00f6z\u0259l ist\u0259kl\u0259rin\u0259 uy\u011fun onu xo\u015fb\u0259xt ed\u0259c\u0259k \u015f\u0259kild\u0259 ke\u00e7sin.<\/strong><\/p>\n\n\n\n<figure class=\"wp-block-gallery columns-2 is-cropped wp-block-gallery-1 is-layout-flex wp-block-gallery-is-layout-flex\"><ul class=\"blocks-gallery-grid\"><li class=\"blocks-gallery-item\"><figure><img loading=\"lazy\" decoding=\"async\" width=\"665\" height=\"1024\" src=\"http:\/\/veteran.az\/wp-content\/uploads\/2022\/09\/20220925_234631-665x1024.jpg\" alt=\"\" data-id=\"18671\" data-link=\"http:\/\/veteran.az\/?attachment_id=18671\" class=\"wp-image-18671\" srcset=\"https:\/\/veteran.az\/wp-content\/uploads\/2022\/09\/20220925_234631-665x1024.jpg 665w, https:\/\/veteran.az\/wp-content\/uploads\/2022\/09\/20220925_234631-195x300.jpg 195w, https:\/\/veteran.az\/wp-content\/uploads\/2022\/09\/20220925_234631-768x1182.jpg 768w, https:\/\/veteran.az\/wp-content\/uploads\/2022\/09\/20220925_234631-998x1536.jpg 998w, https:\/\/veteran.az\/wp-content\/uploads\/2022\/09\/20220925_234631.jpg 999w\" sizes=\"auto, (max-width: 665px) 100vw, 665px\" \/><\/figure><\/li><li class=\"blocks-gallery-item\"><figure><img loading=\"lazy\" decoding=\"async\" width=\"478\" height=\"736\" src=\"http:\/\/veteran.az\/wp-content\/uploads\/2022\/09\/20220925_235323.jpg\" alt=\"\" data-id=\"18673\" data-full-url=\"http:\/\/veteran.az\/wp-content\/uploads\/2022\/09\/20220925_235323.jpg\" data-link=\"http:\/\/veteran.az\/?attachment_id=18673\" class=\"wp-image-18673\" srcset=\"https:\/\/veteran.az\/wp-content\/uploads\/2022\/09\/20220925_235323.jpg 478w, https:\/\/veteran.az\/wp-content\/uploads\/2022\/09\/20220925_235323-195x300.jpg 195w\" sizes=\"auto, (max-width: 478px) 100vw, 478px\" \/><\/figure><\/li><\/ul><\/figure>\n\n\n\n<p>&nbsp;&nbsp;&nbsp;&nbsp; M\u00fcharib\u0259 v\u0259 Silahl\u0131 q\u00fcvv\u0259l\u0259r veteran\u0131 ehtiyyatda olan polkovnik- leytenant&nbsp; Hac\u0131yev Y\u00fcsif Yusif o\u011flu 26 sentyabr 1968-ci ild\u0259&nbsp; G\u0259nc\u0259 \u015f\u0259h\u0259rind\u0259 h\u0259rbi\u00e7i ail\u0259sind\u0259 anadan olub. \u018fsl\u0259n Tovuz rayonundand\u0131r.<\/p>\n\n\n\n<p>&nbsp;&nbsp;&nbsp;&nbsp; O, 1975-ci ild\u0259 X\u0131rdalan \u015f\u0259h\u0259rind\u0259 2 n\u00f6mr\u0259li m\u0259kt\u0259bin birinci sinfin\u0259 getmi\u015f 1985-ci ild\u0259 h\u0259min m\u0259kt\u0259bi bitirdikd\u0259n sonra 1985-ci ild\u0259&nbsp; SSR\u0130 M\u00fcdafi\u0259 Nazirliyinin Volski arxa c\u0259bh\u0259&nbsp; xidmtl\u0259ri \u00fczr\u0259 ali h\u0259rbi m\u0259kt\u0259bin\u0259 daxil olmu\u015f,1989- cu ild\u0259 is\u0259 h\u0259min ali h\u0259rbi m\u0259kt\u0259bi bitirmi\u015fdir<\/p>\n\n\n\n<p>&nbsp;&nbsp;&nbsp;&nbsp;&nbsp;&nbsp;&nbsp; Polkovnik -leytenant&nbsp; Yusif Hac\u0131yev 1989-ci ild\u0259n 1991-ci il\u0259 kimi Sovet ordusunun Ukrayna v\u0259 Qazax\u0131stan Respubilikalar\u0131nda v\u0259 Saratov \u015f\u0259h\u0259rind\u0259 yerl\u0259\u015f\u0259n h\u0259rbi hiss\u0259l\u0259rd\u0259 h\u0259rbi hiss\u0259nin \u0259rzaq v\u0259 (geyim) \u0259\u015fya xidm\u0259t r\u0259isi v\u0259zif\u0259l\u0259rind\u0259 olmu\u015fdur.<\/p>\n\n\n\n<figure class=\"wp-block-image size-large is-resized\"><img loading=\"lazy\" decoding=\"async\" src=\"http:\/\/veteran.az\/wp-content\/uploads\/2022\/09\/20220925_234834.jpg\" alt=\"\" class=\"wp-image-18670\" width=\"574\" height=\"547\" srcset=\"https:\/\/veteran.az\/wp-content\/uploads\/2022\/09\/20220925_234834.jpg 460w, https:\/\/veteran.az\/wp-content\/uploads\/2022\/09\/20220925_234834-300x286.jpg 300w\" sizes=\"auto, (max-width: 574px) 100vw, 574px\" \/><\/figure>\n\n\n\n<p>&nbsp;&nbsp;&nbsp;&nbsp; O, 1992-ci&nbsp; ilin yanvar ay\u0131ndan &#8212; 2016-c\u0131 &nbsp;il\u0131n dekabr ay\u0131na kimi Daxili \u0130\u015fl\u0259r Nazirliyinin Daxili Qo\u015funlar\u0131n\u0131n Ba\u015f \u0130dar\u0259sinin Sumqay\u0131t \u015f\u0259h\u0259rind\u0259, Hac\u0131qabul v\u0259 X\u0259z\u0259r&nbsp; rayonlar\u0131nda,&nbsp; yerl\u0259\u015f\u0259n h\u0259rbi hiss\u0259l\u0259rind\u0259&nbsp; v\u0259 al\u0131 h\u0259rbi m\u0259kt\u0259bind\u0259 D\u00f6yu\u015f haz\u0131rl\u0131\u011f\u0131 b\u00f6lm\u0259 r\u0259isinin m\u00fcavini, h\u0259rbi hiss\u0259 komandirinin arxa c\u0259bh\u0259 xidm\u0259tl\u0259ri \u00fczr\u0259 miavini, Daxili Qo\u015funlar\u0131n Bas \u0130dar\u0259sinin maddi -texniki t\u0259minat idar\u0259sind\u0259 \u0259\u015fya&nbsp; (geyim)&nbsp;&nbsp; xidm\u0259tinin&nbsp; ba\u015f zabiti&nbsp; v\u0259 xidm\u0259t r\u0259isi, DQB\u0130-in \u0130nspeksiyas\u0131nda is\u0259 ba\u015f inspektor v\u0259zif\u0259l\u0259rind\u0259 xidm\u0259t etmi\u015fdir.<\/p>\n\n\n\n<p>&nbsp;&nbsp;&nbsp;&nbsp; O,Daxili Qo\u015funlarda xidm\u0259t etdiyi ill\u0259r \u0259rzind\u0259 \u00f6z\u00fcn\u00fc u\u015faq vaxtlar\u0131ndan, g\u00f6z\u0259l ail\u0259 v\u0259 m\u0259kt\u0259b t\u0259rbiy\u0259si il\u0259 b\u00f6y\u00fcm\u00fc\u015f, \u0259xlaq\u0131 t\u0259rbiy\u0259si yerind\u0259 olan, nizam v\u0259 intizaml\u0131 h\u0259rb\u00e7i k\u0131m\u0131 g\u00f6st\u0259rmi\u015fdir. O i\u015fl\u0259diyi v\u0259 oxudu\u011fu&nbsp;&nbsp; t\u0259hsil m\u00fc\u0259ssis\u0259l\u0259rind\u0259, ya\u015fad\u0131\u011f\u0131 \u0259razid\u0259&nbsp; kollektiv aras\u0131nda h\u0259mi\u015f\u0259 m\u00fcsb\u0259t m\u0259nada se\u00e7il\u0259r\u0259k, ba\u015fqalar\u0131 \u00fc\u00e7\u00fcn&nbsp; n\u00fcmun\u0259 olmu\u015fdur.<\/p>\n\n\n\n<p>&nbsp;&nbsp;&nbsp; M\u00fcharib\u0259 v\u0259 Silahl\u0131 Q\u00fcvv\u0259l\u0259r Veteran\u0131 Hac\u0131yev Yusif Yusif o\u011flu Az\u0259rbaycan Respublikas\u0131nda, ictimai qaydan\u0131n v\u0259 ictimai t\u0259hl\u00fck\u0259sizliyin qorunmas\u0131nda, m\u00fct\u0259\u015f\u0259kkil cinay\u0259tkarl\u0131\u011fa qar\u015f\u0131 m\u00fcbariz\u0259d\u0259, qanunsuz silahl\u0131 d\u0259st\u0259l\u0259rin z\u0259r\u0259rsizl\u0259\u015fdirilm\u0259sind\u0259,&nbsp; \u015f\u0259h\u0259rd\u0259, ya\u015fay\u0131\u015f m\u0259nt\u0259q\u0259l\u0259rind\u0259 v\u0259 c\u0259za\u00e7\u0259km\u0259 m\u00fc\u0259ssis\u0259l\u0259rind\u0259 ba\u015f vermi\u015f&nbsp; k\u00fctl\u0259vi ixt\u015fa\u015flar\u0131n qar\u015f\u0131s\u0131n\u0131n al\u0131nmas\u0131nda, d\u00f6vl\u0259tin \u0259razi b\u00fct\u00f6vl\u00fcy\u00fcn\u00fcn t\u0259min edilm\u0259sind\u0259, hadis\u0259l\u0259r, yan\u011f\u0131nlar, t\u0259bii f\u0259lak\u0259tl\u0259r, f\u00f6vqal\u0259d\u0259 hallar zaman\u0131 h\u00fcquqi rejimin t\u0259min edilm\u0259sind\u0259 el\u0259c\u0259d\u0259 Az\u0259rbaycan\u0131n \u0259razi b\u00fct\u00f6vl\u00fcy\u00fc u\u011frunda ( A\u011fd\u0259r\u0259, A\u011fdam, F\u00fczuli, C\u0259bray\u0131l v\u0259 Z\u0259ngilan rayonlar istiqam\u0259tind\u0259&nbsp; ged\u0259n d\u00f6y\u00fc\u015f v\u0259 x\u00fcsusi \u0259m\u0259liyyatlarda \u00fcz\u0259rin\u0259 d\u00fc\u015f\u0259n v\u0259zif\u0259l\u0259ri m\u0259suliyy\u0259t v\u0259 \u015f\u0259r\u0259f hissi il\u0259 yer\u0131n\u0259 yetirmi\u015fdir.<\/p>\n\n\n\n<p>&nbsp;&nbsp;&nbsp;&nbsp; O, Az\u0259rbaycan Respublikas\u0131 Konstitusiyas\u0131na v\u0259 qanunlar\u0131na, h\u0259rbi and\u0131n, h\u0259rbi nizamnam\u0259l\u0259rin, direktivl\u0259rin, t\u0259limatlar\u0131n, \u0259sasnam\u0259 v\u0259 \u0259mrl\u0259rin&nbsp; t\u0259l\u0259bl\u0259rin\u0259 v\u0259 v\u0259zif\u0259 borcuna \u0259m\u0259l&nbsp; etm\u0259kd\u0259 V\u0259t\u0259n\u0259, D\u00f6vl\u0259t\u0259 v\u0259 Xalqa s\u0259daq\u0259tl\u0259 xidm\u0259t etmi\u015fdir.<\/p>\n\n\n\n<figure class=\"wp-block-gallery columns-2 is-cropped wp-block-gallery-2 is-layout-flex wp-block-gallery-is-layout-flex\"><ul class=\"blocks-gallery-grid\"><li class=\"blocks-gallery-item\"><figure><img loading=\"lazy\" decoding=\"async\" width=\"783\" height=\"1024\" src=\"http:\/\/veteran.az\/wp-content\/uploads\/2022\/09\/20220925_234748-783x1024.jpg\" alt=\"\" data-id=\"18678\" data-full-url=\"http:\/\/veteran.az\/wp-content\/uploads\/2022\/09\/20220925_234748.jpg\" data-link=\"http:\/\/veteran.az\/?attachment_id=18678\" class=\"wp-image-18678\" srcset=\"https:\/\/veteran.az\/wp-content\/uploads\/2022\/09\/20220925_234748-783x1024.jpg 783w, https:\/\/veteran.az\/wp-content\/uploads\/2022\/09\/20220925_234748-229x300.jpg 229w, https:\/\/veteran.az\/wp-content\/uploads\/2022\/09\/20220925_234748-768x1005.jpg 768w, https:\/\/veteran.az\/wp-content\/uploads\/2022\/09\/20220925_234748-1024x1340.jpg 1024w, https:\/\/veteran.az\/wp-content\/uploads\/2022\/09\/20220925_234748.jpg 1080w\" sizes=\"auto, (max-width: 783px) 100vw, 783px\" \/><\/figure><\/li><li class=\"blocks-gallery-item\"><figure><img loading=\"lazy\" decoding=\"async\" width=\"768\" height=\"1024\" src=\"http:\/\/veteran.az\/wp-content\/uploads\/2022\/09\/20220925_234408-768x1024.jpg\" alt=\"\" data-id=\"18675\" data-link=\"http:\/\/veteran.az\/?attachment_id=18675\" class=\"wp-image-18675\" srcset=\"https:\/\/veteran.az\/wp-content\/uploads\/2022\/09\/20220925_234408-768x1024.jpg 768w, https:\/\/veteran.az\/wp-content\/uploads\/2022\/09\/20220925_234408-225x300.jpg 225w, https:\/\/veteran.az\/wp-content\/uploads\/2022\/09\/20220925_234408-1024x1365.jpg 1024w, https:\/\/veteran.az\/wp-content\/uploads\/2022\/09\/20220925_234408.jpg 1051w\" sizes=\"auto, (max-width: 768px) 100vw, 768px\" \/><\/figure><\/li><\/ul><\/figure>\n\n\n\n<p>&nbsp;&nbsp;&nbsp;&nbsp; Hac\u0131yev Y\u00fcsif Yusif o\u011flu Daxili Qo\u015funlar\u0131n Ba\u015f \u0130dar\u0259sinind\u0259 v\u0259 h\u0259rbi hiss\u0259l\u0259rind\u0259 m\u00fcxt\u0259lif v\u0259zif\u0259l\u0259rd\u0259 xidm\u0259t etdiyi ill\u0259r \u0259rzind\u0259 zabitl\u0259rl\u0259, gizir v\u0259 m\u00fcdd\u0259td\u0259n art\u0131q xidm\u0259t h\u0259rbi qulluq\u00e7ularla komandir haz\u0131rl\u0131\u011f\u0131 \u00fczr\u0259, h\u0259rbi hiss\u0259 komandirl\u0259ri v\u0259 onlar\u0131n m\u00fcavinl\u0259ri il\u0259, h\u0259rbi hiss\u0259l\u0259rin \u0259\u015fya xidm\u0259t r\u0259isl\u0259ri il\u0259, b\u00f6luk komandirl\u0259ri il\u0259, b\u00f6l\u00fcy\u00fcn ba\u015f cavu\u015flar\u0131 il\u0259, anbar r\u0259isl\u0259ri il\u0259 planla\u015fd\u0131r\u0131lm\u0131\u015f m\u0259\u015f\u011f\u0259l\u0259l\u0259rin, taktiki v\u0259 n\u00fcmn\u0259vi g\u00f6st\u0259ricil t\u0259liml\u0259rin v\u0259 metodiki t\u0259lim toplan\u0131\u015flar\u0131n\u0131n y\u00fcks\u0259k s\u0259viyy\u0259d\u0259 ke\u00e7irilm\u0259si istiqam\u0259tind\u0259 \u00fcz\u0259rin\u0259 d\u00fcs\u0259n v\u0259zif\u0259l\u0259rin yerin\u0259 yetirilm\u0259sin\u0259 m\u0259suliyy\u0259tl\u0259 yana\u015fm\u0131\u015fd\u0131r.<\/p>\n\n\n\n<p>&nbsp;&nbsp;&nbsp;&nbsp;&nbsp; O, Daxili Qo\u015funlar\u0131n Ba\u015f idar\u0259sin \u0130nispeksiyas\u0131n\u0131n&nbsp; yarand\u0131\u011f\u0131 g\u00fcnd\u0259n&nbsp; \u0130nspeksiyada ba\u015f inispektor v\u0259zif\u0259sind\u0259 uzun m\u00fcdd\u0259t xidm\u0259t etdiyi ill\u0259r \u0259rzind\u0259 Daxili Qo\u015funlar\u0131n Ba\u015f idar\u0259sinin idar\u0259, \u015f\u00f6b\u0259 v\u0259 xidm\u0259tl\u0259rind\u0259, h\u0259rbi hiss\u0259 v\u0259 \u0259lahidd\u0259 b\u00f6m\u0259l\u0259rind\u0259 \u0130nispeksiya&nbsp; (yekun,t\u0259lim,\u00fcm\u00fcmi v\u0259 q\u0259fl\u0259t\u0259n) yoxlamalar\u0131n ke\u00e7irilm\u0259si \u00fczr\u0259 m\u00fcasir t\u0259l\u0259bl\u0259r\u0259 uy\u011fun laz\u0131mi h\u00fcq\u00fcqi normativ aktlar\u0131n (s\u0259n\u0259dl\u0259rin) haz\u0131rlanmas\u0131nda, yoxlamalar\u0131n is\u0259 obyektiv apar\u0131lmas\u0131, d\u00fczg\u00fcn qiym\u0259tl\u0259ndirilm\u0259si \u00fczr\u0259 \u00fcz\u0259rin\u0259 d\u00fc\u015f\u0259n v\u0259zif\u0259l\u0259rin \u00f6hd\u0259sind\u0259n layiqinc\u0259 g\u0259lmi\u015fdir.<\/p>\n\n\n\n<p>&nbsp;&nbsp;&nbsp;&nbsp; Yusif qorxmaz, insanp\u0259rv\u0259r, saxav\u0259tli, \u0259liac\u0131q, v\u0259fal\u0131 bir z\u0259hm\u0259tke\u015f ba\u015f zabitdir. O, ist\u0259r t\u0259hsil ald\u0131g\u0131 orta v\u0259 ali h\u0259rbi m\u0259kt\u0259b ill\u0259rind\u0259, ist\u0259rs\u0259d\u0259 xidm\u0259t etdiyi kollektivl\u0259rd\u0259, dost -tan\u0131\u015f, qohum-\u0259qr\u0259ba&nbsp; aras\u0131nda \u00f6z\u00fcn\u0259 layiq h\u00f6rm\u0259t qazanm\u0131\u015fd\u0131r.<\/p>\n\n\n\n<figure class=\"wp-block-gallery columns-2 is-cropped wp-block-gallery-3 is-layout-flex wp-block-gallery-is-layout-flex\"><ul class=\"blocks-gallery-grid\"><li class=\"blocks-gallery-item\"><figure><img loading=\"lazy\" decoding=\"async\" width=\"1024\" height=\"576\" src=\"http:\/\/veteran.az\/wp-content\/uploads\/2022\/09\/IMG-20220926-WA0008-1024x576.jpg\" alt=\"\" data-id=\"18682\" data-link=\"http:\/\/veteran.az\/?attachment_id=18682\" class=\"wp-image-18682\" srcset=\"https:\/\/veteran.az\/wp-content\/uploads\/2022\/09\/IMG-20220926-WA0008-1024x576.jpg 1024w, https:\/\/veteran.az\/wp-content\/uploads\/2022\/09\/IMG-20220926-WA0008-300x169.jpg 300w, https:\/\/veteran.az\/wp-content\/uploads\/2022\/09\/IMG-20220926-WA0008-768x432.jpg 768w, https:\/\/veteran.az\/wp-content\/uploads\/2022\/09\/IMG-20220926-WA0008.jpg 1032w\" sizes=\"auto, (max-width: 1024px) 100vw, 1024px\" \/><\/figure><\/li><li class=\"blocks-gallery-item\"><figure><img loading=\"lazy\" decoding=\"async\" width=\"1024\" height=\"576\" src=\"http:\/\/veteran.az\/wp-content\/uploads\/2022\/09\/IMG-20220926-WA0007-1024x576.jpg\" alt=\"\" data-id=\"18683\" data-full-url=\"http:\/\/veteran.az\/wp-content\/uploads\/2022\/09\/IMG-20220926-WA0007.jpg\" data-link=\"http:\/\/veteran.az\/?attachment_id=18683\" class=\"wp-image-18683\" srcset=\"https:\/\/veteran.az\/wp-content\/uploads\/2022\/09\/IMG-20220926-WA0007-1024x576.jpg 1024w, https:\/\/veteran.az\/wp-content\/uploads\/2022\/09\/IMG-20220926-WA0007-300x169.jpg 300w, https:\/\/veteran.az\/wp-content\/uploads\/2022\/09\/IMG-20220926-WA0007-768x432.jpg 768w, https:\/\/veteran.az\/wp-content\/uploads\/2022\/09\/IMG-20220926-WA0007.jpg 1280w\" sizes=\"auto, (max-width: 1024px) 100vw, 1024px\" \/><\/figure><\/li><\/ul><\/figure>\n\n\n\n<p>&nbsp;&nbsp;&nbsp; M\u00fcharib\u0259 v\u0259 Silahl\u0131 Q\u00fcvv\u0259l\u0259r Veteran\u0131 ehtiyatda olan polkovnik-leytenant&nbsp; Yusif Hac\u0131yev xidm\u0259ti v\u0259zif\u0259l\u0259rin yerin\u0259 yetirilm\u0259sin\u0259 m\u0259suliyy\u0259tl\u0259 yana\u015fd\u0131\u011f\u0131na g\u00f6r\u0259 Daxili \u0130\u015fl\u0259r Nazirinin, Daxili Qo\u015funlar Komandan\u0131n\u0131n v\u0259 onun m\u00fcavinl\u0259rinin, idar\u0259 (xidm\u0259t) v\u0259&nbsp; t\u0259hsil ald\u0131g\u0131 ali h\u0259rbi m\u0259kt\u0259b r\u0259isl\u0259rinin,h\u0259rbi hiss\u0259 komandirinin v\u0259 onlar\u0131n m\u00fcavinl\u0259rinin m\u00fcvafiq \u0259mrl\u0259ri il\u0259 \u0259la xidm\u0259tl\u0259r\u0259 g\u00f6r\u0259 d\u00f6\u015f v\u0259 yubiley nisanlar\u0131 il\u0259, pul m\u00fckafatlar\u0131 il\u0259, f\u0259xr\u0131 f\u0259rmanlarla v\u0259 qiym\u0259tli h\u0259diyy\u0259l\u0259rl\u0259 m\u00fckafatland\u0131rl\u0131b v\u0259 ona t\u0259\u015f\u0259kk\u00fcr elan edilib.<\/p>\n\n\n\n<p>&nbsp;&nbsp;&nbsp;&nbsp; O, xidm\u0259td\u0259 f\u0259riql\u0259ndiyin\u0259 g\u00f6r\u0259 SSRI Ali Soveti v\u0259 Az\u0259rbaycan Respublikas\u0131n\u0131n&nbsp; Prezidenti ad\u0131ndan Dax\u0131l\u0131 \u0130\u015fl\u0259r Nazirinin m\u00fcvaiq \u0259mrl\u0259ri il\u0259 SSR\u0130&nbsp; Silahl\u0131 Q\u00fcvv\u0259l\u0259rinin yaranmas\u0131n\u0131n 70-illik, Az\u0259rbaycan Respublikas\u0131 Silahl\u0131 Q\u00fcvv\u0259l\u0259rinin yaranmas\u0131n\u0131n &#171;10-illk, 90-ilik v\u0259 95 -illk&#187; yubiley, &#171;Silahl\u0131 Q\u00fcvv\u0259l\u0259r Veteran\u0131&#187; v\u0259 &#171;Q\u00fcsursuz xidm\u0259tl\u0259r\u0259 g\u00f6r\u0259 1-ci, 2-ci&nbsp; v\u0259 3 -c\u00fc d\u0259r\u0259c\u0259li&#187; medallarla t\u0259ltif edilib.<\/p>\n\n\n\n<figure class=\"wp-block-image size-large\"><img loading=\"lazy\" decoding=\"async\" width=\"1024\" height=\"582\" src=\"http:\/\/veteran.az\/wp-content\/uploads\/2022\/09\/20220925_234210-1024x582.jpg\" alt=\"\" class=\"wp-image-18686\" srcset=\"https:\/\/veteran.az\/wp-content\/uploads\/2022\/09\/20220925_234210-1024x582.jpg 1024w, https:\/\/veteran.az\/wp-content\/uploads\/2022\/09\/20220925_234210-300x171.jpg 300w, https:\/\/veteran.az\/wp-content\/uploads\/2022\/09\/20220925_234210-768x437.jpg 768w, https:\/\/veteran.az\/wp-content\/uploads\/2022\/09\/20220925_234210.jpg 1038w\" sizes=\"auto, (max-width: 1024px) 100vw, 1024px\" \/><\/figure>\n\n\n\n<p><strong>DO\u011eUM G\u00dcN\u00dcN M\u00dcBAR\u018fK OLSUN, YUS\u0130F B\u018fY!<\/strong><\/p>\n\n\n\n<p><strong>B\u0130R \u0130L DAHA B\u0130TD\u0130, AMMA HE\u00c7 VAXT K\u018fD\u018fRL\u018fNM\u018f&nbsp;ZAMAN TEZ KE\u00c7\u0130R DEY\u018f&#8230;UNUTMA K\u0130, H\u018fR&nbsp; K\u018fS EYN\u0130 \u015eEY\u0130 YA\u015eAYIR. BU \u0130L\u0130N SONUNDA GER\u0130Y\u018f BAXDI\u011eINDA \u00dcM\u00dcD ED\u0130R\u018fM B\u0130R &#171;M\u00d6C\u00dcZ\u018f&nbsp; \u0130LD\u0130R &#187; DEY\u018fRS\u018fN&#8230;B\u00dcT\u00dcN ARZULARININ REALLA\u015eMASI D\u0130L\u018fY\u0130ML\u018f&#8230;XO\u015eB\u018fXT \u0130LL\u018fR\u018f&#8230;<\/strong><\/p>\n\n\n\n<p><strong>Az\u0259rbaycan V\u0259t\u0259n M\u00fcharib\u0259si Veteranlar\u0131 \u0130ctimai Birliyi s\u0259drinin h\u00fcququ m\u0259s\u0259l\u0259l\u0259r \u00fczr\u0259 &nbsp;m\u00fcavini polkovnik Salman Musayev<\/strong><\/p>\n\n\n\n<figure class=\"wp-block-gallery columns-2 is-cropped wp-block-gallery-4 is-layout-flex wp-block-gallery-is-layout-flex\"><ul class=\"blocks-gallery-grid\"><li class=\"blocks-gallery-item\"><figure><img loading=\"lazy\" decoding=\"async\" width=\"356\" height=\"508\" src=\"http:\/\/veteran.az\/wp-content\/uploads\/2022\/09\/20220925_234549.jpg\" alt=\"\" data-id=\"18674\" data-full-url=\"http:\/\/veteran.az\/wp-content\/uploads\/2022\/09\/20220925_234549.jpg\" data-link=\"http:\/\/veteran.az\/?attachment_id=18674\" class=\"wp-image-18674\" srcset=\"https:\/\/veteran.az\/wp-content\/uploads\/2022\/09\/20220925_234549.jpg 356w, https:\/\/veteran.az\/wp-content\/uploads\/2022\/09\/20220925_234549-210x300.jpg 210w\" sizes=\"auto, (max-width: 356px) 100vw, 356px\" \/><\/figure><\/li><li class=\"blocks-gallery-item\"><figure><img decoding=\"async\" src=\"http:\/\/veteran.az\/wp-content\/uploads\/2022\/08\/8265a327389da9fe4fdc2714b309120e-1-1-2-1-2.jpg\" alt=\"\" data-id=\"17883\" data-full-url=\"http:\/\/veteran.az\/wp-content\/uploads\/2022\/08\/8265a327389da9fe4fdc2714b309120e-1-1-2-1-2.jpg\" data-link=\"http:\/\/veteran.az\/?attachment_id=17883\" class=\"wp-image-17883\"\/><\/figure><\/li><\/ul><\/figure>\n","protected":false},"excerpt":{"rendered":"<p>&nbsp;&nbsp;&nbsp;&nbsp;&nbsp;&nbsp; Y\u00fcks\u0259k pe\u015f\u0259karl\u0131\u011f\u0131 v\u0259 humanistliyi il\u0259,i\u015fg\u00fczarl\u0131\u011f\u0131 v\u0259 m\u0259n\u0259vi keyfiyy\u0259ti il\u0259, n\u0259z\u0259ri v\u0259 praktiki biliyi il\u0259,&#8230;<\/p>\n","protected":false},"author":3,"featured_media":0,"comment_status":"closed","ping_status":"closed","sticky":false,"template":"","format":"standard","meta":{"footnotes":""},"categories":[12],"tags":[],"class_list":["post-18668","post","type-post","status-publish","format-standard","hentry","category-veteran"],"featured_image_urls":{"full":"","thumbnail":"","medium":"","medium_large":"","large":"","1536x1536":"","2048x2048":"","covernews-slider-full":"","covernews-slider-center":"","covernews-featured":"","covernews-medium":"","covernews-medium-square":""},"author_info":{"display_name":"Veteran.az","author_link":"https:\/\/veteran.az\/?author=3"},"category_info":"<a href=\"https:\/\/veteran.az\/?cat=12\" rel=\"category\">Veteran d\u00fcnyas\u0131<\/a>","tag_info":"Veteran d\u00fcnyas\u0131","comment_count":"0","_links":{"self":[{"href":"https:\/\/veteran.az\/index.php?rest_route=\/wp\/v2\/posts\/18668","targetHints":{"allow":["GET"]}}],"collection":[{"href":"https:\/\/veteran.az\/index.php?rest_route=\/wp\/v2\/posts"}],"about":[{"href":"https:\/\/veteran.az\/index.php?rest_route=\/wp\/v2\/types\/post"}],"author":[{"embeddable":true,"href":"https:\/\/veteran.az\/index.php?rest_route=\/wp\/v2\/users\/3"}],"replies":[{"embeddable":true,"href":"https:\/\/veteran.az\/index.php?rest_route=%2Fwp%2Fv2%2Fcomments&post=18668"}],"version-history":[{"count":5,"href":"https:\/\/veteran.az\/index.php?rest_route=\/wp\/v2\/posts\/18668\/revisions"}],"predecessor-version":[{"id":18687,"href":"https:\/\/veteran.az\/index.php?rest_route=\/wp\/v2\/posts\/18668\/revisions\/18687"}],"wp:attachment":[{"href":"https:\/\/veteran.az\/index.php?rest_route=%2Fwp%2Fv2%2Fmedia&parent=18668"}],"wp:term":[{"taxonomy":"category","embeddable":true,"href":"https:\/\/veteran.az\/index.php?rest_route=%2Fwp%2Fv2%2Fcategories&post=18668"},{"taxonomy":"post_tag","embeddable":true,"href":"https:\/\/veteran.az\/index.php?rest_route=%2Fwp%2Fv2%2Ftags&post=18668"}],"curies":[{"name":"wp","href":"https:\/\/api.w.org\/{rel}","templated":true}]}}