{"id":18661,"date":"2022-09-26T00:57:24","date_gmt":"2022-09-25T20:57:24","guid":{"rendered":"http:\/\/veteran.az\/?p=18661"},"modified":"2022-09-26T00:57:25","modified_gmt":"2022-09-25T20:57:25","slug":"turkiy%c9%99li-nazir-xarici-s%c9%99f%c9%99rl%c9%99rd%c9%99-%c9%99rdogandan-az%c9%99rbaycanla-bagli-xahisl%c9%99r-edirl%c9%99r","status":"publish","type":"post","link":"https:\/\/veteran.az\/?p=18661","title":{"rendered":"T\u00fcrkiy\u0259li nazir: &#171;Xarici s\u0259f\u0259rl\u0259rd\u0259 \u018frdo\u011fandan Az\u0259rbaycanla ba\u011fl\u0131 xahi\u015fl\u0259r edirl\u0259r\u201d"},"content":{"rendered":"\n<p><strong>T\u00fcrkiy\u0259nin k\u0259nd t\u0259s\u0259rr\u00fcfat v\u0259 me\u015f\u0259\u00e7ilik naziri Vahit Kiri\u015f\u00e7i bu \u00f6lk\u0259nin d\u00f6vl\u0259t ba\u015f\u00e7\u0131s\u0131 R\u0259c\u0259b Tayyib \u018frdo\u011fandan xarici s\u0259f\u0259rl\u0259rd\u0259 Az\u0259rbaycanla ba\u011fl\u0131 edil\u0259n xahi\u015fl\u0259rd\u0259n dan\u0131\u015f\u0131b.<\/strong><\/p>\n\n\n\n<p>Bu bar\u0259d\u0259\u00a0\u201cReport\u201d\u00a0T\u00fcrkiy\u0259 m\u0259tbuat\u0131na istinad\u0259n x\u0259b\u0259r verir.<\/p>\n\n\n\n<p>Vahit Kiri\u015f\u00e7i Prezident \u018frdo\u011fan\u0131 bir s\u0131ra xarici s\u0259f\u0259rl\u0259rind\u0259 m\u00fc\u015fayi\u0259t etdiyini vur\u011fulayaraq, b\u0259zi d\u00f6vl\u0259tl\u0259rin r\u0259smil\u0259rinin onlardan \u00f6z \u00f6lk\u0259l\u0259ri il\u0259 ba\u011fl\u0131 xahi\u015fl\u0259rind\u0259n dan\u0131\u015f\u0131b: \u201cBiz\u0259 deyirl\u0259r ki, sizin Putin (Rusiya Prezidenti Vladimir Putin-red) v\u0259 Rusiya il\u0259 yax\u015f\u0131 m\u00fcnasib\u0259tiniz var, l\u00fctf\u0259n, t\u0259bii qaz\u0131m\u0131z\u0131 k\u0259sm\u0259sinl\u0259r, k\u0259ss\u0259l\u0259r, donar\u0131q. Az\u0259rbaycan sizin dostunuz v\u0259 qarda\u015f\u0131n\u0131zd\u0131r, bizim idxal etdiyimiz yanaca\u011f\u0131n klapan\u0131n\u0131 ba\u011flamas\u0131nlar &#8212; deyirl\u0259r\u201d.<\/p>\n\n\n\n<p>O, T\u00fcrkiy\u0259 hakimiyy\u0259tinin 2002-ci ild\u0259n m\u00fcdafi\u0259 s\u0259nayesin\u0259 b\u00f6y\u00fck \u0259h\u0259miyy\u0259t verdiyini vur\u011fulay\u0131b: \u201cM\u00fcdafi\u0259 s\u0259nayesin\u0259 verdiyimiz \u00f6n\u0259m say\u0259sind\u0259 bu g\u00fcn yerli istehsal\u0131 y\u00fczd\u0259 80 faiz\u0259 \u00e7atd\u0131rm\u0131\u015f\u0131q, c\u0259mi 20 faizi qal\u0131b. H\u0259r k\u0259s indi \u00f6z\u00fcm\u00fcz\u00fcn d\u00f6y\u00fc\u015f t\u0259yyar\u0259mizin n\u0259 vaxt u\u00e7u\u015f zola\u011f\u0131ndan qalxaca\u011f\u0131n\u0131 v\u0259 ya en\u0259c\u0259yini g\u00f6zl\u0259yir, \u00e7\u00fcnki d\u00fcnyada \u0130HA v\u0259 S\u0130HA (silahl\u0131 v\u0259 silahs\u0131z pilotsuz u\u00e7u\u015f aparatlar\u0131-red) istehsal ed\u0259n azsayl\u0131 \u00f6lk\u0259l\u0259rd\u0259n birin\u0259 \u00e7evrilmi\u015fik\u201d.<\/p>\n\n\n\n<p>Nazir R\u0259c\u0259b Tayyib \u018frdo\u011fan\u0131n g\u0259ncl\u0259r\u0259 d\u0259y\u0259r v\u0259 \u00f6n\u0259m verdiyini vur\u011fulay\u0131b. Vahit Kiri\u015f\u00e7i qeyd edib ki, d\u00fczg\u00fcn siyas\u0259t, d\u00fczg\u00fcn m\u00f6vqe T\u00fcrkiy\u0259ni bu c\u00fcr g\u00fccl\u00fc v\u0259ziyy\u0259t\u0259 g\u0259tirib: &#171;Biz NATO-nun \u00fczv\u00fc v\u0259 iki n\u00f6mr\u0259li \u00f6lk\u0259yik, lakin dig\u0259r t\u0259r\u0259fd\u0259n A\u0130 il\u0259 dan\u0131\u015f\u0131qlar prosesind\u0259yik. H\u0259m NATO, h\u0259m d\u0259 A\u0130 Ukrayna t\u0259r\u0259find\u0259 oldu\u011fu halda biz birini dig\u0259rind\u0259n se\u00e7\u0259 bilm\u0259rik, h\u0259r ikisi bizim dostumuzdur v\u0259 qon\u015fu \u00f6lk\u0259l\u0259rdir\u201d.<\/p>\n","protected":false},"excerpt":{"rendered":"<p>T\u00fcrkiy\u0259nin k\u0259nd t\u0259s\u0259rr\u00fcfat v\u0259 me\u015f\u0259\u00e7ilik naziri Vahit Kiri\u015f\u00e7i bu \u00f6lk\u0259nin d\u00f6vl\u0259t ba\u015f\u00e7\u0131s\u0131 R\u0259c\u0259b Tayyib \u018frdo\u011fandan&#8230;<\/p>\n","protected":false},"author":3,"featured_media":0,"comment_status":"closed","ping_status":"closed","sticky":false,"template":"","format":"standard","meta":{"footnotes":""},"categories":[7],"tags":[],"class_list":["post-18661","post","type-post","status-publish","format-standard","hentry","category-dunya"],"featured_image_urls":{"full":"","thumbnail":"","medium":"","medium_large":"","large":"","1536x1536":"","2048x2048":"","covernews-slider-full":"","covernews-slider-center":"","covernews-featured":"","covernews-medium":"","covernews-medium-square":""},"author_info":{"display_name":"Veteran.az","author_link":"https:\/\/veteran.az\/?author=3"},"category_info":"<a href=\"https:\/\/veteran.az\/?cat=7\" rel=\"category\">D\u00fcnya<\/a>","tag_info":"D\u00fcnya","comment_count":"0","_links":{"self":[{"href":"https:\/\/veteran.az\/index.php?rest_route=\/wp\/v2\/posts\/18661","targetHints":{"allow":["GET"]}}],"collection":[{"href":"https:\/\/veteran.az\/index.php?rest_route=\/wp\/v2\/posts"}],"about":[{"href":"https:\/\/veteran.az\/index.php?rest_route=\/wp\/v2\/types\/post"}],"author":[{"embeddable":true,"href":"https:\/\/veteran.az\/index.php?rest_route=\/wp\/v2\/users\/3"}],"replies":[{"embeddable":true,"href":"https:\/\/veteran.az\/index.php?rest_route=%2Fwp%2Fv2%2Fcomments&post=18661"}],"version-history":[{"count":1,"href":"https:\/\/veteran.az\/index.php?rest_route=\/wp\/v2\/posts\/18661\/revisions"}],"predecessor-version":[{"id":18663,"href":"https:\/\/veteran.az\/index.php?rest_route=\/wp\/v2\/posts\/18661\/revisions\/18663"}],"wp:attachment":[{"href":"https:\/\/veteran.az\/index.php?rest_route=%2Fwp%2Fv2%2Fmedia&parent=18661"}],"wp:term":[{"taxonomy":"category","embeddable":true,"href":"https:\/\/veteran.az\/index.php?rest_route=%2Fwp%2Fv2%2Fcategories&post=18661"},{"taxonomy":"post_tag","embeddable":true,"href":"https:\/\/veteran.az\/index.php?rest_route=%2Fwp%2Fv2%2Ftags&post=18661"}],"curies":[{"name":"wp","href":"https:\/\/api.w.org\/{rel}","templated":true}]}}