{"id":18627,"date":"2022-09-24T11:30:43","date_gmt":"2022-09-24T07:30:43","guid":{"rendered":"http:\/\/veteran.az\/?p=18627"},"modified":"2022-09-24T11:30:44","modified_gmt":"2022-09-24T07:30:44","slug":"az%c9%99rbaycan-jurnalistl%c9%99rinin-viii-qurultayi-baslayib","status":"publish","type":"post","link":"https:\/\/veteran.az\/?p=18627","title":{"rendered":"Az\u0259rbaycan jurnalistl\u0259rinin VIII qurultay\u0131 ba\u015flay\u0131b"},"content":{"rendered":"\n<p><strong>Az\u0259rbaycan jurnalistl\u0259rinin VIII Qurultay\u0131n\u0131n i\u015ftirak\u00e7\u0131lar\u0131 Az\u0259rbaycan Respublikas\u0131n\u0131n Prezidenti \u0130lham \u018fliyev\u0259 m\u00fcraci\u0259t edib.<\/strong><br><br>M\u00fcraci\u0259ti M\u0259tbuat \u015euras\u0131n\u0131n s\u0259dr m\u00fcavini Umud R\u0259himo\u011flu s\u0259sl\u0259ndirib.<br><br>M\u00fcraci\u0259td\u0259 deyilir:<br><br>&#171;M\u00f6ht\u0259r\u0259m c\u0259nab Prezident!<br><br>Sizi Az\u0259rbaycan jurnalistl\u0259rinin VIII qurultay\u0131n\u0131n i\u015ftirak\u00e7\u0131lar\u0131 ad\u0131ndan salamlamaqdan m\u0259mnunluq duyuruq.<\/p>\n\n\n\n<p>Az\u0259rbaycan jurnalistikas\u0131 xalq\u0131m\u0131z\u0131n \u00e7ox\u0259srlik ad\u0259t-\u0259n\u0259n\u0259l\u0259rinin ya\u015fad\u0131lmas\u0131nda, m\u00fcst\u0259qillik ideyas\u0131n\u0131n t\u0259\u015f\u0259kk\u00fcl\u00fcnd\u0259 f\u0259al rol oynam\u0131\u015f, tarixi missiya yerin\u0259 yetirmi\u015fdir. \u018fsas\u0131 dahi m\u00fct\u0259f\u0259kkir H\u0259s\u0259n b\u0259y Z\u0259rdabi t\u0259r\u0259find\u0259n qoyulmu\u015f m\u0259tbuat\u0131m\u0131z\u0131n ideya platformas\u0131 insanlar\u0131m\u0131z\u0131 m\u00fcq\u0259dd\u0259s amallar u\u011frunda m\u00fcbariz\u0259y\u0259 s\u0259sl\u0259mi\u015f, h\u0259mr\u0259yliyimizin d\u00f6vl\u0259t\u00e7ilik t\u0259f\u0259kk\u00fcr\u00fc il\u0259 v\u0259hd\u0259tini t\u0259min etmi\u015fdir. M\u00fcasir m\u00fcst\u0259qil Az\u0259rbaycan Respublikas\u0131n\u0131n qurucusu Ulu \u00d6nd\u0259r Heyd\u0259r \u018fliyev \u00e7\u0131x\u0131\u015flar\u0131nda, media t\u0259msil\u00e7il\u0259ri il\u0259 g\u00f6r\u00fc\u015fl\u0259rind\u0259, imzalad\u0131\u011f\u0131 d\u00f6vl\u0259t s\u0259n\u0259dl\u0259rind\u0259 m\u0259tbuat\u0131m\u0131z\u0131n bu missiyas\u0131n\u0131, milli \u015f\u00fcurun oyan\u0131\u015f\u0131na, milli \u00f6z\u00fcn\u00fcd\u0259rk prosesl\u0259rin\u0259 t\u00f6hf\u0259sini y\u00fcks\u0259k qiym\u0259tl\u0259ndirmi\u015fdir. O, jurnalistikan\u0131 d\u00f6vl\u0259t idar\u0259\u00e7iliyind\u0259 m\u00fch\u00fcm ictimai institut olaraq g\u00f6rm\u00fc\u015f, bu yana\u015fman\u0131 idar\u0259\u00e7ilik modelin\u0259, demokratik, d\u00fcnyavi d\u00f6vl\u0259t quruculu\u011funun ayr\u0131lmaz t\u0259rkib hiss\u0259sin\u0259 \u00e7evirmi\u015fdir.<\/p>\n\n\n\n<p>M\u00f6ht\u0259r\u0259m c\u0259nab Prezident, Siz \u00dcmummilli liderin uzaqg\u00f6r\u0259nlikl\u0259 m\u00fc\u0259yy\u0259nl\u0259\u015fdirdiyi kursa sadiq qalaraq, onun jurnalistika il\u0259 ba\u011fl\u0131 bax\u0131\u015flar\u0131ndak\u0131 ideoloji x\u0259tt\u0259 davaml\u0131l\u0131q qazand\u0131rm\u0131s\u0131n\u0131z. Bu x\u0259tt jurnalist pe\u015f\u0259karl\u0131\u011f\u0131n\u0131n y\u00fcks\u0259ldilm\u0259sind\u0259n tutmu\u015f media orqanlar\u0131n\u0131n maddi-texniki bazas\u0131n\u0131n, k\u00fctl\u0259vi informasiya vasit\u0259l\u0259ri \u0259m\u0259kda\u015flar\u0131n\u0131n sosial-m\u0259i\u015f\u0259t \u015f\u0259raitinin yax\u015f\u0131la\u015fd\u0131r\u0131lmas\u0131nad\u0259k bir \u00e7ox vacib m\u0259qamlar\u0131 \u00f6z\u00fcnd\u0259 birl\u0259\u015fdirmi\u015fdir. R\u0259hb\u0259rliyiniz alt\u0131nda realla\u015fd\u0131r\u0131lmaqda olan \u00e7ox\u015fax\u0259li islahatlar proqram\u0131 jurnalistikan\u0131 da \u0259hat\u0259 edir. G\u00f6zl\u0259ntimiz v\u0259 arzumuz budur ki, Qafqaz co\u011frafiyas\u0131nda x\u00fcsusi \u00e7\u0259kiy\u0259 malik media orqanlar\u0131m\u0131z d\u00fcnyan\u0131n n\u00fcfuzlu k\u00fctl\u0259vi informasiya vasit\u0259l\u0259ri il\u0259 r\u0259qab\u0259t m\u00fchitin\u0259 haz\u0131r olsunlar.<\/p>\n\n\n\n<p>C\u0259nab Prezident, 44 g\u00fcnl\u00fck V\u0259t\u0259n M\u00fcharib\u0259si d\u00f6vr\u00fcnd\u0259 d\u00fcnyan\u0131n qlobal media orqanlar\u0131na m\u00fcsahib\u0259l\u0259rinizd\u0259ki fikirl\u0259r d\u00fc\u015fm\u0259nl\u0259 apard\u0131\u011f\u0131m\u0131z informasiya sava\u015f\u0131n\u0131n \u0259sas konturlar\u0131n\u0131 t\u0259\u015fkil etdi. Bu sava\u015fdan qalib ayr\u0131lmaqdan, torpaqlar\u0131m\u0131z\u0131n d\u00fc\u015fm\u0259n tapda\u011f\u0131ndan qurtulmas\u0131na \u015fahidlikd\u0259n, z\u0259f\u0259r t\u0259nt\u0259n\u0259sini ya\u015famaqdan b\u00f6y\u00fck xo\u015fb\u0259xtlik ola bilm\u0259zdi.<\/p>\n\n\n\n<p>Onu da bildiririk ki, d\u00fcnyada ba\u015f ver\u0259n qlobal prosesl\u0259r fonunda milli maraq v\u0259 m\u0259nafel\u0259rimizin qorunmas\u0131ndak\u0131 prinsipiall\u0131q v\u0259 q\u0259tiyy\u0259tiniz Az\u0259rbaycan jurnalistl\u0259rinin \u0259n m\u00fch\u00fcn yarad\u0131c\u0131l\u0131q m\u00f6vzusudur. Bu istiqam\u0259td\u0259 materiallar haz\u0131rlamaq, t\u0259hlill\u0259r aparmaq pe\u015f\u0259 z\u00f6vq\u00fcm\u00fczd\u00fcr. Bizi g\u00fccl\u00fc ed\u0259n, q\u00fcrurland\u0131ran bu f\u0259alliyy\u0259tin V\u0259t\u0259nimiz namin\u0259 oldu\u011funa d\u0259rin \u0259minliyimizdir.<\/p>\n\n\n\n<p>M\u00f6ht\u0259r\u0259m c\u0259nab Prezident, Az\u0259rbaycan jurnalistl\u0259rinin VIII qurultay\u0131 k\u00fctl\u0259vi informasiya vasit\u0259l\u0259rimizin qar\u015f\u0131s\u0131nda ali v\u0259zif\u0259l\u0259r m\u00fc\u0259yy\u0259nl\u0259\u015fdirm\u0259kd\u0259dir. Biz Sizin \u015f\u0259xsinizd\u0259 Az\u0259rbaycan d\u00f6vl\u0259tinin media siyas\u0259tinin z\u0259ngin mahiyy\u0259tin\u0259 g\u00fcv\u0259n\u0259r\u0259k d\u00f6vl\u0259timizin, d\u00f6vl\u0259t\u00e7iliyimizin m\u00f6hk\u0259ml\u0259nm\u0259si namin\u0259 b\u00fct\u00fcn v\u0259zif\u0259l\u0259rin icras\u0131na haz\u0131r oldu\u011fumuzu b\u0259yan edirik.<br><br>Siz\u0259 V\u0259t\u0259nimizin \u00e7i\u00e7\u0259kl\u0259nm\u0259sin\u0259 y\u00f6n\u0259l\u0259n m\u00fcq\u0259dd\u0259s f\u0259aliyy\u0259tinizd\u0259 yeni-yeni u\u011furlar v\u0259 m\u00fcv\u0259ff\u0259qiyy\u0259tl\u0259r arzulay\u0131r\u0131q.<br><br>Uca Tanr\u0131 yar v\u0259 yard\u0131m\u00e7\u0131n\u0131z olsun!&#187;<\/p>\n","protected":false},"excerpt":{"rendered":"<p>Az\u0259rbaycan jurnalistl\u0259rinin VIII Qurultay\u0131n\u0131n i\u015ftirak\u00e7\u0131lar\u0131 Az\u0259rbaycan Respublikas\u0131n\u0131n Prezidenti \u0130lham \u018fliyev\u0259 m\u00fcraci\u0259t edib. M\u00fcraci\u0259ti M\u0259tbuat \u015euras\u0131n\u0131n&#8230;<\/p>\n","protected":false},"author":3,"featured_media":18628,"comment_status":"closed","ping_status":"closed","sticky":false,"template":"","format":"standard","meta":{"footnotes":""},"categories":[6],"tags":[],"class_list":["post-18627","post","type-post","status-publish","format-standard","has-post-thumbnail","hentry","category-cmiyyt"],"featured_image_urls":{"full":["https:\/\/veteran.az\/wp-content\/uploads\/2022\/09\/1664000507_dd2051a4-7514-3389-b496-82338c734521_850.jpg",850,530,false],"thumbnail":["https:\/\/veteran.az\/wp-content\/uploads\/2022\/09\/1664000507_dd2051a4-7514-3389-b496-82338c734521_850-150x150.jpg",150,150,true],"medium":["https:\/\/veteran.az\/wp-content\/uploads\/2022\/09\/1664000507_dd2051a4-7514-3389-b496-82338c734521_850-300x187.jpg",300,187,true],"medium_large":["https:\/\/veteran.az\/wp-content\/uploads\/2022\/09\/1664000507_dd2051a4-7514-3389-b496-82338c734521_850-768x479.jpg",640,399,true],"large":["https:\/\/veteran.az\/wp-content\/uploads\/2022\/09\/1664000507_dd2051a4-7514-3389-b496-82338c734521_850.jpg",640,399,false],"1536x1536":["https:\/\/veteran.az\/wp-content\/uploads\/2022\/09\/1664000507_dd2051a4-7514-3389-b496-82338c734521_850.jpg",850,530,false],"2048x2048":["https:\/\/veteran.az\/wp-content\/uploads\/2022\/09\/1664000507_dd2051a4-7514-3389-b496-82338c734521_850.jpg",850,530,false],"covernews-slider-full":["https:\/\/veteran.az\/wp-content\/uploads\/2022\/09\/1664000507_dd2051a4-7514-3389-b496-82338c734521_850.jpg",850,530,false],"covernews-slider-center":["https:\/\/veteran.az\/wp-content\/uploads\/2022\/09\/1664000507_dd2051a4-7514-3389-b496-82338c734521_850.jpg",800,500,false],"covernews-featured":["https:\/\/veteran.az\/wp-content\/uploads\/2022\/09\/1664000507_dd2051a4-7514-3389-b496-82338c734521_850.jpg",850,530,false],"covernews-medium":["https:\/\/veteran.az\/wp-content\/uploads\/2022\/09\/1664000507_dd2051a4-7514-3389-b496-82338c734521_850-720x380.jpg",540,285,true],"covernews-medium-square":["https:\/\/veteran.az\/wp-content\/uploads\/2022\/09\/1664000507_dd2051a4-7514-3389-b496-82338c734521_850-675x450.jpg",375,250,true]},"author_info":{"display_name":"Veteran.az","author_link":"https:\/\/veteran.az\/?author=3"},"category_info":"<a href=\"https:\/\/veteran.az\/?cat=6\" rel=\"category\">C\u0259miyy\u0259t<\/a>","tag_info":"C\u0259miyy\u0259t","comment_count":"0","_links":{"self":[{"href":"https:\/\/veteran.az\/index.php?rest_route=\/wp\/v2\/posts\/18627","targetHints":{"allow":["GET"]}}],"collection":[{"href":"https:\/\/veteran.az\/index.php?rest_route=\/wp\/v2\/posts"}],"about":[{"href":"https:\/\/veteran.az\/index.php?rest_route=\/wp\/v2\/types\/post"}],"author":[{"embeddable":true,"href":"https:\/\/veteran.az\/index.php?rest_route=\/wp\/v2\/users\/3"}],"replies":[{"embeddable":true,"href":"https:\/\/veteran.az\/index.php?rest_route=%2Fwp%2Fv2%2Fcomments&post=18627"}],"version-history":[{"count":1,"href":"https:\/\/veteran.az\/index.php?rest_route=\/wp\/v2\/posts\/18627\/revisions"}],"predecessor-version":[{"id":18629,"href":"https:\/\/veteran.az\/index.php?rest_route=\/wp\/v2\/posts\/18627\/revisions\/18629"}],"wp:featuredmedia":[{"embeddable":true,"href":"https:\/\/veteran.az\/index.php?rest_route=\/wp\/v2\/media\/18628"}],"wp:attachment":[{"href":"https:\/\/veteran.az\/index.php?rest_route=%2Fwp%2Fv2%2Fmedia&parent=18627"}],"wp:term":[{"taxonomy":"category","embeddable":true,"href":"https:\/\/veteran.az\/index.php?rest_route=%2Fwp%2Fv2%2Fcategories&post=18627"},{"taxonomy":"post_tag","embeddable":true,"href":"https:\/\/veteran.az\/index.php?rest_route=%2Fwp%2Fv2%2Ftags&post=18627"}],"curies":[{"name":"wp","href":"https:\/\/api.w.org\/{rel}","templated":true}]}}