{"id":18605,"date":"2022-09-21T23:16:19","date_gmt":"2022-09-21T19:16:19","guid":{"rendered":"http:\/\/veteran.az\/?p=18605"},"modified":"2022-09-21T23:16:20","modified_gmt":"2022-09-21T19:16:20","slug":"qazi-il%c9%99-kobud-davranan-direktor-c%c9%99zalandirildi","status":"publish","type":"post","link":"https:\/\/veteran.az\/?p=18605","title":{"rendered":"Qazi il\u0259 kobud davranan direktor C\u018fZALANDIRILDI"},"content":{"rendered":"\n<h4 class=\"wp-block-heading\">Bak\u0131 \u015e\u0259h\u0259ri \u00fczr\u0259 T\u0259hsil \u0130dar\u0259si V\u0259t\u0259n m\u00fcharib\u0259si qazisi, polkovnik El\u015f\u0259n Umarovun \u00f6vlad\u0131n\u0131n t\u0259hsili il\u0259 ba\u011fl\u0131 227 n\u00f6mr\u0259li tam orta m\u0259kt\u0259b\u0259 m\u00fcraci\u0259ti zaman\u0131 direktorun ona qar\u015f\u0131 kobud r\u0259ftar\u0131 m\u0259s\u0259l\u0259sin\u0259 m\u00fcnasib\u0259t bildirib.<\/h4>\n\n\n\n<h5 class=\"wp-block-heading\">B\u015eT\u0130-d\u0259n bildirilib ki, El\u015f\u0259n Umarovun \u00f6vlad\u0131n\u0131n t\u0259hsilini davam etdirm\u0259si \u00fc\u00e7\u00fcn Bak\u0131 \u015f\u0259h\u0259ri 227 n\u00f6mr\u0259li tam orta m\u0259kt\u0259b\u0259 m\u00fcraci\u0259ti zaman\u0131 m\u0259kt\u0259b direktoru Sevinc H\u00fcseynova t\u0259r\u0259find\u0259n ona qar\u015f\u0131 kobud r\u0259ftar edilm\u0259si il\u0259 ba\u011fl\u0131 idar\u0259 t\u0259r\u0259find\u0259n ara\u015fd\u0131rma apar\u0131l\u0131b:<\/h5>\n\n\n\n<h5 class=\"wp-block-heading\">\u201cAra\u015fd\u0131rman\u0131n n\u0259tic\u0259l\u0259rin\u0259 \u0259sas\u0259n, m\u0259kt\u0259bin direktoru Sevinc H\u00fcseynovaya \u0259m\u0259k f\u0259aliyy\u0259ti zaman\u0131 yol verdiyi n\u00f6qsanlara, v\u0259t\u0259nda\u015f q\u0259bulu qaydalar\u0131na uy\u011fun v\u0259zif\u0259 funksiyalar\u0131n\u0131 d\u00fczg\u00fcn yerin\u0259 yetirm\u0259diyin\u0259, \u201cM\u00fc\u0259lliml\u0259rin etik davran\u0131\u015f qaydalar\u0131\u201dn\u0131n t\u0259l\u0259bl\u0259rini pozdu\u011funa v\u0259 m\u00fc\u0259llim n\u00fcfuzuna x\u0259l\u0259l g\u0259tir\u0259n hallara yol verdiyin\u0259 g\u00f6r\u0259 intizam t\u0259nbehi kimi t\u00f6hm\u0259t verilib.<\/h5>\n\n\n\n<h5 class=\"wp-block-heading\">Qeyd ed\u0259k ki, sentyabr\u0131n 19-da B\u015eT\u0130 r\u0259hb\u0259rliyi polkovnik El\u015f\u0259n Umarovla g\u00f6r\u00fc\u015f\u00fcb v\u0259 \u00f6vlad\u0131n\u0131n t\u0259hsili \u00fc\u00e7\u00fcn yarad\u0131lm\u0131\u015f \u015f\u0259raitl\u0259 ba\u011fl\u0131 s\u00f6hb\u0259t apar\u0131l\u0131b.<\/h5>\n\n\n\n<h5 class=\"wp-block-heading\">M\u0259kt\u0259bin, m\u00fc\u0259llimin f\u0259aliyy\u0259tin\u0259 uy\u011fun olmayan hallara qar\u015f\u0131 qanunvericiliyin t\u0259l\u0259bl\u0259ri \u00e7\u0259r\u00e7iv\u0259sind\u0259 m\u00fcvafiq t\u0259dbirl\u0259rin g\u00f6r\u00fclm\u0259si h\u0259r zaman diqq\u0259t m\u0259rk\u0259zind\u0259 saxlan\u0131l\u0131r\u201d.<\/h5>\n","protected":false},"excerpt":{"rendered":"<p>Bak\u0131 \u015e\u0259h\u0259ri \u00fczr\u0259 T\u0259hsil \u0130dar\u0259si V\u0259t\u0259n m\u00fcharib\u0259si qazisi, polkovnik El\u015f\u0259n Umarovun \u00f6vlad\u0131n\u0131n t\u0259hsili il\u0259 ba\u011fl\u0131&#8230;<\/p>\n","protected":false},"author":3,"featured_media":18606,"comment_status":"closed","ping_status":"closed","sticky":false,"template":"","format":"standard","meta":{"footnotes":""},"categories":[6],"tags":[],"class_list":["post-18605","post","type-post","status-publish","format-standard","has-post-thumbnail","hentry","category-cmiyyt"],"featured_image_urls":{"full":["https:\/\/veteran.az\/wp-content\/uploads\/2022\/09\/1663754969_1663754322_fotojet-15.jpg",751,500,false],"thumbnail":["https:\/\/veteran.az\/wp-content\/uploads\/2022\/09\/1663754969_1663754322_fotojet-15-150x150.jpg",150,150,true],"medium":["https:\/\/veteran.az\/wp-content\/uploads\/2022\/09\/1663754969_1663754322_fotojet-15-300x200.jpg",300,200,true],"medium_large":["https:\/\/veteran.az\/wp-content\/uploads\/2022\/09\/1663754969_1663754322_fotojet-15.jpg",640,426,false],"large":["https:\/\/veteran.az\/wp-content\/uploads\/2022\/09\/1663754969_1663754322_fotojet-15.jpg",640,426,false],"1536x1536":["https:\/\/veteran.az\/wp-content\/uploads\/2022\/09\/1663754969_1663754322_fotojet-15.jpg",751,500,false],"2048x2048":["https:\/\/veteran.az\/wp-content\/uploads\/2022\/09\/1663754969_1663754322_fotojet-15.jpg",751,500,false],"covernews-slider-full":["https:\/\/veteran.az\/wp-content\/uploads\/2022\/09\/1663754969_1663754322_fotojet-15.jpg",751,500,false],"covernews-slider-center":["https:\/\/veteran.az\/wp-content\/uploads\/2022\/09\/1663754969_1663754322_fotojet-15.jpg",751,500,false],"covernews-featured":["https:\/\/veteran.az\/wp-content\/uploads\/2022\/09\/1663754969_1663754322_fotojet-15.jpg",751,500,false],"covernews-medium":["https:\/\/veteran.az\/wp-content\/uploads\/2022\/09\/1663754969_1663754322_fotojet-15-720x380.jpg",540,285,true],"covernews-medium-square":["https:\/\/veteran.az\/wp-content\/uploads\/2022\/09\/1663754969_1663754322_fotojet-15-675x450.jpg",375,250,true]},"author_info":{"display_name":"Veteran.az","author_link":"https:\/\/veteran.az\/?author=3"},"category_info":"<a href=\"https:\/\/veteran.az\/?cat=6\" rel=\"category\">C\u0259miyy\u0259t<\/a>","tag_info":"C\u0259miyy\u0259t","comment_count":"0","_links":{"self":[{"href":"https:\/\/veteran.az\/index.php?rest_route=\/wp\/v2\/posts\/18605","targetHints":{"allow":["GET"]}}],"collection":[{"href":"https:\/\/veteran.az\/index.php?rest_route=\/wp\/v2\/posts"}],"about":[{"href":"https:\/\/veteran.az\/index.php?rest_route=\/wp\/v2\/types\/post"}],"author":[{"embeddable":true,"href":"https:\/\/veteran.az\/index.php?rest_route=\/wp\/v2\/users\/3"}],"replies":[{"embeddable":true,"href":"https:\/\/veteran.az\/index.php?rest_route=%2Fwp%2Fv2%2Fcomments&post=18605"}],"version-history":[{"count":1,"href":"https:\/\/veteran.az\/index.php?rest_route=\/wp\/v2\/posts\/18605\/revisions"}],"predecessor-version":[{"id":18607,"href":"https:\/\/veteran.az\/index.php?rest_route=\/wp\/v2\/posts\/18605\/revisions\/18607"}],"wp:featuredmedia":[{"embeddable":true,"href":"https:\/\/veteran.az\/index.php?rest_route=\/wp\/v2\/media\/18606"}],"wp:attachment":[{"href":"https:\/\/veteran.az\/index.php?rest_route=%2Fwp%2Fv2%2Fmedia&parent=18605"}],"wp:term":[{"taxonomy":"category","embeddable":true,"href":"https:\/\/veteran.az\/index.php?rest_route=%2Fwp%2Fv2%2Fcategories&post=18605"},{"taxonomy":"post_tag","embeddable":true,"href":"https:\/\/veteran.az\/index.php?rest_route=%2Fwp%2Fv2%2Ftags&post=18605"}],"curies":[{"name":"wp","href":"https:\/\/api.w.org\/{rel}","templated":true}]}}