{"id":18549,"date":"2022-09-19T01:56:23","date_gmt":"2022-09-18T21:56:23","guid":{"rendered":"http:\/\/veteran.az\/?p=18549"},"modified":"2022-09-19T01:56:24","modified_gmt":"2022-09-18T21:56:24","slug":"nensi-pelosinin-timsah-goz-yaslari","status":"publish","type":"post","link":"https:\/\/veteran.az\/?p=18549","title":{"rendered":"Nensi Pelosinin timsah g\u00f6z ya\u015flar\u0131"},"content":{"rendered":"\n<p><strong>AB\u015e N\u00fcmay\u0259nd\u0259l\u0259r Palatas\u0131n\u0131n spikeri Nensi Pelosinin Az\u0259rbaycanla Erm\u0259nistan aras\u0131nda g\u0259rginliyin oldu\u011fu bir vaxtda \u0130r\u0259vana s\u0259f\u0259r etm\u0259si diqq\u0259t \u00e7\u0259kib.<\/strong><\/p>\n\n\n\n<p>\u00c7\u00fcnki, Pelosi daha \u00f6nc\u0259 \u00c7in v\u0259 Tayvan aras\u0131ndak\u0131 g\u0259rginliyin&nbsp;pik vaxt\u0131nda&nbsp;Tayvana s\u0259f\u0259r etmi\u015fdi.<\/p>\n\n\n\n<p>\u00dcst\u0259lik separat\u00e7\u0131l\u0131\u011f\u0131 d\u0259st\u0259kl\u0259y\u0259n Pelosinin&nbsp;\u0130r\u0259vanda demokratiyadan v\u0259 insan h\u00fcquqlar\u0131nda s\u00f6z a\u00e7mas\u0131 \u0259lav\u0259 sual yarad\u0131r.<\/p>\n\n\n\n<p>T\u00fcrkiy\u0259li siyasi jurnalist G\u00fcng\u00f6r Yavuzaslan m\u00f6vzu il\u0259 ba\u011fl\u0131 qeyd edib ki, Nensi Pelosi Tayvan v\u0259 Erm\u0259nistan kimi \u00f6lk\u0259l\u0259r\u0259 s\u0259f\u0259r etm\u0259si AB\u015e-\u0131n xarici siyas\u0259tinin bir hiss\u0259sidir.<\/p>\n\n\n\n<p>Veteran.az\u00a0Baku TV-nin s\u00fcjetini t\u0259qdim edir:<\/p>\n\n\n\n<figure class=\"wp-block-embed is-type-video is-provider-youtube wp-block-embed-youtube wp-embed-aspect-16-9 wp-has-aspect-ratio\"><div class=\"wp-block-embed__wrapper\">\n<iframe loading=\"lazy\" title=\"Nensi Pelosinin timsah g\u00f6z ya\u015flar\u0131 - BAKU TV\" width=\"640\" height=\"360\" src=\"https:\/\/www.youtube.com\/embed\/CvEknm7x3CE?feature=oembed\" frameborder=\"0\" allow=\"accelerometer; autoplay; clipboard-write; encrypted-media; gyroscope; picture-in-picture; web-share\" referrerpolicy=\"strict-origin-when-cross-origin\" allowfullscreen><\/iframe>\n<\/div><\/figure>\n","protected":false},"excerpt":{"rendered":"<p>AB\u015e N\u00fcmay\u0259nd\u0259l\u0259r Palatas\u0131n\u0131n spikeri Nensi Pelosinin Az\u0259rbaycanla Erm\u0259nistan aras\u0131nda g\u0259rginliyin oldu\u011fu bir vaxtda \u0130r\u0259vana s\u0259f\u0259r&#8230;<\/p>\n","protected":false},"author":3,"featured_media":18550,"comment_status":"closed","ping_status":"closed","sticky":false,"template":"","format":"standard","meta":{"footnotes":""},"categories":[6],"tags":[],"class_list":["post-18549","post","type-post","status-publish","format-standard","has-post-thumbnail","hentry","category-cmiyyt"],"featured_image_urls":{"full":["https:\/\/veteran.az\/wp-content\/uploads\/2022\/09\/61663515819.jpg",620,413,false],"thumbnail":["https:\/\/veteran.az\/wp-content\/uploads\/2022\/09\/61663515819-150x150.jpg",150,150,true],"medium":["https:\/\/veteran.az\/wp-content\/uploads\/2022\/09\/61663515819-300x200.jpg",300,200,true],"medium_large":["https:\/\/veteran.az\/wp-content\/uploads\/2022\/09\/61663515819.jpg",620,413,false],"large":["https:\/\/veteran.az\/wp-content\/uploads\/2022\/09\/61663515819.jpg",620,413,false],"1536x1536":["https:\/\/veteran.az\/wp-content\/uploads\/2022\/09\/61663515819.jpg",620,413,false],"2048x2048":["https:\/\/veteran.az\/wp-content\/uploads\/2022\/09\/61663515819.jpg",620,413,false],"covernews-slider-full":["https:\/\/veteran.az\/wp-content\/uploads\/2022\/09\/61663515819.jpg",620,413,false],"covernews-slider-center":["https:\/\/veteran.az\/wp-content\/uploads\/2022\/09\/61663515819.jpg",620,413,false],"covernews-featured":["https:\/\/veteran.az\/wp-content\/uploads\/2022\/09\/61663515819.jpg",620,413,false],"covernews-medium":["https:\/\/veteran.az\/wp-content\/uploads\/2022\/09\/61663515819-620x380.jpg",540,331,true],"covernews-medium-square":["https:\/\/veteran.az\/wp-content\/uploads\/2022\/09\/61663515819.jpg",375,250,false]},"author_info":{"display_name":"Veteran.az","author_link":"https:\/\/veteran.az\/?author=3"},"category_info":"<a href=\"https:\/\/veteran.az\/?cat=6\" rel=\"category\">C\u0259miyy\u0259t<\/a>","tag_info":"C\u0259miyy\u0259t","comment_count":"0","_links":{"self":[{"href":"https:\/\/veteran.az\/index.php?rest_route=\/wp\/v2\/posts\/18549","targetHints":{"allow":["GET"]}}],"collection":[{"href":"https:\/\/veteran.az\/index.php?rest_route=\/wp\/v2\/posts"}],"about":[{"href":"https:\/\/veteran.az\/index.php?rest_route=\/wp\/v2\/types\/post"}],"author":[{"embeddable":true,"href":"https:\/\/veteran.az\/index.php?rest_route=\/wp\/v2\/users\/3"}],"replies":[{"embeddable":true,"href":"https:\/\/veteran.az\/index.php?rest_route=%2Fwp%2Fv2%2Fcomments&post=18549"}],"version-history":[{"count":1,"href":"https:\/\/veteran.az\/index.php?rest_route=\/wp\/v2\/posts\/18549\/revisions"}],"predecessor-version":[{"id":18551,"href":"https:\/\/veteran.az\/index.php?rest_route=\/wp\/v2\/posts\/18549\/revisions\/18551"}],"wp:featuredmedia":[{"embeddable":true,"href":"https:\/\/veteran.az\/index.php?rest_route=\/wp\/v2\/media\/18550"}],"wp:attachment":[{"href":"https:\/\/veteran.az\/index.php?rest_route=%2Fwp%2Fv2%2Fmedia&parent=18549"}],"wp:term":[{"taxonomy":"category","embeddable":true,"href":"https:\/\/veteran.az\/index.php?rest_route=%2Fwp%2Fv2%2Fcategories&post=18549"},{"taxonomy":"post_tag","embeddable":true,"href":"https:\/\/veteran.az\/index.php?rest_route=%2Fwp%2Fv2%2Ftags&post=18549"}],"curies":[{"name":"wp","href":"https:\/\/api.w.org\/{rel}","templated":true}]}}