{"id":18509,"date":"2022-09-16T04:08:53","date_gmt":"2022-09-16T00:08:53","guid":{"rendered":"http:\/\/veteran.az\/?p=18509"},"modified":"2022-09-16T04:08:53","modified_gmt":"2022-09-16T00:08:53","slug":"cin-lideri-az%c9%99rbaycanin-%c9%99razi-butovluyunu-d%c9%99st%c9%99kl%c9%99yirik","status":"publish","type":"post","link":"https:\/\/veteran.az\/?p=18509","title":{"rendered":"\u00c7in lideri: Az\u0259rbaycan\u0131n \u0259razi b\u00fct\u00f6vl\u00fcy\u00fcn\u00fc d\u0259st\u0259kl\u0259yirik!"},"content":{"rendered":"\n<p><strong>\u00c7in Az\u0259rbaycan\u0131n \u0259razi b\u00fct\u00f6vl\u00fcy\u00fcn\u00fc v\u0259 suverenliyini d\u0259st\u0259kl\u0259yir<\/strong>.<\/p>\n\n\n\n<p>Bunu \u00c7in Xalq Respublikas\u0131n\u0131n S\u0259dri Si Szinpin sentyabr\u0131n 15-d\u0259 S\u0259m\u0259rq\u0259ndd\u0259 Az\u0259rbaycan Respublikas\u0131n\u0131n Prezidenti \u0130lham \u018fliyev il\u0259 g\u00f6r\u00fc\u015f\u00fc zaman\u0131 deyib.<\/p>\n\n\n\n<p>D\u00f6vl\u0259t ba\u015f\u00e7\u0131s\u0131 \u00f6lk\u0259sinin Az\u0259rbaycan\u0131n \u0259razi b\u00fct\u00f6vl\u00fcy\u00fcn\u00fc v\u0259 suverenliyini d\u0259st\u0259kl\u0259diyini bildirib v\u0259 Az\u0259rbaycan\u0131n da \u00c7inin \u0259razi b\u00fct\u00f6vl\u00fcy\u00fcn\u0259 v\u0259 suverenliyin\u0259 g\u00f6st\u0259rdiyi d\u0259st\u0259yi y\u00fcks\u0259k qiym\u0259tl\u0259ndirdiyini qeyd edib.<\/p>\n\n\n\n<p>Si Szinpin bildirib ki, d\u00f6vl\u0259tl\u0259rin i\u015fl\u0259rin\u0259 qar\u0131\u015fmamaq vacib prinsipdir.<\/p>\n","protected":false},"excerpt":{"rendered":"<p>\u00c7in Az\u0259rbaycan\u0131n \u0259razi b\u00fct\u00f6vl\u00fcy\u00fcn\u00fc v\u0259 suverenliyini d\u0259st\u0259kl\u0259yir. Bunu \u00c7in Xalq Respublikas\u0131n\u0131n S\u0259dri Si Szinpin sentyabr\u0131n&#8230;<\/p>\n","protected":false},"author":3,"featured_media":0,"comment_status":"closed","ping_status":"closed","sticky":false,"template":"","format":"standard","meta":{"footnotes":""},"categories":[6],"tags":[],"class_list":["post-18509","post","type-post","status-publish","format-standard","hentry","category-cmiyyt"],"featured_image_urls":{"full":"","thumbnail":"","medium":"","medium_large":"","large":"","1536x1536":"","2048x2048":"","covernews-slider-full":"","covernews-slider-center":"","covernews-featured":"","covernews-medium":"","covernews-medium-square":""},"author_info":{"display_name":"Veteran.az","author_link":"https:\/\/veteran.az\/?author=3"},"category_info":"<a href=\"https:\/\/veteran.az\/?cat=6\" rel=\"category\">C\u0259miyy\u0259t<\/a>","tag_info":"C\u0259miyy\u0259t","comment_count":"0","_links":{"self":[{"href":"https:\/\/veteran.az\/index.php?rest_route=\/wp\/v2\/posts\/18509","targetHints":{"allow":["GET"]}}],"collection":[{"href":"https:\/\/veteran.az\/index.php?rest_route=\/wp\/v2\/posts"}],"about":[{"href":"https:\/\/veteran.az\/index.php?rest_route=\/wp\/v2\/types\/post"}],"author":[{"embeddable":true,"href":"https:\/\/veteran.az\/index.php?rest_route=\/wp\/v2\/users\/3"}],"replies":[{"embeddable":true,"href":"https:\/\/veteran.az\/index.php?rest_route=%2Fwp%2Fv2%2Fcomments&post=18509"}],"version-history":[{"count":1,"href":"https:\/\/veteran.az\/index.php?rest_route=\/wp\/v2\/posts\/18509\/revisions"}],"predecessor-version":[{"id":18511,"href":"https:\/\/veteran.az\/index.php?rest_route=\/wp\/v2\/posts\/18509\/revisions\/18511"}],"wp:attachment":[{"href":"https:\/\/veteran.az\/index.php?rest_route=%2Fwp%2Fv2%2Fmedia&parent=18509"}],"wp:term":[{"taxonomy":"category","embeddable":true,"href":"https:\/\/veteran.az\/index.php?rest_route=%2Fwp%2Fv2%2Fcategories&post=18509"},{"taxonomy":"post_tag","embeddable":true,"href":"https:\/\/veteran.az\/index.php?rest_route=%2Fwp%2Fv2%2Ftags&post=18509"}],"curies":[{"name":"wp","href":"https:\/\/api.w.org\/{rel}","templated":true}]}}