{"id":18504,"date":"2022-09-16T01:14:59","date_gmt":"2022-09-15T21:14:59","guid":{"rendered":"http:\/\/veteran.az\/?p=18504"},"modified":"2022-09-16T01:16:36","modified_gmt":"2022-09-15T21:16:36","slug":"%c9%99rdoganla-putinin-gorusunun-gund%c9%99liyi-aciqlandi","status":"publish","type":"post","link":"https:\/\/veteran.az\/?p=18504","title":{"rendered":"\u018frdo\u011fanla Putinin g\u00f6r\u00fc\u015f\u00fcn\u00fcn g\u00fcnd\u0259liyi a\u00e7\u0131qland\u0131"},"content":{"rendered":"\n<p><strong>T\u00fcrkiy\u0259 Prezidenti R\u0259c\u0259b Tayyib \u018frdo\u011fanla Rusiyan\u0131n d\u00f6vl\u0259t ba\u015f\u00e7\u0131s\u0131 Vladimir Putin aras\u0131nda \u00d6zb\u0259kistan\u0131n S\u0259m\u0259rq\u0259nd \u015f\u0259h\u0259rind\u0259 ke\u00e7iril\u0259c\u0259k g\u00f6r\u00fc\u015f\u00fcn d\u0259qiq tarixi v\u0259 g\u00fcnd\u0259liyi a\u00e7\u0131qlan\u0131b.<br><br><\/strong>\u201cHaber Global\u201da istinad\u0259n x\u0259b\u0259r verir ki, iki \u00f6lk\u0259 lideri sabah, sentyabr\u0131n 16-da bir araya g\u0259l\u0259c\u0259kl\u0259r.<\/p>\n\n\n\n<p>G\u00f6r\u00fc\u015f \u00d6zb\u0259kistan\u0131n S\u0259m\u0259rq\u0259nd \u015f\u0259h\u0259rind\u0259 \u015eanxay \u018fm\u0259kda\u015fl\u0131q T\u0259\u015fkilat\u0131n\u0131n (\u015e\u018fT) sammiti \u00e7\u0259r\u00e7iv\u0259sind\u0259 ba\u015f tutacaq.<\/p>\n\n\n\n<p>D\u00f6vl\u0259t ba\u015f\u00e7\u0131lar\u0131 Ukraynada tax\u0131l ixrac\u0131 il\u0259 ba\u011fl\u0131 avqust ay\u0131nda So\u00e7id\u0259 \u0259ld\u0259 etdikl\u0259ri raz\u0131l\u0131qlar\u0131n icra v\u0259ziyy\u0259tini m\u00fczakir\u0259 ed\u0259c\u0259kl\u0259r. Bundan ba\u015fqa, R.T.\u018frdo\u011fan v\u0259 V.Putinin Rusiyadan tax\u0131l ixrac\u0131, C\u0259nubi Qafqaz v\u0259 Suriyadak\u0131 durum bar\u0259d\u0259 fikir m\u00fcbadil\u0259si aparacaqlar\u0131 g\u00f6zl\u0259nilir.<\/p>\n","protected":false},"excerpt":{"rendered":"<p>T\u00fcrkiy\u0259 Prezidenti R\u0259c\u0259b Tayyib \u018frdo\u011fanla Rusiyan\u0131n d\u00f6vl\u0259t ba\u015f\u00e7\u0131s\u0131 Vladimir Putin aras\u0131nda \u00d6zb\u0259kistan\u0131n S\u0259m\u0259rq\u0259nd \u015f\u0259h\u0259rind\u0259 ke\u00e7iril\u0259c\u0259k&#8230;<\/p>\n","protected":false},"author":3,"featured_media":0,"comment_status":"closed","ping_status":"closed","sticky":false,"template":"","format":"standard","meta":{"footnotes":""},"categories":[7],"tags":[],"class_list":["post-18504","post","type-post","status-publish","format-standard","hentry","category-dunya"],"featured_image_urls":{"full":"","thumbnail":"","medium":"","medium_large":"","large":"","1536x1536":"","2048x2048":"","covernews-slider-full":"","covernews-slider-center":"","covernews-featured":"","covernews-medium":"","covernews-medium-square":""},"author_info":{"display_name":"Veteran.az","author_link":"https:\/\/veteran.az\/?author=3"},"category_info":"<a href=\"https:\/\/veteran.az\/?cat=7\" rel=\"category\">D\u00fcnya<\/a>","tag_info":"D\u00fcnya","comment_count":"0","_links":{"self":[{"href":"https:\/\/veteran.az\/index.php?rest_route=\/wp\/v2\/posts\/18504","targetHints":{"allow":["GET"]}}],"collection":[{"href":"https:\/\/veteran.az\/index.php?rest_route=\/wp\/v2\/posts"}],"about":[{"href":"https:\/\/veteran.az\/index.php?rest_route=\/wp\/v2\/types\/post"}],"author":[{"embeddable":true,"href":"https:\/\/veteran.az\/index.php?rest_route=\/wp\/v2\/users\/3"}],"replies":[{"embeddable":true,"href":"https:\/\/veteran.az\/index.php?rest_route=%2Fwp%2Fv2%2Fcomments&post=18504"}],"version-history":[{"count":1,"href":"https:\/\/veteran.az\/index.php?rest_route=\/wp\/v2\/posts\/18504\/revisions"}],"predecessor-version":[{"id":18505,"href":"https:\/\/veteran.az\/index.php?rest_route=\/wp\/v2\/posts\/18504\/revisions\/18505"}],"wp:attachment":[{"href":"https:\/\/veteran.az\/index.php?rest_route=%2Fwp%2Fv2%2Fmedia&parent=18504"}],"wp:term":[{"taxonomy":"category","embeddable":true,"href":"https:\/\/veteran.az\/index.php?rest_route=%2Fwp%2Fv2%2Fcategories&post=18504"},{"taxonomy":"post_tag","embeddable":true,"href":"https:\/\/veteran.az\/index.php?rest_route=%2Fwp%2Fv2%2Ftags&post=18504"}],"curies":[{"name":"wp","href":"https:\/\/api.w.org\/{rel}","templated":true}]}}