{"id":18483,"date":"2022-09-15T04:37:16","date_gmt":"2022-09-15T00:37:16","guid":{"rendered":"http:\/\/veteran.az\/?p=18483"},"modified":"2022-09-15T04:37:32","modified_gmt":"2022-09-15T00:37:32","slug":"t%c9%99brik-ismayilov-arif-56","status":"publish","type":"post","link":"https:\/\/veteran.az\/?p=18483","title":{"rendered":"T\u018fBR\u0130K: \u0130SMAYILOV AR\u0130F &#8212; 56"},"content":{"rendered":"\n<p><strong>&nbsp;<span class=\"has-inline-color has-vivid-red-color\">Az\u0259rbaycan V\u0259t\u0259n M\u00fcharib\u0259si Veteranlar\u0131 \u0130ctimai Birliyi R\u0259hb\u0259rliyi m\u00fcharib\u0259 veteran\u0131, ehtiyatda olan polkovnik- leytenant \u0130smay\u0131lov Arif M\u0259mm\u0259d o\u011flunu do\u011fum g\u00fcn\u00fc munasb\u0259til\u0259 s\u0259mimi q\u0259lbd\u0259n&nbsp; t\u0259brik edir, h\u0259yatda insan \u00fc\u00e7\u00fcn \u0259n \u015firin nem\u0259t olan m\u00f6hk\u0259m can sa\u011fl\u0131\u011f\u0131 v\u0259 h\u0259yat yollar\u0131nda bitib &#8212; t\u00fck\u0259nm\u0259y\u0259n nailiyy\u0259tl\u0259r arzulay\u0131r.<\/span><\/strong><\/p>\n\n\n\n<p><strong>&nbsp;&nbsp; Arifin ya\u015f\u0131n\u0131n \u00fcst\u0259 g\u0259l\u0259n bu ya\u015f ona sevinc dolu g\u00fcnl\u0259r b\u0259x\u015f etsin,h\u0259r yeni g\u00fcn\u00fc is\u0259 \u00f6t\u0259n g\u00fcnl\u0259rd\u0259n daha g\u00f6z\u0259l ist\u0259kl\u0259rin\u0259 uy\u011fun onu xo\u015fb\u0259xt ed\u0259c\u0259k \u015f\u0259kild\u0259 ke\u00e7sin.<\/strong><\/p>\n\n\n\n<p>&nbsp;&nbsp; M\u00fcharib\u0259 veteran\u0131 polkovnik -leytenant \u0130smay\u0131lov Arif M\u0259mm\u0259d o\u011flu 16 sentyabr 1966-ci ild\u0259 Bak\u0131 \u015f\u0259h\u0259rind\u0259 anadan olub.<\/p>\n\n\n\n<p>&nbsp;&nbsp;&nbsp; O,1973-c\u00fc ild\u0259 Bak\u0131 \u015f\u0259h\u0259rind\u0259 175 sayl\u0131 orta m\u0259kt\u0259bin birinci sinfin\u0259 getmi\u015f 1983-c\u00fc ild\u0259 h\u0259min m\u0259kt\u0259bi bitirdikd\u0259n sonra&nbsp; 1983-ci ild\u0259 Az\u0259rbaycan Xalq T\u0259s\u0259rr\u00fcfat\u0131 \u0130nstutuna daxil olmu\u015f,&nbsp; 1991-ci ild\u0259 h\u0259min institutu bitrmi\u015fdir. 1984-1986- c\u0131 ill\u0259rd\u0259 Sovet ordusunda m\u00fcddd\u0259tli h\u0259qi h\u0259rbi xidm\u0259td\u0259 olmu\u015fdur.<\/p>\n\n\n\n<figure class=\"wp-block-gallery columns-3 is-cropped wp-block-gallery-1 is-layout-flex wp-block-gallery-is-layout-flex\"><ul class=\"blocks-gallery-grid\"><li class=\"blocks-gallery-item\"><figure><img loading=\"lazy\" decoding=\"async\" width=\"448\" height=\"680\" src=\"http:\/\/veteran.az\/wp-content\/uploads\/2022\/09\/20220914_210357.jpg\" alt=\"\" data-id=\"18484\" data-link=\"http:\/\/veteran.az\/?attachment_id=18484\" class=\"wp-image-18484\" srcset=\"https:\/\/veteran.az\/wp-content\/uploads\/2022\/09\/20220914_210357.jpg 448w, https:\/\/veteran.az\/wp-content\/uploads\/2022\/09\/20220914_210357-198x300.jpg 198w\" sizes=\"auto, (max-width: 448px) 100vw, 448px\" \/><\/figure><\/li><li class=\"blocks-gallery-item\"><figure><img loading=\"lazy\" decoding=\"async\" width=\"511\" height=\"944\" src=\"http:\/\/veteran.az\/wp-content\/uploads\/2022\/09\/20220914_210224.jpg\" alt=\"\" data-id=\"18486\" data-link=\"http:\/\/veteran.az\/?attachment_id=18486\" class=\"wp-image-18486\" srcset=\"https:\/\/veteran.az\/wp-content\/uploads\/2022\/09\/20220914_210224.jpg 511w, https:\/\/veteran.az\/wp-content\/uploads\/2022\/09\/20220914_210224-162x300.jpg 162w\" sizes=\"auto, (max-width: 511px) 100vw, 511px\" \/><\/figure><\/li><li class=\"blocks-gallery-item\"><figure><img decoding=\"async\" src=\"http:\/\/veteran.az\/wp-content\/uploads\/2022\/09\/20220914_210513.jpg\" alt=\"\" data-id=\"18487\" data-full-url=\"http:\/\/veteran.az\/wp-content\/uploads\/2022\/09\/20220914_210513.jpg\" data-link=\"http:\/\/veteran.az\/?attachment_id=18487\" class=\"wp-image-18487\"\/><\/figure><\/li><\/ul><\/figure>\n\n\n\n<p>&nbsp;&nbsp;&nbsp; \u0130smay\u0131lov Arif M\u0259mm\u0259d o\u011flu 1992 -ci ilin yanvar ay\u0131ndan 1993-c\u00fc il\u0131n dekabr ay\u0131na kimi Daxili \u0130\u015fl\u0259r Nazirliyinin A\u011fdam rayonunda yerl\u0259\u015f\u0259n Polis \u015f\u00f6b\u0259sind\u0259, m\u00fcxt\u0259lif v\u0259zif\u0259l\u0259rd\u0259 i\u015fl\u0259mi\u015f, 1994- c\u00fc illin yanvar ay\u0131ndan&nbsp; 2011-ci \u0131l\u0259 kimi&nbsp; Daxili \u0130\u015fl\u0259r Nazirliyinin Daxili Qo\u015funlar\u0131n Ba\u015f \u0130dar\u0259sinin Hac\u0131qabul, X\u0259z\u0259r, Bin\u0259q\u0259di&nbsp; v\u0259 N\u0259rimanov rayonlar\u0131nda yerl\u0259\u015f\u0259n h\u0259rbi hiss\u0259l\u0259rd\u0259&nbsp; taq\u0131m v\u0259 b\u00f6luk komandiri, \u0259rzaq xidm\u0259t r\u0259isi, nizami hiss\u0259 r\u0259isi, Daxili Qo\u015funlar\u0131n Bas \u0130dar\u0259sinin \u0130nispeksiyas\u0131nda inispektor,&nbsp; Daxili Qo\u015funlar\u0131n Q\u0259rargah\u0131nda&nbsp; k\u0259\u015ffiyyat, t\u0259\u015fkilat komplektl\u0259\u015fdirm\u0259&nbsp; \u015f\u00f6b\u0259l\u0259rind\u0259 ba\u015f zabit v\u0259zif\u0259l\u0259rind\u0259 xidm\u0259t etmi\u015f, \u015f\u00f6b\u0259 r\u0259isinin v\u0259zif\u0259l\u0259rini is\u0259 m\u00fcv\u0259qq\u0259ti icra etmi\u015fdir.<\/p>\n\n\n\n<figure class=\"wp-block-image size-large\"><img loading=\"lazy\" decoding=\"async\" width=\"948\" height=\"991\" src=\"http:\/\/veteran.az\/wp-content\/uploads\/2022\/09\/20220914_210319.jpg\" alt=\"\" class=\"wp-image-18485\" srcset=\"https:\/\/veteran.az\/wp-content\/uploads\/2022\/09\/20220914_210319.jpg 948w, https:\/\/veteran.az\/wp-content\/uploads\/2022\/09\/20220914_210319-287x300.jpg 287w, https:\/\/veteran.az\/wp-content\/uploads\/2022\/09\/20220914_210319-768x803.jpg 768w\" sizes=\"auto, (max-width: 948px) 100vw, 948px\" \/><\/figure>\n\n\n\n<p><strong>&nbsp;&nbsp;&nbsp; O, pe\u015f\u0259karl\u0131\u011f\u0131 v\u0259 s\u0259m\u0259r\u0259li f\u0259aliyy\u0259ti il\u0259, t\u0259\u015fkilat\u00e7\u0131l\u0131q bacar\u0131\u011f\u0131 il\u0259, i\u015fg\u00fczarl\u0131\u011f\u0131 v\u0259 m\u0259n\u0259vi keyfiyy\u0259ti il\u0259, sad\u0259liyi il\u0259,&nbsp; s\u0259mimiyy\u0259ti il\u0259, d\u0259qiqliyi v\u0259 t\u0259mkinliyi il\u0259, n\u0259z\u0259ri v\u0259 praktiki biliyi il\u0259, t\u0259c\u00fcrb\u0259si il\u0259 se\u00e7il\u0259n \u0259n m\u0259hsuldar d\u00f6vr\u00fcn\u00fcn&nbsp; 21- ild\u0259n cox \u015f\u0259r\u0259fli xidm\u0259ti yolunu Daxili \u0130\u015fl\u0259r Orqan\u0131nda v\u0259 Daxili Qo\u015funlarda kecir\u0259r\u0259k, v\u0259t\u0259n\u0259, d\u00f6vl\u0259t\u0259 v\u0259 xalqa s\u0259daq\u0259tl\u0259 xidm\u0259t etmi\u015fdir.<\/strong><\/p>\n\n\n\n<p>&nbsp;&nbsp;&nbsp; M\u00fcharib\u0259 Veteran\u0131&nbsp; \u0130smay\u0131lov Arif M\u0259mm\u0259d o\u011flu Az\u0259rbaycan Respublikas\u0131 Konstitusiyas\u0131na v\u0259 qanunlar\u0131na, h\u0259rbi and\u0131n, h\u0259rbi nizamnam\u0259l\u0259rin, direktivl\u0259rin, t\u0259limatlar\u0131n, \u0259sasnam\u0259l\u0259rin v\u0259 \u0259mrl\u0259rin t\u0259l\u0259bl\u0259rin\u0259 v\u0259&nbsp; v\u0259zif\u0259 borcuna \u0259m\u0259l etm\u0259kd\u0259 bir cox h\u0259rbi qulluq\u00e7ulara n\u00fcmun\u0259 olmu\u015fdur.<\/p>\n\n\n\n<p>&nbsp;&nbsp;&nbsp;&nbsp; Polkovnik leytenant Arif \u0130smay\u0131lov Az\u0259rbaycan Respublikas\u0131nda ictimai qaydan\u0131n v\u0259 ictimai t\u0259hl\u00fck\u0259sizliyin qorunmas\u0131nda, m\u00fct\u0259\u015f\u0259kkil cinay\u0259tkarl\u0131\u011fa qar\u015f\u0131 m\u00fcbariz\u0259d\u0259,qanusuz silahl\u0131 d\u0259st\u0259l\u0259rin z\u0259r\u0259rsizl\u0259\u015fdirilm\u0259sind\u0259, h\u00fcquqi&nbsp; rejim karantin t\u0259dbirl\u0259rinin h\u0259yata ke\u00e7irilm\u0259snd\u0259, \u015f\u0259h\u0259rd\u0259 v\u0259 ya\u015fay\u0131\u015f m\u0259nt\u0259q\u0259l\u0259rind\u0259, c\u0259za\u00e7\u0259km\u0259 m\u00fc\u0259ssis\u0259l\u0259rind\u0259 ba\u015f vermi\u015f ixt\u015fa\u015flar\u0131n qar\u015f\u0131s\u0131n\u0131n al\u0131nmas\u0131nda, d\u00f6vl\u0259tin \u0259razi b\u00fct\u00f6vl\u00fcy\u00fcn\u00fcn t\u0259min edilm\u0259sind\u0259 \u00fcz\u0259rin\u0259 d\u00fc\u015f\u0259n&nbsp; v\u0259zif\u0259 v\u0259 tap\u015f\u0131r\u0131qlar\u0131n \u00f6hd\u0259sind\u0259n vaxt\u0131nda g\u0259lmi\u015fdir.<\/p>\n\n\n\n<p>&nbsp;&nbsp;&nbsp;&nbsp; \u0130smay\u0131lov Arif M\u0259mm\u0259d o\u011flu Daxili Qo\u015funlar\u0131n Ba\u015f \u0130dar\u0259sind\u0259 v\u0259 h\u0259rbi hiss\u0259l\u0259rind\u0259 m\u00fcxt\u0259lif v\u0259zif\u0259l\u0259rd\u0259 xidm\u0259t etdiyi ill\u0259r \u0259rzind\u0259 t\u0259dris d\u00f6vr\u00fc \u00fc\u00e7\u00fcn d\u00f6y\u00fc\u015f v\u0259 ictimai s\u0131yas\u0131 haz\u0131rl\u0131q plan\u0131na \u0259sas\u0259n Daxili Qo\u015funlar\u0131n Ba\u015f \u0130dar\u0259sind\u0259 v\u0259 h\u0259rbi hiss\u0259l\u0259rind\u0259 zaitl\u0259rl\u0259, gizir v\u0259 m\u00fcdd\u0259td\u0259n art\u0131q xidm\u0259t ed\u0259n h\u0259rbi qulluq\u00e7ularla, nizami hiss\u0259 v\u0259 k\u0259\u015ffiyyat r\u0259isl\u0259ri il\u0259, bolukl\u0259rin yazarlar\u0131 il\u0259 , kecirl\u0259n m\u0259\u015f\u011f\u0259l\u0259l\u0259rin, metodiki t\u0259lim toplan\u0131\u015flar\u0131n\u0131n keyfiyy\u0259til\u0259 kecirilm\u0259sin\u0259 m\u0259suliyy\u0259tl\u0259 yana\u015fm\u0131\u015fd\u0131r. Daxili Qo\u015funlar\u0131n Bas \u0130dar\u0259sinin \u0130nispeksiyas\u0131nda inispektor v\u0259zif\u0259sind\u0259 oldu\u011fu ill\u0259rd\u0259&nbsp; Qo\u015funlar\u0131n&nbsp; \u0130dar\u0259sinin idar\u0259, \u015f\u00f6b\u0259&nbsp; v\u0259 xidm\u0259tl\u0259rind\u0259, h\u0259rbi hiss\u0259&nbsp; v\u0259 \u0259lahidd\u0259 b\u00f6lm\u0259l\u0259rind\u0259&nbsp; \u00fcm\u00fcmi, t\u0259lim yoxlamalar\u0131n\u0131n&nbsp; kecirilm\u0259si istqam\u0259tind\u0259 \u00fcz\u0259rin\u0259 d\u00fc\u015f\u0259n v\u0259zif\u0259 v\u0259 tap\u015f\u0131r\u0131qlar\u0131n&nbsp;&nbsp; yerin\u0259 yetirilm\u0259sin\u0259 m\u0259suliyy\u0259t v\u0259 \u015f\u0259r\u0259f hissi il\u0259&nbsp; yana\u015fm\u0131\u015fd\u0131r.<\/p>\n\n\n\n<figure class=\"wp-block-image size-large\"><img loading=\"lazy\" decoding=\"async\" width=\"1006\" height=\"722\" src=\"http:\/\/veteran.az\/wp-content\/uploads\/2022\/09\/20220914_210338.jpg\" alt=\"\" class=\"wp-image-18488\" srcset=\"https:\/\/veteran.az\/wp-content\/uploads\/2022\/09\/20220914_210338.jpg 1006w, https:\/\/veteran.az\/wp-content\/uploads\/2022\/09\/20220914_210338-300x215.jpg 300w, https:\/\/veteran.az\/wp-content\/uploads\/2022\/09\/20220914_210338-768x551.jpg 768w\" sizes=\"auto, (max-width: 1006px) 100vw, 1006px\" \/><\/figure>\n\n\n\n<p>&nbsp;&nbsp;&nbsp; M\u00fcharib\u0259 Veteran\u0131 ehtiyyatda olan polkovnik leytenant \u0130smay\u0131lov Arif M\u0259mm\u0259d o\u011flu Daxili Qo\u015funlar\u0131n Ba\u015f \u0130dar\u0259sinid\u0259 v\u0259 h\u0259rbi hiss\u0259l\u0259rind\u0259 m\u00fcxt\u0259lif v\u0259zif\u0259l\u0259rd\u0259 xidm\u0259t etdiyi ill\u0259r \u0259rzind\u0259, xidm\u0259ti v\u0259zif\u0259l\u0259rinin yerin\u0259 yetirilm\u0259sin\u0259 m\u0259suliyy\u0259tl\u0259 yana\u015fd\u0131\u011fna g\u00f6r\u0259 Daxili \u0130\u015fl\u0259r Nazirinin, Daxili Qo\u015funlar Komandan\u0131n\u0131n v\u0259 onun m\u00fcavinl\u0259rinin, Daxili Qo\u015funlar\u0131n Bas \u0130dar\u0259sinin \u0130nspeksiya r\u0259isinin v\u0259 h\u0259rbi hiss\u0259 komandirinin m\u00fcvafiq \u0259mrl\u0259ri il\u0259 \u0259la xidm\u0259tl\u0259r\u0259 g\u00f6r\u0259 d\u00f6\u015f v\u0259 yubley nisanlar\u0131 il\u0259, pul m\u00fckafatlar\u0131 il\u0259, bir cox&nbsp; f\u0259xri f\u0259rmanlarla, qiym\u0259tli h\u0259diyy\u0259l\u0259rl\u0259 m\u00fckafatland\u0131r\u0131l\u0131b v\u0259 ona t\u0259\u015f\u0259kk\u00fcr elan edilib.<\/p>\n\n\n\n<p>&nbsp;&nbsp;&nbsp; O, xidm\u0259td\u0259 f\u0259riql\u0259ndiyin\u0259 g\u00f6r\u0259 Az\u0259rbaycan Respublikas\u0131n\u0131n Prezidenti ad\u0131ndan Silahl\u0131 Q\u00fcvv\u0259l\u0259rinin yaranmas\u0131n\u0131n 10-ilk, 90-ilk v\u0259 95- illk yubiley, Q\u00fcsursuz xidm\u0259tl\u0259r\u0259 g\u00f6r\u0259 1-ci, 2-ci v\u0259 3-c\u00fc d\u0259r\u0259c\u0259li medallarla t\u0259ltif edilib.<\/p>\n\n\n\n<p><strong>DO\u011eUM G\u00dcN\u00dcN M\u00dcBAR\u018fK OLSUN<\/strong>, <strong>AR\u0130F B\u018fY!<\/strong><\/p>\n\n\n\n<p><strong>ALLAH H\u018fR ZAMAN Q\u018fLB\u0130N\u0130 SIXINTIDAN, B\u018fDB\u0130NL\u0130KD\u018fN QORUSUN!<\/strong><\/p>\n\n\n\n<p><strong>B\u00dcT\u00dcN ARZULARIN \u00c7\u0130N OLSUN!<\/strong><\/p>\n\n\n\n<p><strong>H\u018fM\u0130\u015e\u018f \u00dcZ\u00dcN G\u00dcLS\u00dcN, \u00dcR\u018fY\u0130N SEV\u0130NS\u0130N!<\/strong><\/p>\n\n\n\n<p><strong>DA\u0130MA XO\u015eB\u018fXT YA\u015eA, \u00d6MR\u00dcN UZUN OLSUN!<\/strong><\/p>\n\n\n\n<p><strong>Az\u0259rbaycan V\u0259t\u0259n m\u00fcharib\u0259si Veteranlar\u0131 \u0130ctimai &nbsp;Birliyi s\u0259drinin m\u00fcavini polkovnik <span class=\"has-inline-color has-vivid-cyan-blue-color\">Salman Musayev<\/span><\/strong><\/p>\n\n\n\n<figure class=\"wp-block-gallery columns-2 is-cropped wp-block-gallery-2 is-layout-flex wp-block-gallery-is-layout-flex\"><ul class=\"blocks-gallery-grid\"><li class=\"blocks-gallery-item\"><figure><img decoding=\"async\" src=\"http:\/\/veteran.az\/wp-content\/uploads\/2022\/08\/8265a327389da9fe4fdc2714b309120e-1-1-2-1-2.jpg\" alt=\"\" data-id=\"17883\" data-link=\"http:\/\/veteran.az\/?attachment_id=17883\" class=\"wp-image-17883\"\/><\/figure><\/li><li class=\"blocks-gallery-item\"><figure><img loading=\"lazy\" decoding=\"async\" width=\"1024\" height=\"1000\" src=\"http:\/\/veteran.az\/wp-content\/uploads\/2022\/09\/20220914_210128-1024x1000.jpg\" alt=\"\" data-id=\"18489\" data-full-url=\"http:\/\/veteran.az\/wp-content\/uploads\/2022\/09\/20220914_210128.jpg\" data-link=\"http:\/\/veteran.az\/?attachment_id=18489\" class=\"wp-image-18489\" srcset=\"https:\/\/veteran.az\/wp-content\/uploads\/2022\/09\/20220914_210128-1024x1000.jpg 1024w, https:\/\/veteran.az\/wp-content\/uploads\/2022\/09\/20220914_210128-300x293.jpg 300w, https:\/\/veteran.az\/wp-content\/uploads\/2022\/09\/20220914_210128-768x750.jpg 768w, https:\/\/veteran.az\/wp-content\/uploads\/2022\/09\/20220914_210128.jpg 1080w\" sizes=\"auto, (max-width: 1024px) 100vw, 1024px\" \/><\/figure><\/li><\/ul><\/figure>\n","protected":false},"excerpt":{"rendered":"<p>&nbsp;Az\u0259rbaycan V\u0259t\u0259n M\u00fcharib\u0259si Veteranlar\u0131 \u0130ctimai Birliyi R\u0259hb\u0259rliyi m\u00fcharib\u0259 veteran\u0131, ehtiyatda olan polkovnik- leytenant \u0130smay\u0131lov Arif&#8230;<\/p>\n","protected":false},"author":3,"featured_media":18486,"comment_status":"closed","ping_status":"closed","sticky":false,"template":"","format":"standard","meta":{"footnotes":""},"categories":[12],"tags":[],"class_list":["post-18483","post","type-post","status-publish","format-standard","has-post-thumbnail","hentry","category-veteran"],"featured_image_urls":{"full":["https:\/\/veteran.az\/wp-content\/uploads\/2022\/09\/20220914_210224.jpg",511,944,false],"thumbnail":["https:\/\/veteran.az\/wp-content\/uploads\/2022\/09\/20220914_210224-150x150.jpg",150,150,true],"medium":["https:\/\/veteran.az\/wp-content\/uploads\/2022\/09\/20220914_210224-162x300.jpg",162,300,true],"medium_large":["https:\/\/veteran.az\/wp-content\/uploads\/2022\/09\/20220914_210224.jpg",511,944,false],"large":["https:\/\/veteran.az\/wp-content\/uploads\/2022\/09\/20220914_210224.jpg",511,944,false],"1536x1536":["https:\/\/veteran.az\/wp-content\/uploads\/2022\/09\/20220914_210224.jpg",511,944,false],"2048x2048":["https:\/\/veteran.az\/wp-content\/uploads\/2022\/09\/20220914_210224.jpg",511,944,false],"covernews-slider-full":["https:\/\/veteran.az\/wp-content\/uploads\/2022\/09\/20220914_210224.jpg",387,715,false],"covernews-slider-center":["https:\/\/veteran.az\/wp-content\/uploads\/2022\/09\/20220914_210224-511x897.jpg",285,500,true],"covernews-featured":["https:\/\/veteran.az\/wp-content\/uploads\/2022\/09\/20220914_210224.jpg",511,944,false],"covernews-medium":["https:\/\/veteran.az\/wp-content\/uploads\/2022\/09\/20220914_210224-511x380.jpg",457,340,true],"covernews-medium-square":["https:\/\/veteran.az\/wp-content\/uploads\/2022\/09\/20220914_210224-511x450.jpg",284,250,true]},"author_info":{"display_name":"Veteran.az","author_link":"https:\/\/veteran.az\/?author=3"},"category_info":"<a href=\"https:\/\/veteran.az\/?cat=12\" rel=\"category\">Veteran d\u00fcnyas\u0131<\/a>","tag_info":"Veteran d\u00fcnyas\u0131","comment_count":"0","_links":{"self":[{"href":"https:\/\/veteran.az\/index.php?rest_route=\/wp\/v2\/posts\/18483","targetHints":{"allow":["GET"]}}],"collection":[{"href":"https:\/\/veteran.az\/index.php?rest_route=\/wp\/v2\/posts"}],"about":[{"href":"https:\/\/veteran.az\/index.php?rest_route=\/wp\/v2\/types\/post"}],"author":[{"embeddable":true,"href":"https:\/\/veteran.az\/index.php?rest_route=\/wp\/v2\/users\/3"}],"replies":[{"embeddable":true,"href":"https:\/\/veteran.az\/index.php?rest_route=%2Fwp%2Fv2%2Fcomments&post=18483"}],"version-history":[{"count":2,"href":"https:\/\/veteran.az\/index.php?rest_route=\/wp\/v2\/posts\/18483\/revisions"}],"predecessor-version":[{"id":18491,"href":"https:\/\/veteran.az\/index.php?rest_route=\/wp\/v2\/posts\/18483\/revisions\/18491"}],"wp:featuredmedia":[{"embeddable":true,"href":"https:\/\/veteran.az\/index.php?rest_route=\/wp\/v2\/media\/18486"}],"wp:attachment":[{"href":"https:\/\/veteran.az\/index.php?rest_route=%2Fwp%2Fv2%2Fmedia&parent=18483"}],"wp:term":[{"taxonomy":"category","embeddable":true,"href":"https:\/\/veteran.az\/index.php?rest_route=%2Fwp%2Fv2%2Fcategories&post=18483"},{"taxonomy":"post_tag","embeddable":true,"href":"https:\/\/veteran.az\/index.php?rest_route=%2Fwp%2Fv2%2Ftags&post=18483"}],"curies":[{"name":"wp","href":"https:\/\/api.w.org\/{rel}","templated":true}]}}