{"id":18474,"date":"2022-09-15T01:37:48","date_gmt":"2022-09-14T21:37:48","guid":{"rendered":"http:\/\/veteran.az\/?p=18474"},"modified":"2022-09-15T01:40:25","modified_gmt":"2022-09-14T21:40:25","slug":"prezident-s%c9%99rh%c9%99dd%c9%99ki-v%c9%99ziyy%c9%99td%c9%99n-danisdi","status":"publish","type":"post","link":"https:\/\/veteran.az\/?p=18474","title":{"rendered":"B\u00f6y\u00fck Britaniyan\u0131n Az\u0259rbaycandak\u0131 s\u0259firi  \u0130lham \u018fliyev\u0259 t\u0259\u015f\u0259kk\u00fcr edib"},"content":{"rendered":"\n<p><strong>B\u00f6y\u00fck Britaniyan\u0131n Az\u0259rbaycandak\u0131 s\u0259firi Fergus Ould Prezident \u0130lham \u018fliyev\u0259 t\u0259\u015f\u0259kk\u00fcr edib.<\/strong><\/p>\n\n\n\n<p>&#171;Qafqazinfo&#187;&nbsp;x\u0259b\u0259r&nbsp;verir ki, s\u0259fir bu bar\u0259d\u0259 \u00f6z r\u0259smi tviter hesab\u0131nda payla\u015f\u0131m edib.<\/p>\n\n\n\n<p>&#171;\u00dclyah\u0259zr\u0259t Krali\u00e7a II Elizabetin v\u0259fat\u0131 m\u00fcnasib\u0259til\u0259 mat\u0259m kitab\u0131n\u0131 imzalama\u011fa s\u0259firliy\u0259 g\u0259ldiyi \u00fc\u00e7\u00fcn Prezident \u0130lham \u018fliyev\u0259 t\u0259\u015f\u0259kk\u00fcr edir\u0259m. C\u0259nab Prezident t\u0259r\u0259find\u0259n g\u00f6st\u0259ril\u0259n ehtiram v\u0259 diqq\u0259t \u00f6lk\u0259l\u0259rimiz aras\u0131nda m\u00fcnasib\u0259tl\u0259rin inki\u015faf\u0131 istiqam\u0259tind\u0259 b\u00f6y\u00fck \u0259h\u0259miyy\u0259t\u0259 malikdir&#187;, &#8212; dey\u0259 s\u0259fir payla\u015f\u0131m\u0131nda qeyd edib.<\/p>\n\n\n\n<p>Xat\u0131rladaq ki, \u0130lham \u018fliyev sentyabr\u0131n 13-d\u0259 B\u00f6y\u00fck Britaniya v\u0259 \u015eimali \u0130rlandiya Birl\u0259\u015fmi\u015f Krall\u0131\u011f\u0131n\u0131n \u00f6lk\u0259mizd\u0259ki s\u0259firliyind\u0259 olub, B\u00f6y\u00fck Britaniya v\u0259 \u015eimali \u0130rlandiyan\u0131n Krali\u00e7as\u0131 \u00dclyah\u0259zr\u0259t II Elizabetin v\u0259fat\u0131 il\u0259 \u0259laq\u0259dar ba\u015fsa\u011fl\u0131\u011f\u0131 verib.<\/p>\n","protected":false},"excerpt":{"rendered":"<p>B\u00f6y\u00fck Britaniyan\u0131n Az\u0259rbaycandak\u0131 s\u0259firi Fergus Ould Prezident \u0130lham \u018fliyev\u0259 t\u0259\u015f\u0259kk\u00fcr edib. &#171;Qafqazinfo&#187;&nbsp;x\u0259b\u0259r&nbsp;verir ki, s\u0259fir bu&#8230;<\/p>\n","protected":false},"author":3,"featured_media":18475,"comment_status":"closed","ping_status":"closed","sticky":false,"template":"","format":"standard","meta":{"footnotes":""},"categories":[6],"tags":[],"class_list":["post-18474","post","type-post","status-publish","format-standard","has-post-thumbnail","hentry","category-cmiyyt"],"featured_image_urls":{"full":["https:\/\/veteran.az\/wp-content\/uploads\/2022\/09\/prez3.jpg",550,376,false],"thumbnail":["https:\/\/veteran.az\/wp-content\/uploads\/2022\/09\/prez3-150x150.jpg",150,150,true],"medium":["https:\/\/veteran.az\/wp-content\/uploads\/2022\/09\/prez3-300x205.jpg",300,205,true],"medium_large":["https:\/\/veteran.az\/wp-content\/uploads\/2022\/09\/prez3.jpg",550,376,false],"large":["https:\/\/veteran.az\/wp-content\/uploads\/2022\/09\/prez3.jpg",550,376,false],"1536x1536":["https:\/\/veteran.az\/wp-content\/uploads\/2022\/09\/prez3.jpg",550,376,false],"2048x2048":["https:\/\/veteran.az\/wp-content\/uploads\/2022\/09\/prez3.jpg",550,376,false],"covernews-slider-full":["https:\/\/veteran.az\/wp-content\/uploads\/2022\/09\/prez3.jpg",550,376,false],"covernews-slider-center":["https:\/\/veteran.az\/wp-content\/uploads\/2022\/09\/prez3.jpg",550,376,false],"covernews-featured":["https:\/\/veteran.az\/wp-content\/uploads\/2022\/09\/prez3.jpg",550,376,false],"covernews-medium":["https:\/\/veteran.az\/wp-content\/uploads\/2022\/09\/prez3.jpg",497,340,false],"covernews-medium-square":["https:\/\/veteran.az\/wp-content\/uploads\/2022\/09\/prez3.jpg",366,250,false]},"author_info":{"display_name":"Veteran.az","author_link":"https:\/\/veteran.az\/?author=3"},"category_info":"<a href=\"https:\/\/veteran.az\/?cat=6\" rel=\"category\">C\u0259miyy\u0259t<\/a>","tag_info":"C\u0259miyy\u0259t","comment_count":"0","_links":{"self":[{"href":"https:\/\/veteran.az\/index.php?rest_route=\/wp\/v2\/posts\/18474","targetHints":{"allow":["GET"]}}],"collection":[{"href":"https:\/\/veteran.az\/index.php?rest_route=\/wp\/v2\/posts"}],"about":[{"href":"https:\/\/veteran.az\/index.php?rest_route=\/wp\/v2\/types\/post"}],"author":[{"embeddable":true,"href":"https:\/\/veteran.az\/index.php?rest_route=\/wp\/v2\/users\/3"}],"replies":[{"embeddable":true,"href":"https:\/\/veteran.az\/index.php?rest_route=%2Fwp%2Fv2%2Fcomments&post=18474"}],"version-history":[{"count":2,"href":"https:\/\/veteran.az\/index.php?rest_route=\/wp\/v2\/posts\/18474\/revisions"}],"predecessor-version":[{"id":18477,"href":"https:\/\/veteran.az\/index.php?rest_route=\/wp\/v2\/posts\/18474\/revisions\/18477"}],"wp:featuredmedia":[{"embeddable":true,"href":"https:\/\/veteran.az\/index.php?rest_route=\/wp\/v2\/media\/18475"}],"wp:attachment":[{"href":"https:\/\/veteran.az\/index.php?rest_route=%2Fwp%2Fv2%2Fmedia&parent=18474"}],"wp:term":[{"taxonomy":"category","embeddable":true,"href":"https:\/\/veteran.az\/index.php?rest_route=%2Fwp%2Fv2%2Fcategories&post=18474"},{"taxonomy":"post_tag","embeddable":true,"href":"https:\/\/veteran.az\/index.php?rest_route=%2Fwp%2Fv2%2Ftags&post=18474"}],"curies":[{"name":"wp","href":"https:\/\/api.w.org\/{rel}","templated":true}]}}