{"id":18377,"date":"2022-09-08T22:23:05","date_gmt":"2022-09-08T18:23:05","guid":{"rendered":"http:\/\/veteran.az\/?p=18377"},"modified":"2022-09-08T22:23:05","modified_gmt":"2022-09-08T18:23:05","slug":"t%c9%99brik-muharib%c9%99-veterani-b%c9%99xtiyar-isg%c9%99nd%c9%99rov-49","status":"publish","type":"post","link":"https:\/\/veteran.az\/?p=18377","title":{"rendered":"T\u018fBR\u0130K:\u00a0M\u00dcHAR\u0130B\u018f VETERANI\u00a0B\u018fXT\u0130YAR\u00a0 ISG\u018fND\u018fROV &#8212; 49"},"content":{"rendered":"\n<p><strong><span class=\"has-inline-color has-vivid-red-color\">\u0130nsan \u00fc\u00e7\u00fcn \u0259n yadda qalan ill\u0259rd\u0259n\u00a0 biri onun do\u011fum g\u00fcn\u00fcd\u00fcr. Bel\u0259 insanlardan biri d\u0259\u00a0 pe\u015f\u0259karl\u0131\u011f\u0131,\u00a0 humanistliyi , n\u0259z\u0259ri v\u0259 praktiki biliyi,\u00a0 i\u015fg\u00fczarl\u0131\u011f\u0131 v\u0259 m\u0259n\u0259vi keyfiyy\u0259til\u0259 se\u00e7il\u0259n \u00f6mr\u00fcn\u00fcn \u0259n\u00a0 m\u0259hsuldar d\u00f6vr\u00fcn\u00fcn 20 ild\u0259n \u00e7ox \u015f\u0259r\u0259fli\u00a0\u00a0 xidm\u0259t yolunu h\u0259rbi xidm\u0259td\u0259 ke\u00e7irmi\u015f m\u00fcharib\u0259 veteran\u0131 istefada olan ba\u015f-leytenat B\u0259xtiyar \u018fzim o\u011flu\u00a0 \u0130sg\u0259nd\u0259rovdur. Sentyabr ay\u0131n\u0131n\u00a010 -da onun 49 ya\u015f\u0131 tamam olur.<\/span><\/strong><\/p>\n\n\n\n<p><strong>\u00a0\u00a0\u00a0\u00a0\u00a0 Daimi h\u0259yat\u0131n imtahanlar\u0131ndan aln\u0131a\u00e7\u0131q v\u0259 \u00fcz\u00fca\u011f \u00e7\u0131xan istefada olan ba\u015f leytenat\u00a0 B\u0259xtiyar \u0130sg\u0259nd\u0259rovu do\u011fum g\u00fcn\u00fc m\u00fcnasib\u0259til\u0259 Az\u0259rbaycan V\u0259t\u0259n M\u00fcharib\u0259si Veteranlar\u0131 \u0130ctimai Birliyinin r\u0259hb\u0259rliyi\u00a0\u00a0 s\u0259mimi q\u0259lbd\u0259n t\u0259brik edir, ona h\u0259yatda insan \u00fc\u00e7\u00fcn \u0259n \u015firin\u00a0 nem\u0259t olan m\u00f6hk\u0259m can sa\u011fl\u0131\u011f\u0131 v\u0259 h\u0259yat yollar\u0131nda bitib &#8212; t\u00fck\u0259nm\u0259y\u0259n naliyy\u0259tl\u0259r arzulay\u0131r. B\u0259xtiyar\u0131n ya\u015f\u0131n\u0131n \u00fcst\u0259 g\u0259l\u0259n bu ya\u015f ona sevinc dolu ill\u0259r b\u0259x\u015f etsin v\u0259 h\u0259r yeni g\u00fcn\u00fc is\u0259 onu ist\u0259kl\u0259rin\u0259 qovu\u015fduraraq daha da xo\u015fb\u0259xt etsin.<\/strong><\/p>\n\n\n\n<p>\u00a0\u00a0\u00a0\u00a0\u00a0 \u0130stefada olan ba\u015f- leytenat\u00a0\u0130sg\u0259nd\u0259rov B\u0259xtiyar \u018fzim o\u011flu\u00a0 1973 &#8212; c\u00fc ilin\u00a0 sentyabr ay\u0131n\u0131n 10 &#8212; da Bak\u0131 \u015f\u0259h\u0259rind\u0259 anadan olub.<\/p>\n\n\n\n<p>\u00a0\u00a0\u00a0\u00a0\u00a0\u00a0 1990 &#8212; cu ild\u0259\u00a0 Bak\u0131 \u015f\u0259h\u0259r X\u0259z\u0259r rayonunda\u00a0\u00a0 orta m\u0259kt\u0259bi, 1996- c\u0131\u00a0 Bak\u0131 \u0130n\u015faat Texnikomunu,\u00a0 1998 &#8212; ci ild\u0259\u00a0 Daxili \u0130\u015fl\u0259r Nazirliyi Daxili Qo\u015funlar\u0131n\u00a0 T\u0259lim v\u0259 T\u0259dris M\u0259rk\u0259zind\u0259 zabitl\u0259rin\u00a0 ilkin haz\u0131rl\u0131\u011f\u0131 kursunu bitrib.\u00a0 O, Daxili Qo\u015funlarda xidm\u0259t etdiyi ill\u0259r \u0259rzind\u0259\u00a0 Daxili Qo\u015funlar\u0131n Bas \u0130dar\u0259sind\u0259 v\u0259 h\u0259rbi hiss\u0259l\u0259rd\u0259 kecirl\u0259n bir \u00e7ox\u00a0 metodiki t\u0259lim toplan\u0131\u015flarda, x\u00fcsusi- taktiki t\u0259liml\u0259rd\u0259, m\u00fcvafiq kurslarda, seminar v\u0259 konfranslarda f\u0259al i\u015ftirak edib.\u00a0 H\u0259rbi t\u0259c\u00fcrb\u0259 m\u00fcbadil\u0259si \u0259ld\u0259 etm\u0259k \u00fc\u00e7\u00fcn T\u00fcrkiy\u0259y\u0259 C\u00fcmhuriyy\u0259tinin Jandarma Q\u00fcvv\u0259l\u0259rinin Ankara, \u0130stanbul v\u0259 \u0130zmir \u015f\u0259h\u0259rl\u0259rind\u0259 yerl\u0259\u015f\u0259n h\u0259rbi hiss\u0259l\u0259rd\u0259 v\u0259 m\u0259kt\u0259bl\u0259rd\u0259 i\u015fg\u00fczar s\u0259f\u0259rd\u0259 olub.<\/p>\n\n\n\n<p>\u00a0\u00a0\u00a0 \u00a01991- 2013-c\u00fc ill\u0259rd\u0259\u00a0 Daxili \u0130\u015fl\u0259r Nazirliyi Daxili Qo\u015funlar\u0131n Bas \u0130dar\u0259sinin\u00a0 A\u011fdam, A\u011fd\u0259r\u0259, F\u00fczuli,\u00a0 Bin\u0259q\u0259di,\u00a0 Zaqatala rayonlar\u0131nda v\u0259 \u015e\u0259ki \u015f\u0259h\u0259rind\u0259 yerl\u0259\u015f\u0259n h\u0259rbi hiss\u0259l\u0259rind\u0259 \u0259sg\u0259r,\u00a0 taq\u0131m komandiri\u00a0 v\u0259 b\u00f6luk komandirinin t\u0259rbiy\u0259vi i\u015fl\u0259r \u00fczr\u0259 m\u00fcavini v\u0259zif\u0259sind\u0259 xidm\u0259t edib. <\/p>\n\n\n\n<p>Hal -haz\u0131rda\u00a0 Bak\u0131 \u015f\u0259h\u0259r Bin\u0259q\u0259di rayonunun Vahid \u018fzimov ad\u0131na 30 n\u00f6mr\u0259li tam orta m\u0259kt\u0259bd\u0259\u00a0 G\u0259nc \u00c7a\u011f\u0131r\u0131\u015f\u00e7\u0131lar\u0131n H\u0259rbi haz\u0131rl\u0131\u011f\u0131\u00a0 f\u0259nni\u00a0 \u00fczr\u0259 m\u00fc\u0259llim i\u015fl\u0259yir.<\/p>\n\n\n\n<p>&nbsp;&nbsp;&nbsp;&nbsp;&nbsp; H\u0259rbi yolda\u015flar\u0131 onu&nbsp; v\u0259t\u0259np\u0259rv\u0259r, qorxmaz, s\u0259xav\u0259tli,&nbsp; insanp\u0259rv\u0259r, \u0259lia\u00e7\u0131q v\u0259 z\u0259hm\u0259tke\u015f zabit kimi&nbsp; d\u0259y\u0259rl\u0259ndirirl\u0259r. O, ist\u0259r t\u0259hsil ald\u0131g\u0131 orta v\u0259 ali t\u0259hsil m\u00fc\u0259ssis\u0259l\u0259rind\u0259, ist\u0259r xidm\u0259t etdiyi v\u0259 \u00e7al\u0131\u015fd\u0131\u011f\u0131 m\u00fchitd\u0259,&nbsp;&nbsp;&nbsp; ist\u0259rs\u0259d\u0259&nbsp; dost &#8212; tan\u0131\u015f , qohum &#8212; \u0259qraba&nbsp; aras\u0131nda \u00f6z\u00fcn\u0259 b\u00f6y\u00fck h\u00f6rm\u0259t qazan\u0131b.<\/p>\n\n\n\n<p>\u00a0\u00a0\u00a0\u00a0\u00a0 Az\u0259rbaycan Respublikas\u0131 Konstitusiyas\u0131na v\u0259 qanunlar\u0131na \u0259m\u0259l edilm\u0259sind\u0259, H\u0259rbi And\u0131n,\u00a0 H\u0259rbi v\u0259 Daxili Qo\u015funlar\u0131n D\u00f6y\u00fc\u015f Xidm\u0259ti Nizamnam\u0259l\u0259rin t\u0259l\u0259bl\u0259rinin yerin\u0259 yetirilm\u0259sind\u0259 \u00fcz\u0259rin\u0259 d\u00fcs\u0259n v\u0259zif\u0259 v\u0259 tap\u015f\u0131r\u0131qlar\u0131n \u00f6ht\u0259sind\u0259n layiqinc\u0259 g\u0259lmi\u015fdir.<\/p>\n\n\n\n<p>&nbsp;&nbsp;&nbsp;&nbsp;&nbsp; Az\u0259rbaycan Respublikas\u0131nda ictimai qaydan\u0131n qorunmas\u0131nda&nbsp; , ictimai t\u0259hl\u00fck\u0259sizliyin t\u0259min edilm\u0259sind\u0259, cinay\u0259tkarl\u0131\u011fa qar\u015f\u0131 m\u00fcbariz\u0259d\u0259, ba\u015f vermi\u015f k\u00fctl\u0259vi ixti\u015fa\u015flar\u0131n qar\u015f\u0131s\u0131n\u0131n al\u0131nmas\u0131nda, ba\u015f vermi\u015f t\u0259bii f\u0259lak\u0259tl\u0259rin n\u0259tic\u0259l\u0259rinin aradan qald\u0131r\u0131lmas\u0131nda, F\u00f6vqal\u0259d\u0259 v\u0259ziy\u0259t zaman\u0131 h\u00fcquqi rejim t\u0259dbirl\u0259rinin h\u0259yata ke\u00e7irilm\u0259sind\u0259 el\u0259c\u0259d\u0259&nbsp;&nbsp; Az\u0259rbaycan\u0131n \u0259razi b\u00fct\u00f6vl\u00fcy\u00fcn\u00fcn t\u0259min edilm\u0259sind\u0259 \u00fcz\u0259rin\u0259 d\u00fcs\u0259n v\u0259zif\u0259 v\u0259 tap\u015f\u0131r\u0131qlar\u0131 m\u0259suliyy\u0259t v\u0259 \u015f\u0259r\u0259f hissi il\u0259 yer\u0131n\u0259 yetirmi\u015fdir.<\/p>\n\n\n\n<p>&nbsp;&nbsp;&nbsp;&nbsp;&nbsp;&nbsp;&nbsp;&nbsp; H\u0259rbi xidm\u0259ti v\u0259zif\u0259l\u0259rinin icras\u0131 zaman\u0131 y\u00fcks\u0259k m\u0259n\u0259vi- d\u00f6y\u00fc\u015f keyfiyy\u0259tl\u0259ri g\u00f6st\u0259rdiyin\u0259, d\u00f6y\u00fc\u015f v\u0259 ictimai siyas\u0131 haz\u0131rl\u0131\u011f\u0131nda, h\u0259rbi intizam\u0131n m\u00f6hk\u0259ml\u0259ndirilm\u0259sind\u0259 y\u00fcks\u0259k g\u00f6st\u0259ricil\u0259r\u0259 nail oldu\u011funa v\u0259 n\u00fcmun\u0259vi xidm\u0259tin\u0259 g\u00f6r\u0259 Daxili \u0130\u015fl\u0259r Nazirinin, Daxili Qo\u015funlar Komandan\u0131n v\u0259 onun m\u00fcavinl\u0259rinin,&nbsp; h\u0259rbi hiss\u0259 komandirinin&nbsp; m\u00fcvafiq \u0259mrl\u0259ri il\u0259 f\u0259xri f\u0259rmanla, qiym\u0259tli h\u0259diyy\u0259l\u0259rl\u0259, \u0259la\u00e7\u0131 d\u00f6\u015f&nbsp; v\u0259 yubiley ni\u015fanlar\u0131 il\u0259&nbsp; m\u00fckafatland\u0131rl\u0131b v\u0259 ona t\u0259\u015f\u0259kk\u00fcr elan edilib.<\/p>\n\n\n\n<p>&nbsp;&nbsp;&nbsp;&nbsp;&nbsp;&nbsp; Az\u0259rbaycan Respublikas\u0131n\u0131n m\u00fcst\u0259qilliyinin&nbsp; , \u0259razi b\u00fct\u00f6vl\u00fcy\u00fcn\u00fcn&nbsp; qorunub saxlanmas\u0131nda, respublikada \u0259min &#8212; amanl\u0131\u011f\u0131n t\u0259min edilm\u0259sind\u0259, ictimai&nbsp; \u0259sayi\u015fin qorunmas\u0131nda, cinay\u0259tkarl\u0131\u011fa qar\u015f\u0131 m\u00fcbariz\u0259d\u0259&nbsp; \u00f6z xidm\u0259ti v\u0259zif\u0259l\u0259rini v\u0259 h\u0259rbi hiss\u0259nin qar\u015f\u0131s\u0131nda qoyulmu\u015f tap\u015f\u0131r\u0131qlar\u0131 yerin\u0259 yetir\u0259rk\u0259n f\u0259riql\u0259ndiyin\u0259 g\u00f6r\u0259 a\u015fa\u011f\u0131dak\u0131 medalarla t\u0259ltif olunub:<\/p>\n\n\n\n<p><strong>-Silahl\u0131 Q\u00fcvv\u0259l\u0259rin&nbsp; yaranmas\u0131n\u0131n &#187; ( 1991 -2001) 10 illiyi medal\u0131 il\u0259;<\/strong><\/p>\n\n\n\n<p><strong>-&#171;Silahl\u0131 Q\u00fcvv\u0259l\u0259rin yaranmas\u0131n\u0131n &#187;&nbsp; ( 1918- 2008) 90 illiyi medal\u0131 il\u0259;<\/strong><\/p>\n\n\n\n<p><strong>-&#187; Q\u00fcsursuz xidm\u0259t\u0259 g\u00f6r\u0259 &#187; 2 d\u0259r\u0259c\u0259li medal il\u0259;<\/strong><\/p>\n\n\n\n<p><strong>-Q\u00fcsursuz xidm\u0259t\u0259 g\u00f6r\u0259 &#187; 3 d\u0259r\u0259c\u0259li medal il\u0259.<\/strong><\/p>\n\n\n\n<p><strong>DO\u011eUM G\u00dcN\u00dcN M\u00dcBAR\u018fK OLSUN, B\u018fXT\u0130YA B\u018fY!<\/strong><\/p>\n\n\n\n<p><strong>ALLAH H\u018fR ZAMAN Q\u018fLB\u0130N\u0130 SIXINTIDAN, B\u018fDB\u0130NL\u0130KD\u018fN QORUSUN!<\/strong><\/p>\n\n\n\n<p><strong>H\u018fM\u0130\u015e\u018f \u00dcZ\u00dcN G\u00dcLS\u00dcN, \u00dcR\u018fY\u0130N SEV\u0130NS\u0130N!<\/strong><\/p>\n\n\n\n<p><strong>B\u00dcT\u00dcN ARZULARIN <\/strong><strong>\u00c7<\/strong><strong>\u0130N OLSUN!<\/strong><\/p>\n\n\n\n<p><strong>Az\u0259rbaycan V\u0259t\u0259n M\u00fcharib\u0259si Veteranlar\u0131 \u0130ctimai Birliyi (AVMV\u0130B) s\u0259drinin m\u00fcavini polkovnik <span class=\"has-inline-color has-vivid-red-color\">Salman Musayev<\/span><\/strong><\/p>\n\n\n\n<figure class=\"wp-block-gallery columns-2 is-cropped wp-block-gallery-1 is-layout-flex wp-block-gallery-is-layout-flex\"><ul class=\"blocks-gallery-grid\"><li class=\"blocks-gallery-item\"><figure><img decoding=\"async\" src=\"http:\/\/veteran.az\/wp-content\/uploads\/2022\/09\/20220908_201851.jpg\" alt=\"\" data-id=\"18378\" data-full-url=\"http:\/\/veteran.az\/wp-content\/uploads\/2022\/09\/20220908_201851.jpg\" data-link=\"http:\/\/veteran.az\/?attachment_id=18378\" class=\"wp-image-18378\"\/><\/figure><\/li><li class=\"blocks-gallery-item\"><figure><img decoding=\"async\" src=\"http:\/\/veteran.az\/wp-content\/uploads\/2022\/08\/8265a327389da9fe4fdc2714b309120e-1-1-2-1-2.jpg\" alt=\"\" data-id=\"17883\" data-full-url=\"http:\/\/veteran.az\/wp-content\/uploads\/2022\/08\/8265a327389da9fe4fdc2714b309120e-1-1-2-1-2.jpg\" data-link=\"http:\/\/veteran.az\/?attachment_id=17883\" class=\"wp-image-17883\"\/><\/figure><\/li><\/ul><\/figure>\n","protected":false},"excerpt":{"rendered":"<p>\u0130nsan \u00fc\u00e7\u00fcn \u0259n yadda qalan ill\u0259rd\u0259n\u00a0 biri onun do\u011fum g\u00fcn\u00fcd\u00fcr. Bel\u0259 insanlardan biri d\u0259\u00a0 pe\u015f\u0259karl\u0131\u011f\u0131,\u00a0&#8230;<\/p>\n","protected":false},"author":3,"featured_media":0,"comment_status":"closed","ping_status":"closed","sticky":false,"template":"","format":"standard","meta":{"footnotes":""},"categories":[12],"tags":[],"class_list":["post-18377","post","type-post","status-publish","format-standard","hentry","category-veteran"],"featured_image_urls":{"full":"","thumbnail":"","medium":"","medium_large":"","large":"","1536x1536":"","2048x2048":"","covernews-slider-full":"","covernews-slider-center":"","covernews-featured":"","covernews-medium":"","covernews-medium-square":""},"author_info":{"display_name":"Veteran.az","author_link":"https:\/\/veteran.az\/?author=3"},"category_info":"<a href=\"https:\/\/veteran.az\/?cat=12\" rel=\"category\">Veteran d\u00fcnyas\u0131<\/a>","tag_info":"Veteran d\u00fcnyas\u0131","comment_count":"0","_links":{"self":[{"href":"https:\/\/veteran.az\/index.php?rest_route=\/wp\/v2\/posts\/18377","targetHints":{"allow":["GET"]}}],"collection":[{"href":"https:\/\/veteran.az\/index.php?rest_route=\/wp\/v2\/posts"}],"about":[{"href":"https:\/\/veteran.az\/index.php?rest_route=\/wp\/v2\/types\/post"}],"author":[{"embeddable":true,"href":"https:\/\/veteran.az\/index.php?rest_route=\/wp\/v2\/users\/3"}],"replies":[{"embeddable":true,"href":"https:\/\/veteran.az\/index.php?rest_route=%2Fwp%2Fv2%2Fcomments&post=18377"}],"version-history":[{"count":1,"href":"https:\/\/veteran.az\/index.php?rest_route=\/wp\/v2\/posts\/18377\/revisions"}],"predecessor-version":[{"id":18380,"href":"https:\/\/veteran.az\/index.php?rest_route=\/wp\/v2\/posts\/18377\/revisions\/18380"}],"wp:attachment":[{"href":"https:\/\/veteran.az\/index.php?rest_route=%2Fwp%2Fv2%2Fmedia&parent=18377"}],"wp:term":[{"taxonomy":"category","embeddable":true,"href":"https:\/\/veteran.az\/index.php?rest_route=%2Fwp%2Fv2%2Fcategories&post=18377"},{"taxonomy":"post_tag","embeddable":true,"href":"https:\/\/veteran.az\/index.php?rest_route=%2Fwp%2Fv2%2Ftags&post=18377"}],"curies":[{"name":"wp","href":"https:\/\/api.w.org\/{rel}","templated":true}]}}