{"id":18371,"date":"2022-09-08T11:40:19","date_gmt":"2022-09-08T07:40:19","guid":{"rendered":"http:\/\/veteran.az\/?p=18371"},"modified":"2022-09-08T11:40:20","modified_gmt":"2022-09-08T07:40:20","slug":"isgaldan-azad-olunmus-%c9%99razil%c9%99rd%c9%99-konullu-proqramina-start-verilir","status":"publish","type":"post","link":"https:\/\/veteran.az\/?p=18371","title":{"rendered":"\u0130\u015f\u011faldan azad olunmu\u015f \u0259razil\u0259rd\u0259 k\u00f6n\u00fcll\u00fc proqram\u0131na start verilir!"},"content":{"rendered":"\n<p><strong>2020-ci ild\u0259 m\u00fcz\u0259ff\u0259r Ali Ba\u015f Komandan\u00a0\u0130lham \u018fliyevin r\u0259hb\u0259rliyi il\u0259 yenilm\u0259z Az\u0259rbaycan \u0259sg\u0259rinin r\u0259\u015fad\u0259ti say\u0259sind\u0259 44 g\u00fcnl\u00fck V\u0259t\u0259n m\u00fcharib\u0259sind\u0259 qalib g\u0259lm\u0259kl\u0259 \u00f6lk\u0259mizin \u0259razi b\u00fct\u00f6vl\u00fcy\u00fc b\u0259rpa olundu.<\/strong><\/p>\n\n\n\n<p>\u015eanl\u0131 tariximizin \u0259n parlaq s\u0259hif\u0259l\u0259rind\u0259n olan bu z\u0259f\u0259r n\u0259tic\u0259sind\u0259 insanlar\u0131m\u0131z uzun ill\u0259r h\u0259sr\u0259tini \u00e7\u0259kdikl\u0259ri do\u011fma ata-baba yurdlar\u0131na qay\u0131tmaq imkan\u0131 \u0259ld\u0259 edibl\u0259r.<\/p>\n\n\n\n<p>Prezident \u0130lham \u018fliyev d\u0259f\u0259l\u0259rl\u0259 \u00f6z \u00e7\u0131x\u0131\u015flar\u0131nda b\u00f6y\u00fck Z\u0259f\u0259rd\u0259 g\u0259ncl\u0259rin h\u0259lledici rolunu vur\u011fulay\u0131b v\u0259 Az\u0259rbaycan g\u0259ncinin B\u00f6y\u00fck qay\u0131d\u0131\u015f prosesind\u0259 i\u015ftirak\u0131n\u0131n \u0259h\u0259miyy\u0259tini qeyd edib. G\u0259ncl\u0259rin \u00f6z do\u011fma torpaqlar\u0131n\u0131n b\u0259rpas\u0131nda oynayacaqlar\u0131 rol \u00e7ox \u00f6n\u0259mlidir.&nbsp;<\/p>\n\n\n\n<p>M\u00fcz\u0259ff\u0259r Ali Ba\u015f Komandan \u0130lham \u018fliyevin i\u015f\u011faldan azad olunmu\u015f \u0259razil\u0259rimizd\u0259 h\u0259yata ke\u00e7iril\u0259n i\u015fl\u0259r\u0259 g\u0259nc n\u0259slin, x\u00fcsusil\u0259 d\u0259 k\u00f6kl\u0259ri bu torpaqlara ba\u011fl\u0131 olan g\u0259ncl\u0259rin daha geni\u015f c\u0259lb olunmas\u0131 \u00e7a\u011f\u0131r\u0131\u015f\u0131na uy\u011fun olaraq, Az\u0259rbaycan Respublikas\u0131 Prezidentinin Qaraba\u011f \u0130qtisadi rayonu \u00fczr\u0259 x\u00fcsusi n\u00fcmay\u0259nd\u0259liyi v\u0259 Az\u0259rbaycan Respublikas\u0131 G\u0259ncl\u0259r Fondunun d\u0259st\u0259yi il\u0259 Az\u0259rbaycan K\u00f6n\u00fcll\u00fc T\u0259\u015fkilatlar\u0131 \u0130ttifaq\u0131 i\u015f\u011faldan azad olunmu\u015f \u0259razil\u0259rd\u0259 k\u00f6n\u00fcll\u00fc proqram\u0131na g\u0259ncl\u0259rin q\u0259buluna ba\u015flay\u0131r.<\/p>\n\n\n\n<p>Proqram\u0131n \u0259sas m\u0259qs\u0259di i\u015f\u011faldan azad olunmu\u015f \u0259razil\u0259rd\u0259 k\u00f6n\u00fcll\u00fcl\u00fck f\u0259aliyy\u0259tini d\u0259st\u0259kl\u0259m\u0259k, \u0259sl\u0259n oradan olan g\u0259ncl\u0259rin \u00f6z do\u011fma torpaqlar\u0131nda yenid\u0259nqurma v\u0259 b\u0259rpa i\u015fl\u0259rind\u0259 v\u0259 el\u0259c\u0259 d\u0259 b\u00f6lg\u0259nin tarixi, m\u0259d\u0259niyy\u0259ti v\u0259 xalq\u0131m\u0131z\u0131n irsinin t\u0259bli\u011find\u0259 i\u015ftirak\u0131n\u0131 t\u0259\u015fviq etm\u0259k v\u0259 g\u0259ncl\u0259rin azad olunmu\u015f \u0259razil\u0259r\u0259 qay\u0131d\u0131\u015f\u0131na t\u00f6hf\u0259 verm\u0259kdir. Proqram\u0131n ilkin olaraq A\u011fdam rayonunun i\u015f\u011faldan azad olunmu\u015f \u0259razil\u0259rind\u0259 h\u0259yata ke\u00e7irilm\u0259si v\u0259 t\u0259dric\u0259n dig\u0259r rayonlar\u0131 da \u0259hat\u0259 etm\u0259si n\u0259z\u0259rd\u0259 tutulur.<\/p>\n\n\n\n<p>Proqram \u00e7\u0259r\u00e7iv\u0259sind\u0259 k\u00f6n\u00fcll\u00fcl\u0259r A\u011fdam rayonu \u0259razisind\u0259 m\u00fcxt\u0259lif k\u00f6n\u00fcll\u00fc f\u0259aliyy\u0259tl\u0259rin\u0259, o c\u00fcml\u0259d\u0259n m\u00fct\u0259madi olaraq A\u011fdamda ke\u00e7iril\u0259c\u0259k t\u0259dbirl\u0259rin t\u0259\u015fkilind\u0259 i\u015ftirak, A\u011fdama s\u0259f\u0259r ed\u0259n yerli v\u0259 xarici qonaqlarla i\u015f, b\u0259rpa v\u0259 yenid\u0259nqurma i\u015fl\u0259rin\u0259 d\u0259st\u0259k, qay\u0131d\u0131\u015fa haz\u0131rl\u0131q v\u0259 m\u0259skunla\u015fmaya d\u0259st\u0259k v\u0259 Az\u0259rbaycan Respublikas\u0131 Prezidentinin Qaraba\u011f \u0130qtisadi rayonu \u00fczr\u0259 x\u00fcsusi n\u00fcmay\u0259nd\u0259liyin\u0259 m\u00fcxt\u0259lif f\u0259aliyy\u0259t istiqam\u0259tl\u0259ri \u00fczr\u0259 k\u00f6n\u00fcll\u00fc d\u0259st\u0259yinin g\u00f6st\u0259rilm\u0259sin\u0259 c\u0259lb olunacaqlar.<\/p>\n\n\n\n<p>Proqrama qo\u015fulmaq ist\u0259y\u0259n 18-29 ya\u015f aras\u0131, \u0259sl\u0259n A\u011fdam rayonundan olan h\u0259r bir g\u0259nc t\u0259hsil s\u0259viyy\u0259sind\u0259n as\u0131l\u0131 olmayaraq agdam.konullu.az veb-s\u0259hif\u0259si vasit\u0259sil\u0259 qeydiyyatdan ke\u00e7\u0259 bil\u0259r.<\/p>\n\n\n\n<p>Son m\u00fcraci\u0259t tarixi v\u0259 vaxt\u0131: 17 sentyabr 2022-ci il, saat 23:59<\/p>\n","protected":false},"excerpt":{"rendered":"<p>2020-ci ild\u0259 m\u00fcz\u0259ff\u0259r Ali Ba\u015f Komandan\u00a0\u0130lham \u018fliyevin r\u0259hb\u0259rliyi il\u0259 yenilm\u0259z Az\u0259rbaycan \u0259sg\u0259rinin r\u0259\u015fad\u0259ti say\u0259sind\u0259 44&#8230;<\/p>\n","protected":false},"author":3,"featured_media":0,"comment_status":"closed","ping_status":"closed","sticky":false,"template":"","format":"standard","meta":{"footnotes":""},"categories":[9],"tags":[],"class_list":["post-18371","post","type-post","status-publish","format-standard","hentry","category-sq"],"featured_image_urls":{"full":"","thumbnail":"","medium":"","medium_large":"","large":"","1536x1536":"","2048x2048":"","covernews-slider-full":"","covernews-slider-center":"","covernews-featured":"","covernews-medium":"","covernews-medium-square":""},"author_info":{"display_name":"Veteran.az","author_link":"https:\/\/veteran.az\/?author=3"},"category_info":"<a href=\"https:\/\/veteran.az\/?cat=9\" rel=\"category\">Silahl\u0131 Q\u00fcvv\u0259l\u0259r<\/a>","tag_info":"Silahl\u0131 Q\u00fcvv\u0259l\u0259r","comment_count":"0","_links":{"self":[{"href":"https:\/\/veteran.az\/index.php?rest_route=\/wp\/v2\/posts\/18371","targetHints":{"allow":["GET"]}}],"collection":[{"href":"https:\/\/veteran.az\/index.php?rest_route=\/wp\/v2\/posts"}],"about":[{"href":"https:\/\/veteran.az\/index.php?rest_route=\/wp\/v2\/types\/post"}],"author":[{"embeddable":true,"href":"https:\/\/veteran.az\/index.php?rest_route=\/wp\/v2\/users\/3"}],"replies":[{"embeddable":true,"href":"https:\/\/veteran.az\/index.php?rest_route=%2Fwp%2Fv2%2Fcomments&post=18371"}],"version-history":[{"count":1,"href":"https:\/\/veteran.az\/index.php?rest_route=\/wp\/v2\/posts\/18371\/revisions"}],"predecessor-version":[{"id":18373,"href":"https:\/\/veteran.az\/index.php?rest_route=\/wp\/v2\/posts\/18371\/revisions\/18373"}],"wp:attachment":[{"href":"https:\/\/veteran.az\/index.php?rest_route=%2Fwp%2Fv2%2Fmedia&parent=18371"}],"wp:term":[{"taxonomy":"category","embeddable":true,"href":"https:\/\/veteran.az\/index.php?rest_route=%2Fwp%2Fv2%2Fcategories&post=18371"},{"taxonomy":"post_tag","embeddable":true,"href":"https:\/\/veteran.az\/index.php?rest_route=%2Fwp%2Fv2%2Ftags&post=18371"}],"curies":[{"name":"wp","href":"https:\/\/api.w.org\/{rel}","templated":true}]}}