{"id":18290,"date":"2022-09-02T11:45:41","date_gmt":"2022-09-02T07:45:41","guid":{"rendered":"http:\/\/veteran.az\/?p=18290"},"modified":"2022-09-02T11:45:42","modified_gmt":"2022-09-02T07:45:42","slug":"t%c9%99brik-ismayilov-%c9%99l%c9%99ddin-pasa-oglu-69","status":"publish","type":"post","link":"https:\/\/veteran.az\/?p=18290","title":{"rendered":"T\u018fBR\u0130K: \u0130SMAYILOV \u018fL\u018fDD\u0130N PA\u015eA O\u011eLU &#8212; 69"},"content":{"rendered":"\n<p><strong>AVMV\u0130B r\u0259hb\u0259rliyi v\u0259 Az\u0259rbaycan V\u0259t\u0259n M\u00fcharib\u0259si Veteranlar\u0131 \u0130ctimai Birliyinin s\u0259dr m\u00fcavini polkovnik Salman Musayev M\u00fcharib\u0259 v\u0259 Silahl\u0131 Q\u00fcvv\u0259l\u0259r Veteran\u0131, ehtiyyatda olan tibb xidm\u0259ti polkovnik-leytenant\u0131 \u0130smay\u0131lov \u018fl\u0259ddin Pa\u015fa o\u011flunu do\u011fum g\u00fcn\u00fc m\u00fcnasib\u0259ti il\u0259 s\u0259mimi q\u0259lbd\u0259n t\u0259brik edir, h\u0259yatda insan \u00fcc\u00fcn \u0259n \u015firin nem\u0259t olan m\u00f6hk\u0259m can sa\u011fl\u0131\u011f\u0131 v\u0259 h\u0259yat yolar\u0131nda bitib \u2014 t\u00fck\u0259nm\u0259y\u0259n nailiyy\u0259tl\u0259r arzulay\u0131r.<\/strong><\/p>\n\n\n\n<p><strong>Qoy ya\u015f\u0131n\u0131n \u00fcst\u0259 g\u0259l\u0259n bu ya\u015f ona sevinc dolu g\u00fcnl\u0259r b\u0259x\u015f etsin, h\u0259r yeni g\u00fcn\u00fc is\u0259 \u00f6t\u0259n g\u00fcnl\u0259rd\u0259n daha g\u00f6z\u0259l onu xo\u015fb\u0259xt ed\u0259c\u0259k \u015f\u0259kild\u0259 ke\u00e7sin. <\/strong><\/p>\n\n\n\n<p>M\u00fcharib\u0259 v\u0259 Silahl\u0131 Q\u00fcvv\u0259l\u0259r Veteran\u0131 ehtiyyatda olan polkovnik leytenant Ismay\u0131lov \u018fl\u0259ddin Pa\u015fa o\u011flu 1 sentyabr 1953-c\u00fc ild\u0259 Bil\u0259suvar rayonunun Ba\u011fbanlar k\u0259ndind\u0259 anadan olub.<\/p>\n\n\n\n<figure class=\"wp-block-gallery columns-2 is-cropped wp-block-gallery-1 is-layout-flex wp-block-gallery-is-layout-flex\"><ul class=\"blocks-gallery-grid\"><li class=\"blocks-gallery-item\"><figure><img loading=\"lazy\" decoding=\"async\" width=\"567\" height=\"746\" src=\"http:\/\/veteran.az\/wp-content\/uploads\/2022\/09\/x2-1.jpg\" alt=\"\" data-id=\"18291\" data-link=\"http:\/\/veteran.az\/?attachment_id=18291\" class=\"wp-image-18291\" srcset=\"https:\/\/veteran.az\/wp-content\/uploads\/2022\/09\/x2-1.jpg 567w, https:\/\/veteran.az\/wp-content\/uploads\/2022\/09\/x2-1-228x300.jpg 228w\" sizes=\"auto, (max-width: 567px) 100vw, 567px\" \/><\/figure><\/li><li class=\"blocks-gallery-item\"><figure><img loading=\"lazy\" decoding=\"async\" width=\"665\" height=\"947\" src=\"http:\/\/veteran.az\/wp-content\/uploads\/2022\/09\/x54.jpg\" alt=\"\" data-id=\"18292\" data-full-url=\"http:\/\/veteran.az\/wp-content\/uploads\/2022\/09\/x54.jpg\" data-link=\"http:\/\/veteran.az\/?attachment_id=18292\" class=\"wp-image-18292\" srcset=\"https:\/\/veteran.az\/wp-content\/uploads\/2022\/09\/x54.jpg 665w, https:\/\/veteran.az\/wp-content\/uploads\/2022\/09\/x54-211x300.jpg 211w\" sizes=\"auto, (max-width: 665px) 100vw, 665px\" \/><\/figure><\/li><\/ul><\/figure>\n\n\n\n<p>O, 1960 ci ild\u0259 Bil\u0259suvar rayonunun Ba\u011fbanlar k\u0259nd orta m\u0259kt\u0259binin birinci sinfin\u0259 getmi\u015f 1970- ci ild\u0259 h\u0259min m\u0259kt\u0259bi ba\u015fa vurmu\u015fdur. Tibb xidm\u0259ti polkovnik-leytenant\u0131 \u018fl\u0259ddin \u0130smay\u0131lov 1977- ci ild\u0259 D\u00f6vl\u0259t Tibb Universitetin\u0259 daxil olmu\u015f, 1983 -c\u00fc ild\u0259 h\u0259min Universiteti bitirmi\u015fdir.<\/p>\n\n\n\n<p>M\u00fcharib\u0259 v\u0259 Silahl\u0131 Q\u00fcvv\u0259l\u0259r Veteran\u0131 ehtiyyatda olan polkovnik leytenant \u0130smay\u0131lov \u018fl\u0259ddin Pa\u015fa o\u011flu 1972 -1974 \u2014 c\u00fc il\u0259rd\u0259 SSR\u0130 M\u00fcdafi\u0259 Nazirliyinin Tumen Vilay\u0259tinin Siverdlovski \u015f\u0259h\u0259rind\u0259 yerl\u0259\u015f\u0259n h\u0259rbi hiss\u0259sind\u0259 m\u00fcddd\u0259tli h\u0259qqi h\u0259rbi xidm\u0259td\u0259 olmu\u015fdur.<\/p>\n\n\n\n<figure class=\"wp-block-image size-large\"><img loading=\"lazy\" decoding=\"async\" width=\"720\" height=\"867\" src=\"http:\/\/veteran.az\/wp-content\/uploads\/2022\/09\/xr.jpg\" alt=\"\" class=\"wp-image-18293\" srcset=\"https:\/\/veteran.az\/wp-content\/uploads\/2022\/09\/xr.jpg 720w, https:\/\/veteran.az\/wp-content\/uploads\/2022\/09\/xr-249x300.jpg 249w\" sizes=\"auto, (max-width: 720px) 100vw, 720px\" \/><\/figure>\n\n\n\n<p>O, t\u0259hsilini ba\u015fa vurduqdan sonra, 1983 -1986- c\u0131 ill\u0259rd\u0259 Ab\u015feron rayon x\u0259st\u0259xanas\u0131nda u\u015faq h\u0259kimi, 1987-1988 -ci ill\u0259rd\u0259 Ab\u015feron rayon S\u0259hiyy\u0259 \u015e\u00f6b\u0259sinin r\u0259isinin birinci m\u00fcavini v\u0259zif\u0259sind\u0259 \u00e7al\u0131\u015f\u0131b.<\/p>\n\n\n\n<p>1988-ci ild\u0259n etibar\u0259n Bak\u0131 \u015f\u0259h\u0259rind\u0259 f\u0259aliyy\u0259t g\u00f6st\u0259r\u0259n Qaraba\u011f Xalq Yard\u0131m\u0131 Komit\u0259sinin mandat komissiyas\u0131n\u0131n t\u0259rkibind\u0259 Ab\u015feron rayon n\u00fcmay\u0259nd\u0259si kimi Da\u011fl\u0131q Qaraba\u011fda Xank\u0259ndind\u0259 olub. O, burada 3 k\u0259ndin-Me\u015f\u0259li, Qaralar v\u0259 C\u0259milli k\u0259ndl\u0259rinin m\u00fcdafi\u0259sinin t\u0259\u015fkil edilm\u0259sind\u0259 yax\u0131ndan i\u015ftirak edib v\u0259 yerli \u0259haliy\u0259 tibbi yard\u0131m g\u00f6st\u0259rib.<\/p>\n\n\n\n<p>Tibb Xidm\u0259ti polkovnik leytenant\u0131 \u018fl\u0259ddin \u0130smay\u0131lov 1992- ci ild\u0259n \u2014 2014-c\u00fc ilin sonunad\u0259k Daxili \u0130\u015fl\u0259r Nazirliyinin Daxili Qo\u015funlar\u0131n\u0131n Ba\u015f \u0130dar\u0259sinin D\u00f6y\u00fc\u015f b\u00f6lg\u0259l\u0259rind\u0259, G\u0259nc\u0259 \u015f\u0259h\u0259rind\u0259, Qarada\u011f v\u0259 N\u0259rimanov rayonlar\u0131nda yerl\u0259\u015f\u0259n h\u0259rbi hiss\u0259l\u0259rd\u0259 (h\u0259rbi hospitalda) tibb xidm\u0259t r\u0259isi, h\u0259rbi hospital\u0131n\u0131n birinci terapiya \u015f\u00f6b\u0259sind\u0259 ba\u015f ordinator, DQB\u0130- nin h\u0259rbi hospitalnda Reabilitasiya \u015f\u00f6b\u0259sinin r\u0259isi, Daxili Qo\u015funlar\u0131n Bas \u0130dar\u0259sinin Tibb \u015f\u00f6b\u0259sind\u0259 is\u0259 tibb xidm\u0259ti \u00fczr\u0259 ba\u015f zabit v\u0259zif\u0259sind\u0259 xidm\u0259t edib.<\/p>\n\n\n\n<p>\u018fl\u0259ddin Pa\u015fa o\u011flu \u0130smay\u0131lov A\u011fd\u0259r\u0259 d\u00f6y\u00fc\u015f b\u00f6lg\u0259sin\u0259 yola d\u00fc\u015f\u0259n G\u0259nc\u0259 alay\u0131n\u0131n t\u0259rkibind\u0259 \u00f6n m\u00f6vqed\u0259 d\u00fc\u015fm\u0259nl\u0259 \u00fcz-\u00fcz\u0259 dayanaraq, burada c\u0259sur d\u00f6y\u00fc\u015f\u00e7\u00fc o\u011fullar\u0131m\u0131zala \u00e7iyin-\u00e7iyin\u0259 d\u00fc\u015fm\u0259n\u0259 qar\u015f\u0131 m\u0259rdlikl\u0259 m\u00fcbariz\u0259 aparm\u0131\u015f v\u0259 h\u0259md\u0259 yaral\u0131 d\u00f6y\u00fc\u015f\u00e7ul\u0259rin m\u00fcalic\u0259si il\u0259 m\u0259\u015f\u011ful olmu\u015fdur.<\/p>\n\n\n\n<p>O,1993 -c\u00fc ilin yanvar ayinin 15- d\u0259 S\u0131rxav\u0259nd u\u011frunda ged\u0259n d\u00f6y\u00fc\u015fl\u0259rd\u0259 yaral\u0131lar\u0131 d\u00f6y\u00fc\u015f meydan\u0131ndan uzaqla\u015fd\u0131r\u0131b onlara ilk tibbi yard\u0131m ed\u0259rk\u0259n, d\u00fc\u015fm\u0259nin \u00abQrad\u00bbm\u0259rmiisinin t\u0259sirind\u0259n a\u011f\u0131r-k\u0259ll\u0259 beyin z\u0259d\u0259si alm\u0131\u015fd\u0131r.<\/p>\n\n\n\n<p>\u018fl\u0259ddin h\u0259kim sa\u011fald\u0131qdan sonra yenid\u0259n \u00f6n c\u0259bh\u0259y\u0259 qay\u0131daraq, yaral\u0131lar\u0131n tibbi yard\u0131m\u0131n\u0131 t\u0259min etmi\u015fdir. O, 1993-c\u00fc ilin dekabr ay\u0131n\u0131n 28 -d\u0259 Daxili Qo\u015funlar\u0131n, Polis v\u0259 Yan\u011f\u0131ndan M\u00fchafiz\u0259 qurupla\u015fmas\u0131n\u0131n F\u00fczuli rayonun \u0259razi b\u00fct\u00f6vl\u00fcy\u00fc u\u011frunda ged\u0259n d\u00f6y\u00fc\u015fl\u0259rd\u0259 i\u015ftirak\u0131 zaman\u0131 \u018fhm\u0259db\u0259yli k\u0259ndind\u0259 t\u0259\u015fkil edil\u0259n S\u0259hra h\u0259rbi lazaretin\u0259 r\u0259is t\u0259yin edilmi\u015f v\u0259 burada o, y\u00fczl\u0259rl\u0259 yaral\u0131lara, x\u0259st\u0259l\u0259r\u0259 ilkin tibbi yard\u0131m g\u00f6st\u0259rmi\u015fdir<\/p>\n\n\n\n<p>\u018fl\u0259ddin Pa\u015fa o\u011flu Ismay\u0131lov Pe\u015f\u0259karl\u0131\u011f\u0131 v\u0259 humanistliyi il\u0259 secil\u0259n \u0259n m\u0259hsuldar d\u00f6vr\u00fcn\u00fcn 33 ild\u0259n \u00e7ox \u015f\u0259r\u0259fli xidm\u0259ti yolunun s\u0259kkiz ilini S\u0259hiyy\u0259 Nazirliyinin Tibb m\u00fc\u0259ssis\u0259l\u0259rind\u0259, iyrimi be\u015f ilini is\u0259 h\u0259rbi xidm\u0259td\u0259 kecir\u0259r\u0259k, V\u0259t\u0259n\u0259, D\u00f6vl\u0259t\u0259 v\u0259 xalqa s\u0259daq\u0259tl\u0259 xidm\u0259t etmi\u015fdir.<\/p>\n\n\n\n<figure class=\"wp-block-image size-large\"><img decoding=\"async\" src=\"http:\/\/veteran.az\/wp-content\/uploads\/2022\/09\/x7.jpg\" alt=\"\" class=\"wp-image-18294\"\/><\/figure>\n\n\n\n<p>Ehtiyyatda olan tibb xidm\u0259ti polkovnik leytenant \u0130smay\u0131lov \u018fl\u0259ddin Pa\u015fa o\u011flu Daxili Qo\u015funlar\u0131n Ba\u015f idar\u0259sind\u0259 v\u0259 h\u0259rbi hiss\u0259l\u0259rind\u0259 (h\u0259rbi hospitalnda ) xidm\u0259t etdiyi ill\u0259r \u0259rzind\u0259 Az\u0259rbaycan Respublikas\u0131 Konstitusiyas\u0131na v\u0259 qanunlar\u0131na, h\u0259rbi nizamnam\u0259l\u0259rin, h\u0259rbi and\u0131n (h\u0259kim and\u0131n) Daxili Qo\u015funlar\u0131n Bas \u0130dar\u0259sinin Tibb \u015f\u00f6b\u0259si v\u0259 h\u0259rbi hospital\u0131 haqq\u0131nda \u0259sasnam\u0259l\u0259rin, m\u00fcvafiq t\u0259limatlar\u0131n t\u0259l\u0259bl\u0259rin\u0259 v\u0259 v\u0259zif\u0259 borcuna \u0259m\u0259l etm\u0259kd\u0259 tabeliyind\u0259kil\u0259r v\u0259 b\u00fct\u00fcn h\u0259rbi qulluq\u00e7ular \u00fcc\u00fcn n\u00fcmn\u0259 olmu\u015fdur.<\/p>\n\n\n\n<p>Tibb Xidm\u0259ti polkovnik- leytenant\u0131 \u018fl\u0259ddin \u0130smay\u0131lov Daxili \u0130\u015fl\u0259r Nazirliyinin Ba\u015f \u0130dar\u0259sind\u0259 v\u0259 h\u0259rbi hiss\u0259l\u0259rind\u0259 (h\u0259rbi hospital\u0131nda) xidm\u0259 etdiyi ill\u0259r \u0259rzind\u0259 Daxili Qo\u015funlar\u0131n Ba\u015f \u0130dar\u0259sinin v\u0259 h\u0259rbi hiss\u0259l\u0259rin t\u0259dris d\u00f6vru \u00fc\u00e7\u00fcn d\u00f6y\u00fc\u015f v\u0259 ictimai s\u0131yas\u0131 haz\u0131rl\u0131\u011f plana v\u0259 m\u00f6vcud t\u0259dris proqramlarna \u0259s\u0259n ixtisas haz\u0131rl\u0131\u011f\u0131 \u00fczr\u0259 Zabitl\u0259rl\u0259, gizir v\u0259 m\u00fcdd\u0259td\u0259n art\u0131q xidm\u0259t ed\u0259n h\u0259rbi qulluq\u00e7ularla, \u0259sg\u0259r v\u0259 \u00e7avu\u015flarla, tibb xidm\u0259ti \u00fczr\u0259 ki\u00e7ik m\u00fct\u0259x\u0259ssisl\u0259rl\u0259 ke\u00e7iril\u0259n m\u0259\u015f\u011f\u0259l\u0259l\u0259rin v\u0259 m\u0259\u015fql\u0259rin, metodiki t\u0259lim toplan\u0131\u015flar\u0131n\u0131n keyfiyy\u0259ti il\u0259 ke\u00e7irilm\u0259sin\u0259, tibb xidm\u0259ti \u00fczr\u0259 h\u0259rbi hiss\u0259d\u0259 marifi i\u015fl\u0259rin apar\u0131lmas\u0131na, h\u0259rbi hiss\u0259d\u0259 yekun v\u0259 m\u0259qs\u0259dli yoxlamalar zaman\u0131 a\u015fkar edilmi\u015f n\u00f6qsanlar\u0131n aradan qald\u0131r\u0131lmas\u0131na m\u0259suliyy\u0259tl\u0259 yana\u015fm\u0131\u015fd\u0131r.<\/p>\n\n\n\n<p>Daxili \u0130\u015fl\u0259r Nazirliyinin Daxili Qo\u015funlar\u0131n\u0131n Ba\u015f idar\u0259sin\u0259 v\u0259 xidm\u0259t etdiyi Sah\u0259y\u0259 h\u0259val\u0259 edilmis v\u0259zif\u0259l\u0259rin yerin\u0259 yetirilm\u0259sind\u0259, silahl\u0131 d\u0259st\u0259l\u0259rin z\u0259r\u0259rsizl\u0259\u015fdirilm\u0259sind\u0259, t\u0259rksilah edilm\u0259sind\u0259, ictimai t\u0259hl\u00fck\u0259sizliyin t\u0259min edilm\u0259sind\u0259 v\u0259 qorumas\u0131nda, Az\u0259rbaycan\u0131n \u0259razi b\u00fct\u00f6vl\u00fcy\u00fc u\u011frunda ged\u0259n d\u00f6y\u00fc\u015fl\u0259rd\u0259 v\u0259 x\u00fcsusi \u0259m\u0259liyyatlarda f\u0259riql\u0259ndiyin\u0259 g\u00f6r\u0259 ona Az\u0259rbaycan Respublikas\u0131n\u0131n Prezidentinin m\u00fcvafiq s\u0259r\u0259ncam\u0131 il\u0259 \u00abH\u0259rbi xidm\u0259tl\u0259r\u0259 g\u00f6r\u0259 \u00abmedal\u0131na layiq g\u00f6r\u00fcl\u00fcb.<\/p>\n\n\n\n<p>M\u00fcharib\u0259 v\u0259 Silahl\u0131 Q\u00fcvv\u0259l\u0259r Veteran\u0131 ehtiyyatda olan tibb xidm\u0259ti polkovnik -leytenant\u0131 \u0130smay\u0131lov \u018fl\u0259ddin Pa\u015fa o\u011flu Daxili Qo\u015funlarda xidm\u0259t etdiyi ill\u0259r \u0259rzind\u0259 Daxili \u0130\u015fl\u0259r Nazirinin, Daxili Qo\u015funlar Komandan\u0131n v\u0259 onun m\u00fcavinl\u0259rinin, Daxili Qo\u015funlar\u0131n Bas \u0130dar\u0259sinin Tibb \u015f\u00f6b\u0259 r\u0259isinin, h\u0259rbi hiss\u0259 komandirinin (hospital r\u0259isinin) v\u0259 onlar\u0131n m\u00fcavinl\u0259rinin m\u00fcvafiq \u0259mrl\u0259ri il\u0259 h\u0259v\u0259sl\u0259ndirm\u0259 qaydas\u0131nda o,bir s\u0131ra medallarla, \u0259la xidm\u0259tl\u0259r\u0259 g\u00f6r\u0259 d\u00f6\u015f v\u0259 yubley nisanlar\u0131 il\u0259, f\u0259xri f\u0259rmanlarla, pul m\u00fckafatlar\u0131 il\u0259, qiym\u0259tli h\u0259diyy\u0259l\u0259rl\u0259 m\u00fckafatland\u0131rl\u0131b v\u0259 ona t\u0259\u015f\u0259kk\u00fcr elan edilib.<\/p>\n\n\n\n<p>Y\u00fcks\u0259k insani keyfiyy\u0259tl\u0259r\u0259 v\u0259 kamil h\u0259kimlik pe\u015f\u0259sin\u0259 qadir \u018fl\u0259ddin h\u0259kim sa\u011flaml\u0131q b\u0259x\u015f etdiyi insanlar\u0131n \u00f6mr\u00fcnd\u0259 v\u0259 \u015f\u0259r\u0259fli h\u0259kim pe\u015f\u0259sinin tarixind\u0259 ya\u015fayacaq.<\/p>\n\n\n\n<p><strong>DO\u011eUM G\u00dcN\u00dcN M\u00dcBAR\u018fK OLSUN, \u018fL\u018fDD\u0130N H\u018fK\u0130M!<\/strong><\/p>\n\n\n\n<p><strong>DA\u0130MA XO\u015eB\u018fXT V\u018f F\u0130RAVAN YA\u015eA!<\/strong><\/p>\n\n\n\n<p><strong>\u00d6MR\u00dcN UZUN OLSUN, 100 YA\u015eA!<\/strong><\/p>\n\n\n\n<p><strong>D\u0259rin h\u00f6rm\u0259tl\u0259, Az\u0259rbaycan V\u0259t\u0259n M\u00fcharib\u0259si Veteranlar\u0131 \u0130ctimai Birliyinin s\u0259dr m\u00fcavini polkovnik Salman Musayev<\/strong><\/p>\n\n\n\n<figure class=\"wp-block-gallery columns-2 is-cropped wp-block-gallery-2 is-layout-flex wp-block-gallery-is-layout-flex\"><ul class=\"blocks-gallery-grid\"><li class=\"blocks-gallery-item\"><figure><img decoding=\"async\" src=\"http:\/\/veteran.az\/wp-content\/uploads\/2022\/09\/x4.jpg\" alt=\"\" data-id=\"18295\" data-full-url=\"http:\/\/veteran.az\/wp-content\/uploads\/2022\/09\/x4.jpg\" data-link=\"http:\/\/veteran.az\/?attachment_id=18295\" class=\"wp-image-18295\"\/><\/figure><\/li><li class=\"blocks-gallery-item\"><figure><img decoding=\"async\" src=\"http:\/\/veteran.az\/wp-content\/uploads\/2022\/08\/8265a327389da9fe4fdc2714b309120e-1-1-2-1-2.jpg\" alt=\"\" data-id=\"17883\" data-full-url=\"http:\/\/veteran.az\/wp-content\/uploads\/2022\/08\/8265a327389da9fe4fdc2714b309120e-1-1-2-1-2.jpg\" data-link=\"http:\/\/veteran.az\/?attachment_id=17883\" class=\"wp-image-17883\"\/><\/figure><\/li><\/ul><\/figure>\n\n\n\n<p><\/p>\n","protected":false},"excerpt":{"rendered":"<p>AVMV\u0130B r\u0259hb\u0259rliyi v\u0259 Az\u0259rbaycan V\u0259t\u0259n M\u00fcharib\u0259si Veteranlar\u0131 \u0130ctimai Birliyinin s\u0259dr m\u00fcavini polkovnik Salman Musayev M\u00fcharib\u0259&#8230;<\/p>\n","protected":false},"author":3,"featured_media":18296,"comment_status":"closed","ping_status":"closed","sticky":false,"template":"","format":"standard","meta":{"footnotes":""},"categories":[12],"tags":[],"class_list":["post-18290","post","type-post","status-publish","format-standard","has-post-thumbnail","hentry","category-veteran"],"featured_image_urls":{"full":["https:\/\/veteran.az\/wp-content\/uploads\/2022\/09\/x3-1.jpg",719,464,false],"thumbnail":["https:\/\/veteran.az\/wp-content\/uploads\/2022\/09\/x3-1-150x150.jpg",150,150,true],"medium":["https:\/\/veteran.az\/wp-content\/uploads\/2022\/09\/x3-1-300x194.jpg",300,194,true],"medium_large":["https:\/\/veteran.az\/wp-content\/uploads\/2022\/09\/x3-1.jpg",640,413,false],"large":["https:\/\/veteran.az\/wp-content\/uploads\/2022\/09\/x3-1.jpg",640,413,false],"1536x1536":["https:\/\/veteran.az\/wp-content\/uploads\/2022\/09\/x3-1.jpg",719,464,false],"2048x2048":["https:\/\/veteran.az\/wp-content\/uploads\/2022\/09\/x3-1.jpg",719,464,false],"covernews-slider-full":["https:\/\/veteran.az\/wp-content\/uploads\/2022\/09\/x3-1.jpg",719,464,false],"covernews-slider-center":["https:\/\/veteran.az\/wp-content\/uploads\/2022\/09\/x3-1.jpg",719,464,false],"covernews-featured":["https:\/\/veteran.az\/wp-content\/uploads\/2022\/09\/x3-1.jpg",719,464,false],"covernews-medium":["https:\/\/veteran.az\/wp-content\/uploads\/2022\/09\/x3-1-719x380.jpg",540,285,true],"covernews-medium-square":["https:\/\/veteran.az\/wp-content\/uploads\/2022\/09\/x3-1-675x450.jpg",375,250,true]},"author_info":{"display_name":"Veteran.az","author_link":"https:\/\/veteran.az\/?author=3"},"category_info":"<a href=\"https:\/\/veteran.az\/?cat=12\" rel=\"category\">Veteran d\u00fcnyas\u0131<\/a>","tag_info":"Veteran d\u00fcnyas\u0131","comment_count":"0","_links":{"self":[{"href":"https:\/\/veteran.az\/index.php?rest_route=\/wp\/v2\/posts\/18290","targetHints":{"allow":["GET"]}}],"collection":[{"href":"https:\/\/veteran.az\/index.php?rest_route=\/wp\/v2\/posts"}],"about":[{"href":"https:\/\/veteran.az\/index.php?rest_route=\/wp\/v2\/types\/post"}],"author":[{"embeddable":true,"href":"https:\/\/veteran.az\/index.php?rest_route=\/wp\/v2\/users\/3"}],"replies":[{"embeddable":true,"href":"https:\/\/veteran.az\/index.php?rest_route=%2Fwp%2Fv2%2Fcomments&post=18290"}],"version-history":[{"count":1,"href":"https:\/\/veteran.az\/index.php?rest_route=\/wp\/v2\/posts\/18290\/revisions"}],"predecessor-version":[{"id":18297,"href":"https:\/\/veteran.az\/index.php?rest_route=\/wp\/v2\/posts\/18290\/revisions\/18297"}],"wp:featuredmedia":[{"embeddable":true,"href":"https:\/\/veteran.az\/index.php?rest_route=\/wp\/v2\/media\/18296"}],"wp:attachment":[{"href":"https:\/\/veteran.az\/index.php?rest_route=%2Fwp%2Fv2%2Fmedia&parent=18290"}],"wp:term":[{"taxonomy":"category","embeddable":true,"href":"https:\/\/veteran.az\/index.php?rest_route=%2Fwp%2Fv2%2Fcategories&post=18290"},{"taxonomy":"post_tag","embeddable":true,"href":"https:\/\/veteran.az\/index.php?rest_route=%2Fwp%2Fv2%2Ftags&post=18290"}],"curies":[{"name":"wp","href":"https:\/\/api.w.org\/{rel}","templated":true}]}}