{"id":18269,"date":"2022-09-01T01:50:21","date_gmt":"2022-08-31T21:50:21","guid":{"rendered":"http:\/\/veteran.az\/?p=18269"},"modified":"2022-09-01T01:50:24","modified_gmt":"2022-08-31T21:50:24","slug":"z%c9%99rdabda-icra-bascisi-m%c9%99rdan-camalov-xususi-t%c9%99yinatli-quvv%c9%99l%c9%99rin-qazisini-t%c9%99hqir-etdi","status":"publish","type":"post","link":"https:\/\/veteran.az\/?p=18269","title":{"rendered":"Z\u0259rdabda \u0130cra ba\u015f\u00e7\u0131s\u0131 M\u0259rdan Camalov X\u00fcsusi T\u0259yinatl\u0131 Q\u00fcvv\u0259l\u0259rin qazisini t\u0259hqir etdi"},"content":{"rendered":"\n<p><strong>16 il Az\u0259rbaycan\u00a0X\u00fcsusi T\u0259yinatl\u0131 Q\u00fcvv\u0259l\u0259rind\u0259 xidm\u0259t ed\u0259n, 44 g\u00fcnl\u00fck V\u0259t\u0259n M\u00fcharib\u0259sind\u0259 qazi olan Cavid H\u0259s\u0259novun sosial \u015f\u0259b\u0259k\u0259d\u0259 \u015fok m\u00fcraci\u0259ti yay\u0131l\u0131b. Qazi bildirib ki, Z\u0259rdab rayon \u0130cra Hakimiyy\u0259tinin ba\u015f\u00e7\u0131s\u0131 M\u0259rdan Camalov onu t\u0259hqir edib. Qazinin sosial \u015f\u0259b\u0259k\u0259d\u0259 yazd\u0131\u011f\u0131 statusu t\u0259qdim edirik:<\/strong><\/p>\n\n\n\n<p>\u201cM\u0259n H\u0259s\u0259nov Cavid Sahib o\u011flu, 16 il\u0259 yax\u0131n X\u00fcsusi T\u0259yinatl\u0131da xidm\u0259t etmi\u015f\u0259m, V\u0259t\u0259n M\u00fcharib\u0259sind\u0259 yaralanaraq qazi olmu\u015fam. Bu il avqustun 22-d\u0259 sakini oldu\u011fum Z\u0259rdab rayonunun icra ba\u015f\u00e7\u0131s\u0131 M\u0259rdan Camalovun q\u0259buluna getdim. M\u0259ni q\u0259bul etdiyi \u00fc\u00e7\u00fcn icra ba\u015f\u00e7\u0131s\u0131na t\u0259\u015f\u0259kk\u00fcr etdim v\u0259 bildirdim ki, m\u0259n\u0259 k\u0259nd t\u0259s\u0259rr\u00fcfat\u0131 il\u0259 m\u0259\u015f\u011ful olmaq \u00fc\u00e7\u00fcn torpaq ayr\u0131lmas\u0131n\u0131 xahi\u015f edir\u0259m. C\u0259nab M\u0259rdan Camalov m\u0259ni he\u00e7 dinl\u0259m\u0259k d\u0259 ist\u0259m\u0259di v\u0259 s\u00f6z\u00fcm\u00fc kobud \u015f\u0259kild\u0259 k\u0259sib ba\u015flad\u0131 deyinm\u0259y\u0259. \u201cHam\u0131n\u0131z \u00fcst\u00fcm\u0259 g\u0259lirsiniz, el\u0259 bil bura bankd\u0131r, m\u0259n pul paylayanam?!\u201d \u2013 bu c\u00fcr s\u00f6zl\u0259rl\u0259 m\u0259ni ac\u0131lama\u011fa ba\u015flad\u0131. Daha sonra yan\u0131ndak\u0131 k\u00f6m\u0259k\u00e7isin\u0259 \u00fcz tutaraq bildirdi ki, bunun s\u0259n\u0259dl\u0259rini ara\u015fd\u0131r\u0131n, \u00fcmumiyy\u0259tl\u0259 bu kimdir, haran\u0131n qazisidir.<\/p>\n\n\n\n<p><br>Dedim ki, m\u0259n bura dil\u0259nm\u0259y\u0259 g\u0259lm\u0259mi\u015f\u0259m. 2 ildir m\u00fcharib\u0259 bitib v\u0259 m\u0259n h\u0259m \u0259lil\u0259m, h\u0259m onkoloji x\u0259st\u0259y\u0259m. Sosial \u00f6d\u0259ni\u015fl\u0259rl\u0259 ail\u0259mi doland\u0131ra bilm\u0259diyim \u00fc\u00e7\u00fcn torpaq g\u00f6t\u00fcr\u00fcb \u0259kin-bi\u00e7inl\u0259 m\u0259\u015f\u011ful olmaq ist\u0259yir\u0259m. Buna m\u0259nim haqq\u0131m var. \u0130cra ba\u015f\u00e7\u0131s\u0131 m\u0259ni he\u00e7 dinl\u0259m\u0259di, torpaq-filan yoxdur, s\u0259n\u0259dl\u0259rini g\u0259tir 100-200 manat ver\u0259rik \u2013 deyib otaqdan \u00e7\u0131xd\u0131.<\/p>\n\n\n\n<p><br>\u0130cra ba\u015f\u00e7\u0131s\u0131n\u0131n qazi v\u0259 \u015f\u0259hid ail\u0259l\u0259ri il\u0259 i\u015f \u00fczr\u0259 k\u00f6m\u0259k\u00e7isi zinhar m\u00fc\u0259llim is\u0259 m\u0259nim 20 il\u0259 yax\u0131nd\u0131r rayonda ya\u015famad\u0131\u011f\u0131m\u0131 dey\u0259r\u0259k guya m\u0259nim haqs\u0131z oldu\u011fumu bildirdi. Dedim ki, m\u0259nim rayonda ya\u015famama\u011f\u0131m t\u0259biidir, \u00e7\u00fcnki m\u0259n 16 il XTD-d\u0259 xidm\u0259t etmi\u015f\u0259m. Siz rayon r\u0259hb\u0259rliyi olaraq he\u00e7 \u00f6z sakinl\u0259riniz olan qazil\u0259rl\u0259rl\u0259 maraqlanm\u0131s\u0131n\u0131z? M\u0259n 2 ildir qaziy\u0259m v\u0259 yaral\u0131, a\u011f\u0131r v\u0259ziyy\u0259td\u0259 oldu\u011fum zaman Z\u0259rdab rayonunun n\u0259 icra hakimiyy\u0259ti, n\u0259 deputat\u0131 m\u0259niml\u0259 maraqlanmay\u0131b. Yaln\u0131z rayonun polis \u015f\u00f6b\u0259sinin r\u0259isi c\u0259nab Az\u0259r \u018ff\u0259ndiyev m\u0259niml\u0259 dan\u0131\u015f\u0131b, m\u00fc\u0259yy\u0259n k\u00f6m\u0259klik g\u00f6st\u0259rib. Bunlar\u0131 dey\u0259nd\u0259 icra ba\u015f\u00e7\u0131s\u0131n\u0131n k\u00f6m\u0259k\u00e7isi dedi ki, s\u0259n g\u0259r\u0259k z\u0259hm\u0259t \u00e7\u0259kib s\u0259n\u0259dl\u0259rinl\u0259 biz\u0259 m\u00fcraci\u0259t ed\u0259rdin. Ona dedim ki, ax\u0131 m\u0259n yataq x\u0259st\u0259si olaraq nec\u0259 g\u0259l\u0259 bil\u0259rdim bura? M\u0259niml\u0259 maraqlanmaq sizin i\u015finizdir ax\u0131. <\/p>\n\n\n\n<p>C\u0259nab Prezident bunu icra ba\u015f\u00e7\u0131lar\u0131na d\u0259f\u0259l\u0259rl\u0259 tap\u015f\u0131r\u0131b.<\/p>\n\n\n\n<p><br>Son olaraq icra ba\u015f\u00e7\u0131s\u0131n\u0131n k\u00f6m\u0259k\u00e7isi dedi ki, s\u0259n\u0259 torpaq ver\u0259 bilm\u0259rik, s\u0259n\u0259dl\u0259rini g\u0259tir s\u0259n\u0259 100-200 manat yard\u0131m ver\u0259rik. M\u0259n sanki dil\u0259n\u00e7iy\u0259m kimi davrand\u0131 v\u0259 dem\u0259k olar ki, m\u0259ni qovdu. Dedim ki, m\u0259n\u0259 olan bu m\u00fcnasib\u0259tiniz do\u011fru deyil v\u0259 m\u0259n bununla ba\u011fl\u0131 c\u0259nab Prezident\u0259, ictimaiyy\u0259t\u0259 m\u00fcraci\u0259t ed\u0259c\u0259m. O he\u00e7 narahat da olmad\u0131 v\u0259 g\u00f6r\u00fc\u015f bel\u0259c\u0259 bitdi. Rayonda ya\u015fayanlar bilir ki, Z\u0259rdab\u0131n dem\u0259k olar ki, b\u00fct\u00fcn k\u0259ndl\u0259rdind\u0259, el\u0259c\u0259 d\u0259 m\u0259nim qeydiyyatda oldu\u011fum Otmanoba k\u0259ndind\u0259 torpaqlar\u0131 icra ba\u015f\u00e7\u0131s\u0131 v\u0259 yax\u0131nlar\u0131 z\u0259bt edib, \u0259kibl\u0259r. <\/p>\n\n\n\n<p>\u0130nan\u0131ram ki, Z\u0259rdab rayonunda icra hakimiyy\u0259tinin bu \u00f6zba\u015f\u0131nal\u0131\u011f\u0131na son qoyulacaq. C\u0259nab Prezidentin qazi v\u0259 \u015f\u0259hid ail\u0259l\u0259rin\u0259 qay\u011f\u0131 il\u0259 ba\u011fl\u0131 verdiyi tap\u015f\u0131r\u0131qlar\u0131 he\u00e7\u0259 sayan m\u0259murlar \u00f6z c\u0259zas\u0131n\u0131 alacaq.\u201d<\/p>\n\n\n\n<p>M\u0259nb\u0259: Alp.az<\/p>\n","protected":false},"excerpt":{"rendered":"<p>16 il Az\u0259rbaycan\u00a0X\u00fcsusi T\u0259yinatl\u0131 Q\u00fcvv\u0259l\u0259rind\u0259 xidm\u0259t ed\u0259n, 44 g\u00fcnl\u00fck V\u0259t\u0259n M\u00fcharib\u0259sind\u0259 qazi olan Cavid H\u0259s\u0259novun&#8230;<\/p>\n","protected":false},"author":3,"featured_media":18270,"comment_status":"closed","ping_status":"closed","sticky":false,"template":"","format":"standard","meta":{"footnotes":""},"categories":[6],"tags":[],"class_list":["post-18269","post","type-post","status-publish","format-standard","has-post-thumbnail","hentry","category-cmiyyt"],"featured_image_urls":{"full":["https:\/\/veteran.az\/wp-content\/uploads\/2022\/09\/media-301380100_158275346860279_5342579461713206130_n-exrh0cg9iafz5n8tjpk2-620x326-1.jpg",620,326,false],"thumbnail":["https:\/\/veteran.az\/wp-content\/uploads\/2022\/09\/media-301380100_158275346860279_5342579461713206130_n-exrh0cg9iafz5n8tjpk2-620x326-1-150x150.jpg",150,150,true],"medium":["https:\/\/veteran.az\/wp-content\/uploads\/2022\/09\/media-301380100_158275346860279_5342579461713206130_n-exrh0cg9iafz5n8tjpk2-620x326-1-300x158.jpg",300,158,true],"medium_large":["https:\/\/veteran.az\/wp-content\/uploads\/2022\/09\/media-301380100_158275346860279_5342579461713206130_n-exrh0cg9iafz5n8tjpk2-620x326-1.jpg",620,326,false],"large":["https:\/\/veteran.az\/wp-content\/uploads\/2022\/09\/media-301380100_158275346860279_5342579461713206130_n-exrh0cg9iafz5n8tjpk2-620x326-1.jpg",620,326,false],"1536x1536":["https:\/\/veteran.az\/wp-content\/uploads\/2022\/09\/media-301380100_158275346860279_5342579461713206130_n-exrh0cg9iafz5n8tjpk2-620x326-1.jpg",620,326,false],"2048x2048":["https:\/\/veteran.az\/wp-content\/uploads\/2022\/09\/media-301380100_158275346860279_5342579461713206130_n-exrh0cg9iafz5n8tjpk2-620x326-1.jpg",620,326,false],"covernews-slider-full":["https:\/\/veteran.az\/wp-content\/uploads\/2022\/09\/media-301380100_158275346860279_5342579461713206130_n-exrh0cg9iafz5n8tjpk2-620x326-1.jpg",620,326,false],"covernews-slider-center":["https:\/\/veteran.az\/wp-content\/uploads\/2022\/09\/media-301380100_158275346860279_5342579461713206130_n-exrh0cg9iafz5n8tjpk2-620x326-1.jpg",620,326,false],"covernews-featured":["https:\/\/veteran.az\/wp-content\/uploads\/2022\/09\/media-301380100_158275346860279_5342579461713206130_n-exrh0cg9iafz5n8tjpk2-620x326-1.jpg",620,326,false],"covernews-medium":["https:\/\/veteran.az\/wp-content\/uploads\/2022\/09\/media-301380100_158275346860279_5342579461713206130_n-exrh0cg9iafz5n8tjpk2-620x326-1.jpg",540,284,false],"covernews-medium-square":["https:\/\/veteran.az\/wp-content\/uploads\/2022\/09\/media-301380100_158275346860279_5342579461713206130_n-exrh0cg9iafz5n8tjpk2-620x326-1.jpg",400,210,false]},"author_info":{"display_name":"Veteran.az","author_link":"https:\/\/veteran.az\/?author=3"},"category_info":"<a href=\"https:\/\/veteran.az\/?cat=6\" rel=\"category\">C\u0259miyy\u0259t<\/a>","tag_info":"C\u0259miyy\u0259t","comment_count":"0","_links":{"self":[{"href":"https:\/\/veteran.az\/index.php?rest_route=\/wp\/v2\/posts\/18269","targetHints":{"allow":["GET"]}}],"collection":[{"href":"https:\/\/veteran.az\/index.php?rest_route=\/wp\/v2\/posts"}],"about":[{"href":"https:\/\/veteran.az\/index.php?rest_route=\/wp\/v2\/types\/post"}],"author":[{"embeddable":true,"href":"https:\/\/veteran.az\/index.php?rest_route=\/wp\/v2\/users\/3"}],"replies":[{"embeddable":true,"href":"https:\/\/veteran.az\/index.php?rest_route=%2Fwp%2Fv2%2Fcomments&post=18269"}],"version-history":[{"count":1,"href":"https:\/\/veteran.az\/index.php?rest_route=\/wp\/v2\/posts\/18269\/revisions"}],"predecessor-version":[{"id":18271,"href":"https:\/\/veteran.az\/index.php?rest_route=\/wp\/v2\/posts\/18269\/revisions\/18271"}],"wp:featuredmedia":[{"embeddable":true,"href":"https:\/\/veteran.az\/index.php?rest_route=\/wp\/v2\/media\/18270"}],"wp:attachment":[{"href":"https:\/\/veteran.az\/index.php?rest_route=%2Fwp%2Fv2%2Fmedia&parent=18269"}],"wp:term":[{"taxonomy":"category","embeddable":true,"href":"https:\/\/veteran.az\/index.php?rest_route=%2Fwp%2Fv2%2Fcategories&post=18269"},{"taxonomy":"post_tag","embeddable":true,"href":"https:\/\/veteran.az\/index.php?rest_route=%2Fwp%2Fv2%2Ftags&post=18269"}],"curies":[{"name":"wp","href":"https:\/\/api.w.org\/{rel}","templated":true}]}}