{"id":18253,"date":"2022-08-31T02:37:37","date_gmt":"2022-08-30T22:37:37","guid":{"rendered":"http:\/\/veteran.az\/?p=18253"},"modified":"2022-08-31T02:37:38","modified_gmt":"2022-08-30T22:37:38","slug":"abs-silah-verir-ukrayna-azad-edir-cnn","status":"publish","type":"post","link":"https:\/\/veteran.az\/?p=18253","title":{"rendered":"AB\u015e silah verir, Ukrayna azad edir &#8212; CNN"},"content":{"rendered":"\n<p><strong>Bir ne\u00e7\u0259 ayd\u0131r ki, AB\u015e Prezidenti Co Bayden administrasiyas\u0131 c\u0259nub b\u00f6lg\u0259l\u0259rini b\u00f6y\u00fck \u0259ks-h\u00fccumla ruslardan azad etm\u0259k \u00fc\u00e7\u00fcn Ukraynaya silah verir.<\/strong><\/p>\n\n\n\n<p>Bunu CNN A\u011f Evin ad\u0131n\u0131n \u00e7\u0259kilm\u0259sini ist\u0259m\u0259y\u0259n n\u00fcmay\u0259nd\u0259sin\u0259 istinad\u0259n m\u0259lumat yay\u0131b.<\/p>\n\n\n\n<p>O bildirib ki, Ukrayna AB\u015e-dan c\u0259nubda \u0259ks-h\u00fccum \u00fc\u00e7\u00fcn x\u00fcsusi olaraq haz\u0131rlanm\u0131\u015f silahlar ist\u0259yir. AB\u015e is\u0259 onlar\u0131n bu ist\u0259kl\u0259rini, x\u00fcsusil\u0259 d\u0259 \u0259lav\u0259 sursat, artilleriya v\u0259 \u201cJavelin\u201d il\u0259 ba\u011fl\u0131 t\u0259l\u0259bl\u0259rini yerin\u0259 yetirib.<\/p>\n\n\n\n<p>Bunu bazar ert\u0259si Milli T\u0259hl\u00fck\u0259sizlik \u015euras\u0131n\u0131n ictimaiyy\u0259tl\u0259 \u0259laq\u0259l\u0259r \u00fczr\u0259 koordinatoru Con Kirbi CNN-\u0259 deyib ki, son \u0259ks-h\u00fccumun \u00f6l\u00e7\u00fcs\u00fcnd\u0259n v\u0259 miqyas\u0131ndan as\u0131l\u0131 olmayaraq, ukraynal\u0131lar art\u0131q Rusiyan\u0131n h\u0259rbi imkanlar\u0131na t\u0259sir edib.<\/p>\n\n\n\n<p>&#171;\u00c7\u00fcnki ruslar sad\u0259c\u0259 olaraq ukraynal\u0131lar\u0131n c\u0259nubda daha \u00e7ox h\u00fccum ed\u0259 bil\u0259c\u0259yin\u0259 dair x\u0259b\u0259rl\u0259r\u0259 g\u00f6r\u0259 \u015f\u0259rqd\u0259n resurslar\u0131 geri \u00e7\u0259km\u0259li oldular. Bel\u0259likl\u0259, onlar a\u00e7\u0131q \u015f\u0259kild\u0259 hesab etdikl\u0259ri \u015fey\u0259 cavab verm\u0259k \u00fc\u00e7\u00fcn Donbass\u0131n \u015f\u0259rqind\u0259ki m\u00fc\u0259yy\u0259n \u0259razil\u0259rd\u0259 m\u00fc\u0259yy\u0259n birlikl\u0259ri t\u00fck\u0259tm\u0259li oldular&#187; &#8212; dey\u0259 Kirbi qeyd edib.<\/p>\n\n\n\n<p>Kirbi h\u0259m\u00e7inin bildirib ki, Rusiyan\u0131n Ukraynada \u201ch\u0259l\u0259 d\u0259 kadr problemi var\u201d v\u0259 buna g\u00f6r\u0259 d\u0259 Rusiyadan yaraql\u0131lar\u0131n c\u0259lb edilm\u0259sini geni\u015fl\u0259ndirm\u0259y\u0259 v\u0259 b\u0259zi \u00e7a\u011f\u0131r\u0131\u015f\u00e7\u0131lar\u0131, muzdlular\u0131 daha uzun m\u00fcdd\u0259t xidm\u0259t etm\u0259y\u0259 raz\u0131 salma\u011fa \u00e7al\u0131\u015f\u0131r.<\/p>\n\n\n\n<p>Avqustun 29-da Kaxovka operativ qrupu bildirdi ki, ukraynal\u0131 m\u00fcdafi\u0259\u00e7il\u0259r Xerson yax\u0131nl\u0131\u011f\u0131nda dem\u0259k olar ki, b\u00fct\u00fcn \u0259sas k\u00f6rp\u00fcl\u0259ri da\u011f\u0131d\u0131blar v\u0259 Xerson vilay\u0259tind\u0259 rus qo\u015funlar\u0131n\u0131n birinci \u201cm\u00fcdafi\u0259\u201d x\u0259ttini ke\u00e7ibl\u0259r.<\/p>\n","protected":false},"excerpt":{"rendered":"<p>Bir ne\u00e7\u0259 ayd\u0131r ki, AB\u015e Prezidenti Co Bayden administrasiyas\u0131 c\u0259nub b\u00f6lg\u0259l\u0259rini b\u00f6y\u00fck \u0259ks-h\u00fccumla ruslardan azad&#8230;<\/p>\n","protected":false},"author":3,"featured_media":0,"comment_status":"closed","ping_status":"closed","sticky":false,"template":"","format":"standard","meta":{"footnotes":""},"categories":[6],"tags":[],"class_list":["post-18253","post","type-post","status-publish","format-standard","hentry","category-cmiyyt"],"featured_image_urls":{"full":"","thumbnail":"","medium":"","medium_large":"","large":"","1536x1536":"","2048x2048":"","covernews-slider-full":"","covernews-slider-center":"","covernews-featured":"","covernews-medium":"","covernews-medium-square":""},"author_info":{"display_name":"Veteran.az","author_link":"https:\/\/veteran.az\/?author=3"},"category_info":"<a href=\"https:\/\/veteran.az\/?cat=6\" rel=\"category\">C\u0259miyy\u0259t<\/a>","tag_info":"C\u0259miyy\u0259t","comment_count":"0","_links":{"self":[{"href":"https:\/\/veteran.az\/index.php?rest_route=\/wp\/v2\/posts\/18253","targetHints":{"allow":["GET"]}}],"collection":[{"href":"https:\/\/veteran.az\/index.php?rest_route=\/wp\/v2\/posts"}],"about":[{"href":"https:\/\/veteran.az\/index.php?rest_route=\/wp\/v2\/types\/post"}],"author":[{"embeddable":true,"href":"https:\/\/veteran.az\/index.php?rest_route=\/wp\/v2\/users\/3"}],"replies":[{"embeddable":true,"href":"https:\/\/veteran.az\/index.php?rest_route=%2Fwp%2Fv2%2Fcomments&post=18253"}],"version-history":[{"count":1,"href":"https:\/\/veteran.az\/index.php?rest_route=\/wp\/v2\/posts\/18253\/revisions"}],"predecessor-version":[{"id":18255,"href":"https:\/\/veteran.az\/index.php?rest_route=\/wp\/v2\/posts\/18253\/revisions\/18255"}],"wp:attachment":[{"href":"https:\/\/veteran.az\/index.php?rest_route=%2Fwp%2Fv2%2Fmedia&parent=18253"}],"wp:term":[{"taxonomy":"category","embeddable":true,"href":"https:\/\/veteran.az\/index.php?rest_route=%2Fwp%2Fv2%2Fcategories&post=18253"},{"taxonomy":"post_tag","embeddable":true,"href":"https:\/\/veteran.az\/index.php?rest_route=%2Fwp%2Fv2%2Ftags&post=18253"}],"curies":[{"name":"wp","href":"https:\/\/api.w.org\/{rel}","templated":true}]}}