{"id":18251,"date":"2022-08-31T01:13:45","date_gmt":"2022-08-30T21:13:45","guid":{"rendered":"http:\/\/veteran.az\/?p=18251"},"modified":"2022-08-31T01:13:46","modified_gmt":"2022-08-30T21:13:46","slug":"ilham-%c9%99liyev-sadir-japarovu-t%c9%99brik-edib","status":"publish","type":"post","link":"https:\/\/veteran.az\/?p=18251","title":{"rendered":"\u0130lham \u018fliyev Sad\u0131r Japarovu t\u0259brik edib"},"content":{"rendered":"\n<p><strong>Prezident\u00a0\u0130lham \u018fliyev\u00a0Q\u0131r\u011f\u0131z Respublikas\u0131n\u0131n Prezidenti\u00a0Sad\u0131r Japarova t\u0259brik m\u0259ktubu \u00fcvanlay\u0131b.\u00a0<\/strong><\/p>\n\n\n\n<p><a href=\"https:\/\/president.az\/az\/articles\/view\/57071\" target=\"_blank\" rel=\"noreferrer noopener\">Prezident.az<\/a>&nbsp;x\u0259b\u0259r verir ki, m\u0259ktubda deyilir:&nbsp;<\/p>\n\n\n\n<p>\u201cH\u00f6rm\u0259tli Sad\u0131r Nurqojoyevi\u00e7,<\/p>\n\n\n\n<p>Q\u0131r\u011f\u0131z Respublikas\u0131n\u0131n milli bayram\u0131 \u2013 M\u00fcst\u0259qillik G\u00fcn\u00fc m\u00fcnasib\u0259til\u0259 Siz\u0259 v\u0259 b\u00fct\u00fcn xalq\u0131n\u0131za \u00f6z ad\u0131mdan v\u0259 Az\u0259rbaycan xalq\u0131 ad\u0131ndan \u0259n s\u0259mimi t\u0259brikl\u0259rimi yetirir\u0259m.<\/p>\n\n\n\n<p>G\u0259l\u0259n il biz \u00f6lk\u0259l\u0259rimiz aras\u0131nda diplomatik m\u00fcnasib\u0259tl\u0259rin qurulmas\u0131n\u0131n 30-cu ild\u00f6n\u00fcm\u00fcn\u00fc qeyd ed\u0259c\u0259yik. Ortaq tarix\u0259, qarda\u015fl\u0131\u011fa v\u0259 qar\u015f\u0131l\u0131ql\u0131 h\u00f6rm\u0259t\u0259 \u0259saslanan d\u00f6vl\u0259tl\u0259raras\u0131 \u0259laq\u0259l\u0259rimizin inki\u015faf\u0131 m\u0259mnunluq do\u011furur.<\/p>\n\n\n\n<p>Cari ilin aprelind\u0259 Az\u0259rbaycana r\u0259smi s\u0259f\u0259riniz zaman\u0131 \u0259ld\u0259 olunan raz\u0131la\u015fmalar v\u0259 imzalanan bir s\u0131ra s\u0259n\u0259dl\u0259r, x\u00fcsusil\u0259 d\u0259 \u201cAz\u0259rbaycan Respublikas\u0131 v\u0259 Q\u0131r\u011f\u0131z Respublikas\u0131 aras\u0131nda Strateji T\u0259r\u0259fda\u015fl\u0131q haqq\u0131nda B\u0259yannam\u0259\u201d v\u0259 \u201cAz\u0259rbaycan Respublikas\u0131 v\u0259 Q\u0131r\u011f\u0131z Respublikas\u0131n\u0131n D\u00f6vl\u0259tl\u0259raras\u0131 \u015euras\u0131n\u0131n yarad\u0131lmas\u0131 haqq\u0131nda Memorandum\u201d m\u00fcnasib\u0259tl\u0259rimizin keyfiyy\u0259tc\u0259 yeni s\u0259viyy\u0259y\u0259 y\u00fcks\u0259lm\u0259sinin bariz n\u00fcmun\u0259sidir.<\/p>\n\n\n\n<p>\u0130nan\u0131ram ki, Az\u0259rbaycan-Q\u0131r\u011f\u0131z\u0131stan \u0259laq\u0259l\u0259rinin m\u00f6vcud potensial\u0131ndan daha s\u0259m\u0259r\u0259li istifad\u0259 olunmas\u0131, qar\u015f\u0131l\u0131ql\u0131 etimad v\u0259 d\u0259st\u0259y\u0259 \u0259saslanan \u0259m\u0259kda\u015fl\u0131\u011f\u0131m\u0131z\u0131n h\u0259m ikit\u0259r\u0259fli, h\u0259m d\u0259 \u00e7oxt\u0259r\u0259fli m\u00fcst\u0259vid\u0259 geni\u015fl\u0259nm\u0259si namin\u0259 bundan sonra da birg\u0259 s\u0259yl\u0259rimizi davam etdir\u0259c\u0259yik.<\/p>\n\n\n\n<p>Bu bayram g\u00fcn\u00fcnd\u0259 Siz\u0259 m\u00f6hk\u0259m cansa\u011fl\u0131\u011f\u0131, i\u015fl\u0259rinizd\u0259 u\u011furlar, qarda\u015f Q\u0131r\u011f\u0131z Respublikas\u0131na daim \u0259min-amanl\u0131q v\u0259 rifah arzulay\u0131ram\u201d.<\/p>\n","protected":false},"excerpt":{"rendered":"<p>Prezident\u00a0\u0130lham \u018fliyev\u00a0Q\u0131r\u011f\u0131z Respublikas\u0131n\u0131n Prezidenti\u00a0Sad\u0131r Japarova t\u0259brik m\u0259ktubu \u00fcvanlay\u0131b.\u00a0 Prezident.az&nbsp;x\u0259b\u0259r verir ki, m\u0259ktubda deyilir:&nbsp; \u201cH\u00f6rm\u0259tli Sad\u0131r&#8230;<\/p>\n","protected":false},"author":3,"featured_media":0,"comment_status":"closed","ping_status":"closed","sticky":false,"template":"","format":"standard","meta":{"footnotes":""},"categories":[6],"tags":[],"class_list":["post-18251","post","type-post","status-publish","format-standard","hentry","category-cmiyyt"],"featured_image_urls":{"full":"","thumbnail":"","medium":"","medium_large":"","large":"","1536x1536":"","2048x2048":"","covernews-slider-full":"","covernews-slider-center":"","covernews-featured":"","covernews-medium":"","covernews-medium-square":""},"author_info":{"display_name":"Veteran.az","author_link":"https:\/\/veteran.az\/?author=3"},"category_info":"<a href=\"https:\/\/veteran.az\/?cat=6\" rel=\"category\">C\u0259miyy\u0259t<\/a>","tag_info":"C\u0259miyy\u0259t","comment_count":"0","_links":{"self":[{"href":"https:\/\/veteran.az\/index.php?rest_route=\/wp\/v2\/posts\/18251","targetHints":{"allow":["GET"]}}],"collection":[{"href":"https:\/\/veteran.az\/index.php?rest_route=\/wp\/v2\/posts"}],"about":[{"href":"https:\/\/veteran.az\/index.php?rest_route=\/wp\/v2\/types\/post"}],"author":[{"embeddable":true,"href":"https:\/\/veteran.az\/index.php?rest_route=\/wp\/v2\/users\/3"}],"replies":[{"embeddable":true,"href":"https:\/\/veteran.az\/index.php?rest_route=%2Fwp%2Fv2%2Fcomments&post=18251"}],"version-history":[{"count":1,"href":"https:\/\/veteran.az\/index.php?rest_route=\/wp\/v2\/posts\/18251\/revisions"}],"predecessor-version":[{"id":18252,"href":"https:\/\/veteran.az\/index.php?rest_route=\/wp\/v2\/posts\/18251\/revisions\/18252"}],"wp:attachment":[{"href":"https:\/\/veteran.az\/index.php?rest_route=%2Fwp%2Fv2%2Fmedia&parent=18251"}],"wp:term":[{"taxonomy":"category","embeddable":true,"href":"https:\/\/veteran.az\/index.php?rest_route=%2Fwp%2Fv2%2Fcategories&post=18251"},{"taxonomy":"post_tag","embeddable":true,"href":"https:\/\/veteran.az\/index.php?rest_route=%2Fwp%2Fv2%2Ftags&post=18251"}],"curies":[{"name":"wp","href":"https:\/\/api.w.org\/{rel}","templated":true}]}}