{"id":1822,"date":"2019-10-13T15:54:34","date_gmt":"2019-10-13T11:54:34","guid":{"rendered":"http:\/\/veteran.az\/?p=1822"},"modified":"2019-11-03T22:48:44","modified_gmt":"2019-11-03T18:48:44","slug":"azerbaycan-turku-gazilerden-baris-pinari-harekatina-destek-kaynak-yenicag-azerbaycan-turku-gazilerden-baris-pinari-harekatina-destek","status":"publish","type":"post","link":"https:\/\/veteran.az\/?p=1822","title":{"rendered":"Azerbaycan T\u00fcrk&#8217;\u00fc gazilerden Bar\u0131\u015f P\u0131nar\u0131 Harekat\u0131&#8217;na destek"},"content":{"rendered":"\n<p>Yeni\u00c7a\u011f qazil\u0259rin d\u0259st\u0259yind\u0259n yazd\u0131&#8230;<\/p>\n\n\n\n<p>\n\nAzerbaycan T\u00fcrk&#8217;\u00fc gaziler, T\u00fcrkiye&#8217;nin g\u00fcney s\u0131n\u0131r\u0131nda olu\u015fturulmaya \u00e7al\u0131\u015f\u0131lan ter\u00f6r koridorunu yok etmek, b\u00f6lgeye bar\u0131\u015f ve huzuru getirmek amac\u0131yla ba\u015flat\u0131lan Bar\u0131\u015f P\u0131nar\u0131 Harekat\u0131&#8217;na desteklerini ifade etti.<\/p>\n\n\n\n<p>Karaba\u011f gazilerinin kurdu\u011fu \u00e7e\u015fitli sivil toplum kurulu\u015flar\u0131,&nbsp;Bar\u0131\u015f P\u0131nar\u0131 Harekat\u0131&#8217;na destek vermek amac\u0131yla etkinlik d\u00fczenlendi.<\/p>\n\n\n\n<p>Bak\u00fc&#8217;de, Gen\u00e7li\u011fe Yard\u0131m Fonu&#8217;nda d\u00fczenlenen etkinli\u011fe \u00e7ok say\u0131da gazi ve \u00fcniversite \u00f6\u011frencisi kat\u0131ld\u0131.&nbsp;<\/p>\n\n\n\n<p>Terhis Edilen Askerlerin Gen\u00e7leri Mariflendirme Birli\u011fi Ba\u015fkan\u0131 Emin Hesenli,&nbsp;Bar\u0131\u015f P\u0131nar\u0131 Harekat\u0131&#8217;n\u0131 sonuna kadar desteklediklerini, binlerce&nbsp;Azerbaycanl\u0131&#8217;n\u0131n T\u00fcrk&nbsp;ordusu ile omuz omuza sava\u015fmaya haz\u0131r oldu\u011funu s\u00f6yledi.&nbsp;<\/p>\n\n\n\n<p>Harekat\u0131n ter\u00f6re kar\u015f\u0131 ba\u015flat\u0131ld\u0131\u011f\u0131n\u0131 vurgulayan Hesenli,<strong> &#171;Bu T\u00fcrkiye&#8217;nin g\u00fcvenlik sorunudur.&nbsp;T\u00fcrkiye Afrin&#8217;de oldu\u011fu gibi burada da zafer kazanacakt\u0131r.&nbsp;Her zaman T\u00fcrkiye i\u00e7in sava\u015fmaya haz\u0131r\u0131z. T\u00fcrkiye bizim kendi vatan\u0131m\u0131zd\u0131r&#187;<\/strong> dedi.&nbsp;<\/p>\n\n\n\n<p>Azerbaycan Vatan Sava\u015f\u0131 Gaziler Birli\u011fi Ba\u015fkan\u0131&nbsp;Fuzuli Rzaquliyev de <strong>&#171;Nerede T\u00fcrk s\u00f6z\u00fc varsa biz sava\u015f\u00e7\u0131lar oraday\u0131z. Biz T\u00fcrk ordusunun kazanaca\u011f\u0131na inan\u0131yoruz. Sava\u015fmaya haz\u0131r\u0131z. Nerede T\u00fcrk ya\u015f\u0131yorsa oras\u0131 bizim vatan\u0131m\u0131zd\u0131r&#187;<\/strong> ifadelerini kulland\u0131.&nbsp;&nbsp;<\/p>\n\n\n\n<figure class=\"wp-block-image\"><img decoding=\"async\" src=\"https:\/\/www.yenicaggazetesi.com.tr\/d\/other\/20191012_2_38710761_48427361_web.jpg\" alt=\"\"\/><\/figure>\n\n\n\n<p>Karaba\u011f gazisi, Azerbaycan Milli Kahraman\u0131 Vahit Guliyev de T\u00fcrkiye&#8217;nin ter\u00f6re kar\u015f\u0131 ba\u015flatt\u0131\u011f\u0131 harekat\u0131 sonuna kadar destekledi\u011fini kaydetti.&nbsp;<\/p>\n\n\n\n<p>Azerbaycan ve T\u00fcrk bayraklar\u0131 ta\u015f\u0131yan gaziler, &#171;Bir millet, iki devlet, Azerbaycan-T\u00fcrkiye&#187;, &#171;T\u00fcrkiye seninle gurur duyuyoruz&#187;&nbsp;sloganlar\u0131 att\u0131.<\/p>\n\n\n\n<p>Kaynak Yeni\u00e7a\u011f: <a href=\"https:\/\/www.yenicaggazetesi.com.tr\/azerbaycan-turku-gazilerden-baris-pinari-harekatina-destek-252217h.htm\" target=\"_blank\" rel=\"noreferrer noopener\">Azerbaycan T\u00fcrk&#8217;\u00fc gazilerden Bar\u0131\u015f P\u0131nar\u0131 Harekat\u0131&#8217;na destek<\/a> <\/p>\n\n\n\n<p><\/p>\n","protected":false},"excerpt":{"rendered":"<p>Yeni\u00c7a\u011f qazil\u0259rin d\u0259st\u0259yind\u0259n yazd\u0131&#8230; Azerbaycan T\u00fcrk&#8217;\u00fc gaziler, T\u00fcrkiye&#8217;nin g\u00fcney s\u0131n\u0131r\u0131nda olu\u015fturulmaya \u00e7al\u0131\u015f\u0131lan ter\u00f6r koridorunu yok&#8230;<\/p>\n","protected":false},"author":3,"featured_media":1823,"comment_status":"closed","ping_status":"closed","sticky":false,"template":"","format":"standard","meta":{"footnotes":""},"categories":[12],"tags":[],"class_list":["post-1822","post","type-post","status-publish","format-standard","has-post-thumbnail","hentry","category-veteran"],"featured_image_urls":{"full":["https:\/\/veteran.az\/wp-content\/uploads\/2019\/10\/1a-3.jpg",980,360,false],"thumbnail":["https:\/\/veteran.az\/wp-content\/uploads\/2019\/10\/1a-3-150x150.jpg",150,150,true],"medium":["https:\/\/veteran.az\/wp-content\/uploads\/2019\/10\/1a-3-300x110.jpg",300,110,true],"medium_large":["https:\/\/veteran.az\/wp-content\/uploads\/2019\/10\/1a-3-768x282.jpg",640,235,true],"large":["https:\/\/veteran.az\/wp-content\/uploads\/2019\/10\/1a-3.jpg",640,235,false],"1536x1536":["https:\/\/veteran.az\/wp-content\/uploads\/2019\/10\/1a-3.jpg",980,360,false],"2048x2048":["https:\/\/veteran.az\/wp-content\/uploads\/2019\/10\/1a-3.jpg",980,360,false],"covernews-slider-full":["https:\/\/veteran.az\/wp-content\/uploads\/2019\/10\/1a-3.jpg",980,360,false],"covernews-slider-center":["https:\/\/veteran.az\/wp-content\/uploads\/2019\/10\/1a-3-936x360.jpg",800,308,true],"covernews-featured":["https:\/\/veteran.az\/wp-content\/uploads\/2019\/10\/1a-3.jpg",980,360,false],"covernews-medium":["https:\/\/veteran.az\/wp-content\/uploads\/2019\/10\/1a-3-720x360.jpg",540,270,true],"covernews-medium-square":["https:\/\/veteran.az\/wp-content\/uploads\/2019\/10\/1a-3-675x360.jpg",400,213,true]},"author_info":{"display_name":"Veteran.az","author_link":"https:\/\/veteran.az\/?author=3"},"category_info":"<a href=\"https:\/\/veteran.az\/?cat=12\" rel=\"category\">Veteran d\u00fcnyas\u0131<\/a>","tag_info":"Veteran d\u00fcnyas\u0131","comment_count":"0","_links":{"self":[{"href":"https:\/\/veteran.az\/index.php?rest_route=\/wp\/v2\/posts\/1822","targetHints":{"allow":["GET"]}}],"collection":[{"href":"https:\/\/veteran.az\/index.php?rest_route=\/wp\/v2\/posts"}],"about":[{"href":"https:\/\/veteran.az\/index.php?rest_route=\/wp\/v2\/types\/post"}],"author":[{"embeddable":true,"href":"https:\/\/veteran.az\/index.php?rest_route=\/wp\/v2\/users\/3"}],"replies":[{"embeddable":true,"href":"https:\/\/veteran.az\/index.php?rest_route=%2Fwp%2Fv2%2Fcomments&post=1822"}],"version-history":[{"count":2,"href":"https:\/\/veteran.az\/index.php?rest_route=\/wp\/v2\/posts\/1822\/revisions"}],"predecessor-version":[{"id":1825,"href":"https:\/\/veteran.az\/index.php?rest_route=\/wp\/v2\/posts\/1822\/revisions\/1825"}],"wp:featuredmedia":[{"embeddable":true,"href":"https:\/\/veteran.az\/index.php?rest_route=\/wp\/v2\/media\/1823"}],"wp:attachment":[{"href":"https:\/\/veteran.az\/index.php?rest_route=%2Fwp%2Fv2%2Fmedia&parent=1822"}],"wp:term":[{"taxonomy":"category","embeddable":true,"href":"https:\/\/veteran.az\/index.php?rest_route=%2Fwp%2Fv2%2Fcategories&post=1822"},{"taxonomy":"post_tag","embeddable":true,"href":"https:\/\/veteran.az\/index.php?rest_route=%2Fwp%2Fv2%2Ftags&post=1822"}],"curies":[{"name":"wp","href":"https:\/\/api.w.org\/{rel}","templated":true}]}}