{"id":18189,"date":"2022-08-28T00:29:27","date_gmt":"2022-08-27T20:29:27","guid":{"rendered":"http:\/\/veteran.az\/?p=18189"},"modified":"2022-08-28T00:29:28","modified_gmt":"2022-08-27T20:29:28","slug":"iranin-kecmis-xarici-isl%c9%99r-naziri-guney-az%c9%99rbaycan-%c9%99vv%c9%99l-axir-irandan-ayrilacaq","status":"publish","type":"post","link":"https:\/\/veteran.az\/?p=18189","title":{"rendered":"\u0130ran\u0131n ke\u00e7mi\u015f xarici i\u015fl\u0259r naziri: \u201cG\u00fcney Az\u0259rbaycan \u0259vv\u0259l-ax\u0131r \u0130randan ayr\u0131lacaq\u201d"},"content":{"rendered":"\n<p><strong>\u201cAzad \u0130ran\u201d \u201cYouTube\u201d kanal\u0131nda \u0130ran\u0131n ke\u00e7mi\u015f xarici i\u015fl\u0259r naziri \u018fli \u018fkb\u0259r Vilay\u0259tinin bir zamanlar s\u0259sl\u0259ndirdiyi fikirl\u0259rl\u0259 ba\u011fl\u0131 maraql\u0131 s\u00fcjet haz\u0131rlan\u0131b.<\/strong><\/p>\n\n\n\n<p>S\u00fcjetd\u0259 deyilir:<\/p>\n\n\n\n<p>\u201c1995-ci ild\u0259, R\u0259fs\u0259ncaninin prezidentliyi d\u00f6vr\u00fcnd\u0259 T\u0259brizd\u0259 t\u00fcrkl\u0259rin ya\u015fad\u0131\u011f\u0131 \u0259yal\u0259tl\u0259rin iqtisadi bax\u0131mdan gerid\u0259 qalmas\u0131na dair nazirl\u0259r kabinetinin iclas\u0131 ke\u00e7irilirdi.<\/p>\n\n\n\n<p>H\u0259min iclasda o zaman Xarici \u0130\u015fl\u0259r naziri v\u0259zif\u0259sini tutan \u018fli \u018fkb\u0259r Vilay\u0259ti demi\u015fdi:<\/p>\n\n\n\n<p>\u201cBiz niy\u0259 Az\u0259rbaycana s\u0259rmay\u0259 qoymal\u0131y\u0131q? Az\u0259rbaycan (y\u0259ni G\u00fcney Az\u0259rbaycan) \u0259vv\u0259l-ax\u0131r \u0130randan ayr\u0131lacaq, ona g\u00f6r\u0259 m\u0259n bu \u0259yal\u0259tl\u0259r\u0259 investisiya qoyulu\u015funu m\u0259sl\u0259h\u0259t bilmir\u0259m\u201d.<\/p>\n\n\n\n<p>Daha \u0259trafl\u0131 videoda:<\/p>\n\n\n\n<figure class=\"wp-block-embed is-type-video is-provider-youtube wp-block-embed-youtube wp-embed-aspect-16-9 wp-has-aspect-ratio\"><div class=\"wp-block-embed__wrapper\">\n<iframe loading=\"lazy\" title=\"G\u00fcney Az\u0259rbaycan \u0259vv\u0259l-ax\u0131r \u0130randan ayr\u0131lacaq\" width=\"640\" height=\"360\" src=\"https:\/\/www.youtube.com\/embed\/KzfSctUzmAo?feature=oembed\" frameborder=\"0\" allow=\"accelerometer; autoplay; clipboard-write; encrypted-media; gyroscope; picture-in-picture; web-share\" referrerpolicy=\"strict-origin-when-cross-origin\" allowfullscreen><\/iframe>\n<\/div><\/figure>\n","protected":false},"excerpt":{"rendered":"<p>\u201cAzad \u0130ran\u201d \u201cYouTube\u201d kanal\u0131nda \u0130ran\u0131n ke\u00e7mi\u015f xarici i\u015fl\u0259r naziri \u018fli \u018fkb\u0259r Vilay\u0259tinin bir zamanlar s\u0259sl\u0259ndirdiyi&#8230;<\/p>\n","protected":false},"author":3,"featured_media":0,"comment_status":"closed","ping_status":"closed","sticky":false,"template":"","format":"standard","meta":{"footnotes":""},"categories":[6],"tags":[],"class_list":["post-18189","post","type-post","status-publish","format-standard","hentry","category-cmiyyt"],"featured_image_urls":{"full":"","thumbnail":"","medium":"","medium_large":"","large":"","1536x1536":"","2048x2048":"","covernews-slider-full":"","covernews-slider-center":"","covernews-featured":"","covernews-medium":"","covernews-medium-square":""},"author_info":{"display_name":"Veteran.az","author_link":"https:\/\/veteran.az\/?author=3"},"category_info":"<a href=\"https:\/\/veteran.az\/?cat=6\" rel=\"category\">C\u0259miyy\u0259t<\/a>","tag_info":"C\u0259miyy\u0259t","comment_count":"0","_links":{"self":[{"href":"https:\/\/veteran.az\/index.php?rest_route=\/wp\/v2\/posts\/18189","targetHints":{"allow":["GET"]}}],"collection":[{"href":"https:\/\/veteran.az\/index.php?rest_route=\/wp\/v2\/posts"}],"about":[{"href":"https:\/\/veteran.az\/index.php?rest_route=\/wp\/v2\/types\/post"}],"author":[{"embeddable":true,"href":"https:\/\/veteran.az\/index.php?rest_route=\/wp\/v2\/users\/3"}],"replies":[{"embeddable":true,"href":"https:\/\/veteran.az\/index.php?rest_route=%2Fwp%2Fv2%2Fcomments&post=18189"}],"version-history":[{"count":1,"href":"https:\/\/veteran.az\/index.php?rest_route=\/wp\/v2\/posts\/18189\/revisions"}],"predecessor-version":[{"id":18191,"href":"https:\/\/veteran.az\/index.php?rest_route=\/wp\/v2\/posts\/18189\/revisions\/18191"}],"wp:attachment":[{"href":"https:\/\/veteran.az\/index.php?rest_route=%2Fwp%2Fv2%2Fmedia&parent=18189"}],"wp:term":[{"taxonomy":"category","embeddable":true,"href":"https:\/\/veteran.az\/index.php?rest_route=%2Fwp%2Fv2%2Fcategories&post=18189"},{"taxonomy":"post_tag","embeddable":true,"href":"https:\/\/veteran.az\/index.php?rest_route=%2Fwp%2Fv2%2Ftags&post=18189"}],"curies":[{"name":"wp","href":"https:\/\/api.w.org\/{rel}","templated":true}]}}