{"id":18169,"date":"2022-08-27T00:50:12","date_gmt":"2022-08-26T20:50:12","guid":{"rendered":"http:\/\/veteran.az\/?p=18169"},"modified":"2022-08-27T00:50:13","modified_gmt":"2022-08-26T20:50:13","slug":"prezident%c9%99-lacinin-n%c9%99zar%c9%99t%c9%99-goturulm%c9%99sini-m%c9%99ruz%c9%99-ed%c9%99n-general-kimdir","status":"publish","type":"post","link":"https:\/\/veteran.az\/?p=18169","title":{"rendered":"Prezident\u0259 La\u00e7\u0131n\u0131n n\u0259zar\u0259t\u0259 g\u00f6t\u00fcr\u00fclm\u0259sini m\u0259ruz\u0259 ed\u0259n general kimdir?"},"content":{"rendered":"\n<p><strong>X\u0259b\u0259r verdiyimiz kimi, bu g\u00fcn La\u00e7\u0131n \u015f\u0259h\u0259rinin, Zabux v\u0259 Sus k\u0259ndl\u0259rinin n\u0259zar\u0259t\u0259 g\u00f6t\u00fcr\u00fclm\u0259si Prezident \u0130lham \u018fliyev\u0259 m\u0259ruz\u0259 olunub.<\/strong><\/p>\n\n\n\n<p><br>Prezident\u0259 m\u0259ruz ed\u0259n h\u0259rb\u00e7i 5-ci Ordu Korpusunun komandiri, V\u0259t\u0259n M\u00fcharib\u0259si Q\u0259hr\u0259man\u0131, general-mayor K\u0259nan Seyidovdur.<\/p>\n\n\n\n<p><br>K\u0259nan Seyidov \u0130mi\u015fli rayonunun B\u0259hr\u0259mt\u0259p\u0259 q\u0259s\u0259b\u0259sind\u0259 anadan olub. O, m\u00fcxt\u0259lif ill\u0259rd\u0259 \u00dcmummilli Lider Heyd\u0259r \u018fliyev s\u0259r\u0259ncam\u0131 il\u0259 &#171;Az\u0259rbaycan bayra\u011f\u0131\u201d ordeni, Prezident \u0130lham \u018fliyevin s\u0259r\u0259ncamlar\u0131 il\u0259 is\u0259 &#171;V\u0259t\u0259n u\u011frunda\u201d v\u0259 &#171;\u0130gidliy\u0259\u201d g\u00f6r\u0259 medallar\u0131 il\u0259 t\u0259ltif olunub.<\/p>\n\n\n\n<p><br>\u0130lham \u018fliyevin 9 dekabr 2020-ci il tarixli S\u0259r\u0259ncam\u0131na \u0259sas\u0259n, Az\u0259rbaycan\u0131n \u0259razi b\u00fct\u00f6vl\u00fcy\u00fcn\u00fcn b\u0259rpa edilm\u0259sind\u0259 x\u00fcsusi xidm\u0259tl\u0259rin\u0259 v\u0259 i\u015f\u011fal olunmu\u015f \u0259razil\u0259rin azad olunmas\u0131 zaman\u0131 d\u00fc\u015fm\u0259nin m\u0259hv edilm\u0259si \u00fczr\u0259 qar\u015f\u0131ya qoyulmu\u015f d\u00f6y\u00fc\u015f tap\u015f\u0131r\u0131\u011f\u0131n\u0131 yerin\u0259 yetir\u0259n zaman g\u00f6st\u0259rdiyi q\u0259hr\u0259manl\u0131q n\u00fcmun\u0259sin\u0259 g\u00f6r\u0259, h\u0259m\u00e7inin h\u0259rbi qulluq v\u0259zif\u0259sini yerin\u0259 yetir\u0259n zaman igidliyin v\u0259 m\u0259rdliyin n\u00fcmayi\u015f etdirilm\u0259sin\u0259 g\u00f6r\u0259 K\u0259nan Seyidova &#171;V\u0259t\u0259n M\u00fcharib\u0259si Q\u0259hr\u0259man\u0131\u201d ad\u0131 verilib.<\/p>\n\n\n\n<p><br>2021-ci ilin iyulunda Prezident \u0130lham \u018fliyevin s\u0259r\u0259ncam\u0131 il\u0259 general-mayor Seyidov K\u0259nan \u018flih\u00fcseyn o\u011flu X\u00fcsusi T\u0259yinatl\u0131 Q\u00fcvv\u0259l\u0259r komandan\u0131n\u0131n birinci m\u00fcavini \u2013 q\u0259rargah r\u0259isi v\u0259zif\u0259sind\u0259n azad edil\u0259r\u0259k, 5-ci Ordu Korpusunun komandiri t\u0259yin edilib.<\/p>\n\n\n\n<figure class=\"wp-block-embed is-type-video is-provider-youtube wp-block-embed-youtube wp-embed-aspect-16-9 wp-has-aspect-ratio\"><div class=\"wp-block-embed__wrapper\">\n<iframe loading=\"lazy\" title=\"La\u00e7\u0131n\u0131n m\u0259rk\u0259zind\u0259n Ali Ba\u015f Komandan \u0130lham \u018fliyev\u0259 h\u0259rb\u00e7il\u0259rin m\u0259ruz\u0259si - La\u00e7\u0131n azadd\u0131r!\" width=\"640\" height=\"360\" src=\"https:\/\/www.youtube.com\/embed\/sbLgNkI_jpU?feature=oembed\" frameborder=\"0\" allow=\"accelerometer; autoplay; clipboard-write; encrypted-media; gyroscope; picture-in-picture; web-share\" referrerpolicy=\"strict-origin-when-cross-origin\" allowfullscreen><\/iframe>\n<\/div><\/figure>\n","protected":false},"excerpt":{"rendered":"<p>X\u0259b\u0259r verdiyimiz kimi, bu g\u00fcn La\u00e7\u0131n \u015f\u0259h\u0259rinin, Zabux v\u0259 Sus k\u0259ndl\u0259rinin n\u0259zar\u0259t\u0259 g\u00f6t\u00fcr\u00fclm\u0259si Prezident \u0130lham&#8230;<\/p>\n","protected":false},"author":3,"featured_media":0,"comment_status":"closed","ping_status":"closed","sticky":false,"template":"","format":"standard","meta":{"footnotes":""},"categories":[9],"tags":[],"class_list":["post-18169","post","type-post","status-publish","format-standard","hentry","category-sq"],"featured_image_urls":{"full":"","thumbnail":"","medium":"","medium_large":"","large":"","1536x1536":"","2048x2048":"","covernews-slider-full":"","covernews-slider-center":"","covernews-featured":"","covernews-medium":"","covernews-medium-square":""},"author_info":{"display_name":"Veteran.az","author_link":"https:\/\/veteran.az\/?author=3"},"category_info":"<a href=\"https:\/\/veteran.az\/?cat=9\" rel=\"category\">Silahl\u0131 Q\u00fcvv\u0259l\u0259r<\/a>","tag_info":"Silahl\u0131 Q\u00fcvv\u0259l\u0259r","comment_count":"0","_links":{"self":[{"href":"https:\/\/veteran.az\/index.php?rest_route=\/wp\/v2\/posts\/18169","targetHints":{"allow":["GET"]}}],"collection":[{"href":"https:\/\/veteran.az\/index.php?rest_route=\/wp\/v2\/posts"}],"about":[{"href":"https:\/\/veteran.az\/index.php?rest_route=\/wp\/v2\/types\/post"}],"author":[{"embeddable":true,"href":"https:\/\/veteran.az\/index.php?rest_route=\/wp\/v2\/users\/3"}],"replies":[{"embeddable":true,"href":"https:\/\/veteran.az\/index.php?rest_route=%2Fwp%2Fv2%2Fcomments&post=18169"}],"version-history":[{"count":1,"href":"https:\/\/veteran.az\/index.php?rest_route=\/wp\/v2\/posts\/18169\/revisions"}],"predecessor-version":[{"id":18171,"href":"https:\/\/veteran.az\/index.php?rest_route=\/wp\/v2\/posts\/18169\/revisions\/18171"}],"wp:attachment":[{"href":"https:\/\/veteran.az\/index.php?rest_route=%2Fwp%2Fv2%2Fmedia&parent=18169"}],"wp:term":[{"taxonomy":"category","embeddable":true,"href":"https:\/\/veteran.az\/index.php?rest_route=%2Fwp%2Fv2%2Fcategories&post=18169"},{"taxonomy":"post_tag","embeddable":true,"href":"https:\/\/veteran.az\/index.php?rest_route=%2Fwp%2Fv2%2Ftags&post=18169"}],"curies":[{"name":"wp","href":"https:\/\/api.w.org\/{rel}","templated":true}]}}