{"id":18145,"date":"2022-08-24T11:54:35","date_gmt":"2022-08-24T07:54:35","guid":{"rendered":"http:\/\/veteran.az\/?p=18145"},"modified":"2022-08-24T11:54:35","modified_gmt":"2022-08-24T07:54:35","slug":"ukrayna-must%c9%99qilliyinin-30-cu-ilini-qeyd-edir","status":"publish","type":"post","link":"https:\/\/veteran.az\/?p=18145","title":{"rendered":"Ukrayna m\u00fcst\u0259qilliyinin 30-cu ilini qeyd edir"},"content":{"rendered":"\n<p><strong>Az\u0259rbaycan Prezidenti \u0130lham \u018fliyev Ukraynan\u0131n Prezidenti Volodimir Zelenskiy\u0259 t\u0259brik m\u0259ktubu \u00fcnvanlay\u0131b.<\/strong><\/p>\n\n\n\n<p>M\u0259ktubda deyilir:<\/p>\n\n\n\n<p>&#171;H\u00f6rm\u0259tli c\u0259nab Prezident,<\/p>\n\n\n\n<p>Ukraynan\u0131n milli bayram\u0131 \u2013 M\u00fcst\u0259qillik G\u00fcn\u00fc m\u00fcnasib\u0259til\u0259 Sizi v\u0259 Sizin siman\u0131zda b\u00fct\u00fcn xalq\u0131n\u0131z\u0131 \u00f6z ad\u0131mdan v\u0259 Az\u0259rbaycan xalq\u0131 ad\u0131ndan s\u0259mimi-q\u0259lbd\u0259n t\u0259brik edir\u0259m.<\/p>\n\n\n\n<p>Xalqlar\u0131m\u0131z\u0131 birl\u0259\u015fdir\u0259n \u00e7ox\u0259srlik m\u00f6hk\u0259m dostluq v\u0259 qar\u015f\u0131l\u0131ql\u0131 r\u0259\u011fb\u0259t hissl\u0259ri d\u00f6vl\u0259tl\u0259raras\u0131 \u0259laq\u0259l\u0259rimizi v\u0259 \u0259m\u0259kda\u015fl\u0131\u011f\u0131m\u0131z\u0131 \u015f\u0259rtl\u0259ndir\u0259n ba\u015fl\u0131ca amill\u0259rd\u0259ndir. Diplomatik m\u00fcnasib\u0259tl\u0259rimizin quruldu\u011fu \u00f6t\u0259n otuz illik d\u00f6vr \u0259rzind\u0259 qar\u015f\u0131l\u0131ql\u0131 faydal\u0131 \u0259m\u0259kda\u015fl\u0131\u011f\u0131m\u0131z\u0131n dinamik v\u0259 ard\u0131c\u0131l inki\u015faf ed\u0259r\u0259k strateji t\u0259r\u0259fda\u015fl\u0131q s\u0259viyy\u0259sin\u0259 y\u00fcks\u0259lm\u0259si m\u0259mnunluq do\u011furur.<\/p>\n\n\n\n<p>Cari ilin yanvar\u0131nda Ukraynaya etdiyim i\u015fg\u00fczar s\u0259f\u0259ri, Sizinl\u0259 g\u00f6r\u00fc\u015f\u00fcm\u00fcz\u00fc v\u0259 apard\u0131\u011f\u0131m\u0131z dan\u0131\u015f\u0131qlar\u0131 xo\u015f t\u0259\u0259ss\u00fcratlarla xat\u0131rlay\u0131r, bu s\u0259f\u0259ri \u00f6lk\u0259l\u0259rimiz aras\u0131nda \u0259laq\u0259l\u0259rin geni\u015fl\u0259nm\u0259si bax\u0131m\u0131ndan \u0259h\u0259miyy\u0259tli hesab edir\u0259m.<\/p>\n","protected":false},"excerpt":{"rendered":"<p>Az\u0259rbaycan Prezidenti \u0130lham \u018fliyev Ukraynan\u0131n Prezidenti Volodimir Zelenskiy\u0259 t\u0259brik m\u0259ktubu \u00fcnvanlay\u0131b. M\u0259ktubda deyilir: &#171;H\u00f6rm\u0259tli c\u0259nab&#8230;<\/p>\n","protected":false},"author":3,"featured_media":18146,"comment_status":"closed","ping_status":"closed","sticky":false,"template":"","format":"standard","meta":{"footnotes":""},"categories":[6],"tags":[],"class_list":["post-18145","post","type-post","status-publish","format-standard","has-post-thumbnail","hentry","category-cmiyyt"],"featured_image_urls":{"full":["https:\/\/veteran.az\/wp-content\/uploads\/2022\/08\/vladimir_zelenski_ilham_aliyev_270520.jpg",1549,1080,false],"thumbnail":["https:\/\/veteran.az\/wp-content\/uploads\/2022\/08\/vladimir_zelenski_ilham_aliyev_270520-150x150.jpg",150,150,true],"medium":["https:\/\/veteran.az\/wp-content\/uploads\/2022\/08\/vladimir_zelenski_ilham_aliyev_270520-300x209.jpg",300,209,true],"medium_large":["https:\/\/veteran.az\/wp-content\/uploads\/2022\/08\/vladimir_zelenski_ilham_aliyev_270520-768x535.jpg",640,446,true],"large":["https:\/\/veteran.az\/wp-content\/uploads\/2022\/08\/vladimir_zelenski_ilham_aliyev_270520-1024x714.jpg",640,446,true],"1536x1536":["https:\/\/veteran.az\/wp-content\/uploads\/2022\/08\/vladimir_zelenski_ilham_aliyev_270520-1536x1071.jpg",1536,1071,true],"2048x2048":["https:\/\/veteran.az\/wp-content\/uploads\/2022\/08\/vladimir_zelenski_ilham_aliyev_270520.jpg",1549,1080,false],"covernews-slider-full":["https:\/\/veteran.az\/wp-content\/uploads\/2022\/08\/vladimir_zelenski_ilham_aliyev_270520-1536x1020.jpg",1077,715,true],"covernews-slider-center":["https:\/\/veteran.az\/wp-content\/uploads\/2022\/08\/vladimir_zelenski_ilham_aliyev_270520-936x897.jpg",522,500,true],"covernews-featured":["https:\/\/veteran.az\/wp-content\/uploads\/2022\/08\/vladimir_zelenski_ilham_aliyev_270520-1024x714.jpg",1024,714,true],"covernews-medium":["https:\/\/veteran.az\/wp-content\/uploads\/2022\/08\/vladimir_zelenski_ilham_aliyev_270520-720x380.jpg",540,285,true],"covernews-medium-square":["https:\/\/veteran.az\/wp-content\/uploads\/2022\/08\/vladimir_zelenski_ilham_aliyev_270520-675x450.jpg",375,250,true]},"author_info":{"display_name":"Veteran.az","author_link":"https:\/\/veteran.az\/?author=3"},"category_info":"<a href=\"https:\/\/veteran.az\/?cat=6\" rel=\"category\">C\u0259miyy\u0259t<\/a>","tag_info":"C\u0259miyy\u0259t","comment_count":"0","_links":{"self":[{"href":"https:\/\/veteran.az\/index.php?rest_route=\/wp\/v2\/posts\/18145","targetHints":{"allow":["GET"]}}],"collection":[{"href":"https:\/\/veteran.az\/index.php?rest_route=\/wp\/v2\/posts"}],"about":[{"href":"https:\/\/veteran.az\/index.php?rest_route=\/wp\/v2\/types\/post"}],"author":[{"embeddable":true,"href":"https:\/\/veteran.az\/index.php?rest_route=\/wp\/v2\/users\/3"}],"replies":[{"embeddable":true,"href":"https:\/\/veteran.az\/index.php?rest_route=%2Fwp%2Fv2%2Fcomments&post=18145"}],"version-history":[{"count":1,"href":"https:\/\/veteran.az\/index.php?rest_route=\/wp\/v2\/posts\/18145\/revisions"}],"predecessor-version":[{"id":18147,"href":"https:\/\/veteran.az\/index.php?rest_route=\/wp\/v2\/posts\/18145\/revisions\/18147"}],"wp:featuredmedia":[{"embeddable":true,"href":"https:\/\/veteran.az\/index.php?rest_route=\/wp\/v2\/media\/18146"}],"wp:attachment":[{"href":"https:\/\/veteran.az\/index.php?rest_route=%2Fwp%2Fv2%2Fmedia&parent=18145"}],"wp:term":[{"taxonomy":"category","embeddable":true,"href":"https:\/\/veteran.az\/index.php?rest_route=%2Fwp%2Fv2%2Fcategories&post=18145"},{"taxonomy":"post_tag","embeddable":true,"href":"https:\/\/veteran.az\/index.php?rest_route=%2Fwp%2Fv2%2Ftags&post=18145"}],"curies":[{"name":"wp","href":"https:\/\/api.w.org\/{rel}","templated":true}]}}