{"id":17982,"date":"2022-08-15T08:31:08","date_gmt":"2022-08-15T04:31:08","guid":{"rendered":"http:\/\/veteran.az\/?p=17982"},"modified":"2022-08-15T23:36:14","modified_gmt":"2022-08-15T19:36:14","slug":"it-gunund%c9%99-yasamagimiz-b%c9%99s-deyildi-it-ili-d%c9%99-bu-yandan-cixdi","status":"publish","type":"post","link":"https:\/\/veteran.az\/?p=17982","title":{"rendered":"\u0130T G\u00dcN\u00dcND\u018f YA\u015eAMA\u011eIMIZ B\u018fS DEY\u0130LD\u0130, \u0130T \u0130L\u0130 D\u018f BU YANDAN \u00c7IXDI&#8230;"},"content":{"rendered":"\n<p><strong>2018-ci il \u0130t ilind\u0259 yaz\u0131lm\u0131\u015f yaz\u0131&#8230;<\/strong><\/p>\n\n\n\n<p><em><strong><span class=\"has-inline-color has-vivid-red-color\">Xaqani \u018fd\u0259bo\u011flu<\/span><\/strong><\/em><\/p>\n\n\n\n<p><strong><em>Bir ingilis aforizmind\u0259 t\u0259xmin\u0259n bel\u0259 deyilirdi: &#187;&nbsp;Tanr\u0131 biz\u0259 h\u0259r \u015fey verib: g\u00f6z\u0259l t\u0259bi\u0259t, t\u0259bii s\u0259rv\u0259tl\u0259r, maddi nem\u0259tl\u0259r&#8230; V\u0259 bizi bunlardan m\u0259rhum ed\u0259n oliqarxlar&#187;&#8230;<\/em><\/strong><\/p>\n\n\n\n<p><br><em>Biz yek\u0259-yek\u0259 dan\u0131\u015fma\u011f\u0131 v\u0259 Atanesin yalan\u0131na ay\u0259 kimi inanm\u0131\u015f bir toplumuq. Bir n\u0259f\u0259r boynu qalstuk taxmaq boyda yek\u0259l\u0259n bir g\u0259ncimizin Albaniya haqq\u0131nda h\u00f6kk\u00fcld\u0259yib mill\u0259t\u0259 tarix d\u0259rsi ke\u00e7m\u0259sini g\u00f6rs\u0259ydiniz, m\u00fctl\u0259q \u00f6z\u00fcn\u00fcz\u0259 bu adamlarla eyni dild\u0259 dan\u0131\u015fd\u0131\u011f\u0131n\u0131za g\u00f6r\u0259 s\u00f6y\u0259rdiniz. Bu adam &#171;Erm\u0259nistan tarixi&#187; yazan Treveri oxuyub el\u0259 bilir ki, C\u0259bray\u0131l\u0131n v\u0259hyini dinl\u0259\u0131yib. \u00dcst\u0259lik, tarix fak\u00fclt\u0259sini bitirib dey\u0259, \u00f6z\u00fcn\u00fc tarix\u00e7i elan el\u0259yib. Amma bilmir ki, bu m\u00fcasir elm sisteml\u0259ri Avrosentrizmin yalanlar\u0131n\u0131 qorumaq \u00fc\u00e7\u00fcn d\u00fc\u015f\u00fcn\u00fclm\u00fc\u015f m\u0259rk\u0259zl\u0259rdir. \u00d6z xalq\u0131n\u0131n tarixini bilm\u0259k \u00fc\u00e7\u00fcn pulla imtahan verib &#171;oxumaq&#187; yox, sad\u0259c\u0259 tarixi m\u0259nb\u0259l\u0259ri OXUMAQ laz\u0131md\u0131r v\u0259 yet\u0259rlidir. Bel\u0259 danqlaqlar\u0131n elmsizliyi \u00fcz\u00fcnd\u0259n hay-bo\u015f qara\u00e7\u0131lar\u0131 Yuxar\u0131 F\u0259rat h\u00f6vz\u0259sind\u0259 itirdikl\u0259ri, Hannibal\u0131n hesab\u0131na sal\u0131nan v\u0259 Plutarx\u0131n yazd\u0131\u011f\u0131na g\u00f6r\u0259 \u015f\u0259h\u0259r\u0259 y\u0131\u011fmaq \u00fc\u00e7\u00fcn hay tapmad\u0131qlar\u0131na g\u00f6r\u0259, qordienl\u0259ri, adabenl\u0259ri, yunanlar\u0131 v\u0259 s. zorla g\u0259tirib y\u0131\u011fd\u0131qlar\u0131 Tiqrankerti A\u011fdamda &#171;tap\u0131blar&#187;. Bu &#171;m\u0131\u015fka&#187; q\u0259hr\u0259manlar\u0131n\u0131n biveclikl\u0259ri say\u0259sind\u0259, bizim biqeyr\u0259tl\u0259r he\u00e7 \u00f6z yataq otaqlar\u0131nda qovalay\u0131b \u00f6z Haykanu\u015flar\u0131n\u0131 tapa bilmirl\u0259r. Amma bu x\u0259st\u0259 hay-bo\u015f qara\u00e7\u0131lar\u0131 Ad\u0259md\u0259n b\u0259ri bizim olan torpaqlarda \u00f6zl\u0259rin\u0259 tarix uydururlar v\u0259 bel\u0259 tarix\u00e7i yeti\u015fdir\u0259n m\u0259rk\u0259zl\u0259r d\u0259 onu xalqa s\u0131r\u0131maqla m\u0259\u015f\u011ful olmaqdad\u0131rlar. \u0130nanm\u0131rs\u0131n\u0131z 5-6 n\u0259f\u0259r istisna etm\u0259kl\u0259 g\u00f6zd\u0259n ke\u00e7irin.&nbsp;<\/em><\/p>\n\n\n\n<p><br><em>30&nbsp;ildir ki, yaz\u0131ram ki, alban mill\u0259t ad\u0131 deyil, \u00f6lk\u0259 ad\u0131d\u0131r. Amma ham\u0131 alban mill\u0259ti g\u0259zir. Bar\u0131 bilmirl\u0259r ki, Albaniya konfederal qurulu\u015fa malik bir d\u00f6vl\u0259t olub v\u0259 bilmirl\u0259r ki, Albaniya bir sang-sak \u00f6lk\u0259sidir. Bilmirl\u0259r ki bu \u00f6lk\u0259 tapulu (y\u0259ni kup\u00e7al\u0131) Alp \u018fr Tunqan\u0131n o\u011flu Alp Aravaz\u0131n yurdudur v\u0259 bir d\u0259 bilmirl\u0259r ki, sak-o\u011fuzlar b\u0259\u015f\u0259riyy\u0259tin ba\u015fland\u0131\u011f\u0131 bir anlamd\u0131r. XVII \u0259sr\u0259d\u0259k biz\u0259 sak-skif dey\u0259n Avrosentristl\u0259r XIX \u0259srd\u0259n bu xalq\u0131 hind-avropa uydurmas\u0131na uy\u011fun irandilli elan edibl\u0259r. Eyni m\u0259nz\u0259r\u0259 Midiya il\u0259 ba\u011fl\u0131d\u0131r. Kim idi, Midiya xalq\u0131? \u018flb\u0259tt\u0259 ki, sang-saklar idi. Eyni yalan\u0131 \u015fumer ad\u0131yla ortaya at\u0131blar. Bu ad da saxtad\u0131r. O xalq \u00f6z\u00fcn\u00fc sang-igiga xalq\u0131 adland\u0131r\u0131rd\u0131. K\u0259narda ya\u015fayan qol is\u0259 kangar adland\u0131r\u0131l\u0131rd\u0131. Bir-birind\u0259n referat k\u00f6\u00e7\u00fcrm\u0259kl\u0259 tarix\u00e7i olmaq, Qu yumurtas\u0131ndan bala \u00e7\u0131xarmaq kimi bir \u015feydir.<\/em><br><em>Kims\u0259 \u0259sil m\u0259nb\u0259ni axtar\u0131b aramaq ist\u0259mir. \u018fhm\u0259d Mkrtcyandan k\u00f6\u00e7\u00fcr\u00fcb yazd\u0131\u011f\u0131n\u0131 M\u0259mm\u0259d d\u0259 yaz\u0131r. Bats\u0131n sizin kimi bivecl\u0259ri, bil\u0259k ki, he\u00e7 \u0259llam\u0259miz d\u0259 yoxdur&#8230;<\/em><\/p>\n\n\n\n<p><br><strong><em>&#8230;Biz tarix\u0259 atd\u0131\u011f\u0131m\u0131z bu \u00e7\u0131nq\u0131llar top m\u0259rmil\u0259ri kimi \u00fcst\u00fcm\u00fcz\u0259 qay\u0131td\u0131. Qa\u00e7 ki, qa\u00e7asan.&nbsp;<\/em><\/strong><\/p>\n\n\n\n<p><br><em>Almaniyada b\u0259nd alan bir soyda\u015f\u0131m\u0131z onu \u00f6lk\u0259d\u0259n \u00e7\u0131xarmaq \u00fc\u00e7\u00fcn g\u0259l\u0259n polisi girov g\u00f6t\u00fcr\u00fcb. H\u0259l\u0259 \u00fcst\u0259lik d\u0259, h\u0259yat yolda\u015f\u0131 \u00f6z\u00fcn\u0259 b\u0131\u00e7aqla x\u0259sar\u0259t yetirib ki, buradan getmirik. Adam zorla da olsa d\u00fc\u015f\u00fcnm\u0259y\u0259 m\u0259cbur olur ki, b\u0259s xeyir ola d\u00fcnyan\u0131n g\u00f6z\u00fc olan Az\u0259rbaycandan qa\u00e7maq v\u0259 qurtulmaq \u00fc\u00e7\u00fcn saxta s\u0259n\u0259dlr\u0259 &#171;N&#187; q\u0259d\u0259r d\u0259 pul verib gedirs\u0259n? Amma Almaniyada 5 g\u00fcn ya\u015fam\u0131san \u00e7\u0131xmamaq \u00fc\u00e7\u00fcn h\u0259ngam\u0259 qopar\u0131rsan? 50 il ya\u015fad\u0131\u011f\u0131n Az\u0259rbaycandansa Almaniyan\u0131n h\u0259bsxanas\u0131n\u0131 se\u00e7irs\u0259n? Ay\u0131blar olsun&#8230;<\/em><\/p>\n\n\n\n<p><br><em>D\u00fc\u015f\u00fcn\u00fcn v\u0259 bu h\u0259ngam\u0259l\u0259ri \u0259l-\u0259l\u0259 verib yaratd\u0131q. Erm\u0259ni meydana terror\u00e7ular\u0131 \u00e7\u0131xaranda, biz alver\u00e7il\u0259ri \u00e7\u0131xartd\u0131q. Erm\u0259ni g\u00fcll\u0259 atanda, biz da\u015f atma\u011fa ba\u015flad\u0131q v\u0259 da\u015f\u0131n haqq\u0131n\u0131 &#171;u\u00e7astkov\u0131ya&#187; verirdik ki, bizi tutmas\u0131n. Erm\u0259ni avtomat silaha ke\u00e7\u0259nd\u0259, biz ov t\u00fcf\u0259ngin\u0259 ke\u00e7dik. Patron satanlara giliz almaq \u00fc\u00e7\u00fcn iki qat pul verirdik. Erm\u0259ni top atanda, biz t\u0259lim avtomatlar\u0131na ke\u00e7dik v\u0259 onun da patronunu da pulla al\u0131rd\u0131q. O da \u00fc\u00e7\u00fcnd\u0259n birini at\u0131rd\u0131. Erm\u0259ni ortaya generallar \u00e7\u0131xardanda, biz d\u0259 \u0259sg\u0259rlikd\u0259n f\u0259rar etmi\u015fl\u0259ri ortaya \u00e7\u0131xard\u0131q. \u018fslind\u0259 biz \u00e7\u0131xarmad\u0131q. \u00c7\u0131xardan \u00e7\u0131xartd\u0131. Amma bu d\u0259l\u0259duzlar h\u0259l\u0259 d\u0259 el\u0259 q\u0131\u015fq\u0131r\u0131rlar ki, sanki bunlara h\u0259l\u0259 d\u0259 20 faiz torpaq borcumuz qal\u0131b&#8230;<\/em><\/p>\n\n\n\n<p><br><em>Budur m\u0259ml\u0259k\u0259tin hal\u0131. \u0130t g\u00fcn\u00fcnd\u0259 ya\u015fay\u0131\u015fa \u015f\u00fckr ed\u0259-ed\u0259 \u0130t ilin\u0259 q\u0259d\u0259m qoyduq. Amma sahibsiz itl\u0259r\u0259 son zamanlar mill\u0259t yaman sahib \u00e7\u0131x\u0131b. Qabaqlar soru\u015fana deyirdin ki, bekar\u00e7\u0131l\u0131qdan &#171;it da\u015flay\u0131ram&#187;. Amma bel\u0259 gets\u0259 sahibsiz bir mill\u0259tin n\u00fcmay\u0259nd\u0259si kimi deyin: &#171;Bekar\u00e7\u0131l\u0131qd\u0131r, itl\u0259r bizi da\u015flay\u0131r&#187;.<\/em><\/p>\n\n\n\n<p><br><em>He\u00e7 bilmir\u0259m o it toyu el\u0259y\u0259n &#171;Ata&#187; v\u0259 toyu yola ver\u0259n a\u015f\u0131qlar\u0131n sonu nec\u0259 oldu? Biz \u00f6z uzaq g\u00f6r\u0259nl\u0259rimizi h\u0259mi\u015f\u0259 hoydu-hoyduya g\u00f6t\u00fcr\u0259rik. <\/em><\/p>\n\n\n\n<p><em>R\u0259hm\u0259tlik&nbsp;<strong>Seyid \u018fzim<\/strong>&nbsp;demi\u015f:&nbsp;<\/em><\/p>\n\n\n\n<p><br><em>&#171;\u0130t dem\u0259, ol d\u0259xi bizim birimiz,<\/em><br><em>Bel\u0259 \u00f6lm\u00fc\u015fl\u0259r\u0259 f\u0259da dirimiz&#187;.<\/em><\/p>\n\n\n\n<p><br><strong><em>N\u0259 is\u0259. \u0130t g\u00fcn\u00fcnd\u0259 ya\u015fama\u011f\u0131m\u0131z b\u0259s deyildi, \u0130t ili d\u0259 bu yandan \u00e7\u0131xd\u0131&#8230;<\/em><\/strong><\/p>\n\n\n\n<p>M\u0259nb\u0259: F\u0259dai.az<\/p>\n","protected":false},"excerpt":{"rendered":"<p>2018-ci il \u0130t ilind\u0259 yaz\u0131lm\u0131\u015f yaz\u0131&#8230; Xaqani \u018fd\u0259bo\u011flu Bir ingilis aforizmind\u0259 t\u0259xmin\u0259n bel\u0259 deyilirdi: &#187;&nbsp;Tanr\u0131&#8230;<\/p>\n","protected":false},"author":3,"featured_media":0,"comment_status":"closed","ping_status":"closed","sticky":false,"template":"","format":"standard","meta":{"footnotes":""},"categories":[11],"tags":[],"class_list":["post-17982","post","type-post","status-publish","format-standard","hentry","category-sag"],"featured_image_urls":{"full":"","thumbnail":"","medium":"","medium_large":"","large":"","1536x1536":"","2048x2048":"","covernews-slider-full":"","covernews-slider-center":"","covernews-featured":"","covernews-medium":"","covernews-medium-square":""},"author_info":{"display_name":"Veteran.az","author_link":"https:\/\/veteran.az\/?author=3"},"category_info":"<a href=\"https:\/\/veteran.az\/?cat=11\" rel=\"category\">Ba\u015fsa\u011fl\u0131\u011f\u0131<\/a>","tag_info":"Ba\u015fsa\u011fl\u0131\u011f\u0131","comment_count":"0","_links":{"self":[{"href":"https:\/\/veteran.az\/index.php?rest_route=\/wp\/v2\/posts\/17982","targetHints":{"allow":["GET"]}}],"collection":[{"href":"https:\/\/veteran.az\/index.php?rest_route=\/wp\/v2\/posts"}],"about":[{"href":"https:\/\/veteran.az\/index.php?rest_route=\/wp\/v2\/types\/post"}],"author":[{"embeddable":true,"href":"https:\/\/veteran.az\/index.php?rest_route=\/wp\/v2\/users\/3"}],"replies":[{"embeddable":true,"href":"https:\/\/veteran.az\/index.php?rest_route=%2Fwp%2Fv2%2Fcomments&post=17982"}],"version-history":[{"count":2,"href":"https:\/\/veteran.az\/index.php?rest_route=\/wp\/v2\/posts\/17982\/revisions"}],"predecessor-version":[{"id":17992,"href":"https:\/\/veteran.az\/index.php?rest_route=\/wp\/v2\/posts\/17982\/revisions\/17992"}],"wp:attachment":[{"href":"https:\/\/veteran.az\/index.php?rest_route=%2Fwp%2Fv2%2Fmedia&parent=17982"}],"wp:term":[{"taxonomy":"category","embeddable":true,"href":"https:\/\/veteran.az\/index.php?rest_route=%2Fwp%2Fv2%2Fcategories&post=17982"},{"taxonomy":"post_tag","embeddable":true,"href":"https:\/\/veteran.az\/index.php?rest_route=%2Fwp%2Fv2%2Ftags&post=17982"}],"curies":[{"name":"wp","href":"https:\/\/api.w.org\/{rel}","templated":true}]}}