{"id":1798,"date":"2019-10-12T11:42:37","date_gmt":"2019-10-12T07:42:37","guid":{"rendered":"http:\/\/veteran.az\/?p=1798"},"modified":"2019-10-12T11:51:25","modified_gmt":"2019-10-12T07:51:25","slug":"avmvib-tovuz-rayonunda-layih%c9%99-c%c9%99rciv%c9%99sind%c9%99-t%c9%99dbir-kecirdi","status":"publish","type":"post","link":"https:\/\/veteran.az\/?p=1798","title":{"rendered":"AVMV\u0130B Tovuz rayonunda layih\u0259 \u00e7\u0259r\u00e7iv\u0259sind\u0259 t\u0259dbir ke\u00e7irdi"},"content":{"rendered":"\n<p> Az\u0259rbaycan Respublikas\u0131n\u0131n Prezidenti yan\u0131nda Qeyri-H\u00f6kum\u0259t T\u0259\u015fkilatlar\u0131na D\u00f6vl\u0259t D\u0259st\u0259yi \u015euras\u0131n\u0131n maliyy\u0259 d\u0259st\u0259yi il\u0259 &#171;M\u00fcharib\u0259 veteranlar\u0131na h\u00fcquqi yard\u0131m&#187; adl\u0131 layih\u0259 \u00e7\u0259r\u00e7iv\u0259sind\u0259 AVMV\u0130B, rayon \u015f\u00f6b\u0259l\u0259ri il\u0259 birlikd\u0259 ke\u00e7irdikl\u0259ri t\u0259dbirl\u0259ri davam etdirib.<\/p>\n\n\n\n<p><br>Layih\u0259 \u00e7\u0259r\u00e7iv\u0259sind\u0259 bu d\u0259f\u0259 Tovuz rayon veteranlar\u0131 il\u0259 G\u0259ncl\u0259r  Evind\u0259 geni\u015f t\u0259rkibd\u0259 g\u00f6r\u00fc\u015f ke\u00e7irilib. Layih\u0259 r\u0259hb\u0259ri AVMV\u0130B s\u0259drinin m\u00fcavini Vahid Abd\u00fcr\u0259hmanovun r\u0259hb\u0259rliyi alt\u0131nda h\u0259yata ke\u00e7irilm\u0259si n\u0259z\u0259rd\u0259 tutulan layih\u0259 \u00e7\u0259r\u00e7iv\u0259sind\u0259 rayon veteranlar\u0131n\u0131 maraqland\u0131ran suallara cavablar verilib v\u0259 qald\u0131r\u0131lan probleml\u0259r aidiyyatlar\u0131 \u00fczr\u0259 qrupla\u015fd\u0131r\u0131l\u0131b. T\u0259dbirl\u0259 ba\u011fl\u0131 Vahid Abdur\u0259hmanov bildirdi ki, bu layih\u0259l\u0259rin h\u0259yata ke\u00e7irilm\u0259si m\u00fcharib\u0259 veteranlar\u0131 t\u0259r\u0259find\u0259n raz\u0131l\u0131qla qar\u015f\u0131lan\u0131r. H\u0259m\u00e7inin, veteranlar\u0131m\u0131z\u0131n m\u00f6vcud probleml\u0259ri il\u0259 tan\u0131\u015fl\u0131q \u00fc\u00e7\u00fcn AVMV\u0130B R\u0259hb\u0259rliyi \u0259lav\u0259 bir imkan \u0259ld\u0259 edir. Bu imkan\u0131 yaradan Az\u0259rbaycan Respublikas\u0131n\u0131n Prezidenti yan\u0131nda Qeyri-H\u00f6kum\u0259t T\u0259\u015fkilatlar\u0131na D\u00f6vl\u0259t D\u0259st\u0259yi \u015euras\u0131 r\u0259hb\u0259rliyin\u0259 \u00f6z minn\u0259tdarl\u0131\u011f\u0131m\u0131z\u0131 bildirir\u0259m.<\/p>\n\n\n\n<p><br>G\u00f6r\u00fc\u015fd\u0259 AVMV\u0130B, MNTK s\u0259dri Niyazi Quliyev, \u015f\u00f6b\u0259 m\u00fcdiri Akif Abbasov, AVMV\u0130B Tovuz  rayon \u015f\u00f6b\u0259sinin s\u0259dri Etibar V\u0259liyev, Tovuz rayon \u0130cra Aparat\u0131n\u0131n \u0130ctimai-Siyasi v\u0259 Humanitar M\u0259s\u0259l\u0259l\u0259r \u015f\u00f6b\u0259sinin m\u00fcd\u00fcr m\u00fcavini B\u0259hruz\u0259r R\u00fcst\u0259mov, Tovuz rayon \u0130H-nin m\u0259sul \u0259m\u0259kda\u015f\u0131 Ceyhun \u018fliyev, m\u00fcharib\u0259 veteranlar\u0131 v\u0259 m\u00fcharib\u0259 \u0259lill\u0259ri i\u015ftirak edirdil\u0259r.<br>T\u0259dbird\u0259 \u00e7\u0131x\u0131\u015f ed\u0259n AVMV\u0130B s\u0259drinin m\u00fcavini, &#171;M\u00fcharib\u0259 veteranlar\u0131na h\u00fcquqi yard\u0131m&#187; adl\u0131 layih\u0259nin r\u0259hb\u0259ri Vahid Abd\u00fcr\u0259hmanov \u00e7\u0131x\u0131\u015f ed\u0259r\u0259k bu layih\u0259nin bir \u00e7ox veteranlar\u0131m\u0131z\u0131n probleml\u0259rinin h\u0259llind\u0259 oynad\u0131\u011f\u0131 m\u00fcsb\u0259t rolundan dan\u0131\u015fd\u0131. Faktlarla layih\u0259 \u00e7\u0259r\u00e7iv\u0259sind\u0259 \u00f6z h\u00fcquqlar\u0131n\u0131 b\u0259rpa ed\u0259 bilmi\u015f veteranlar\u0131m\u0131z\u0131n bundan sonra da h\u00fcquqlar\u0131n\u0131n b\u0259rpas\u0131na h\u0259r vasit\u0259 il\u0259 yard\u0131m\u00e7\u0131 olacaqlar\u0131n\u0131 qeyd etdi.<\/p>\n\n\n\n<p><br>\u00c7\u0131x\u0131\u015f ed\u0259nl\u0259r bu tip layih\u0259l\u0259rin h\u0259yata ke\u00e7iruilm\u0259sinin vacibliyind\u0259n dan\u0131\u015fd\u0131lar. AVMV\u0130B Tovuz rayon \u015f\u00f6b\u0259sinin s\u0259dri Etibar V\u0259liyev bildirdi ki, veteran probleml\u0259rin\u0259 h\u0259sr olunmu\u015f bel\u0259 layih\u0259l\u0259rin b\u00f6y\u00fck \u0259h\u0259miyy\u0259ti var. Bel\u0259 layih\u0259l\u0259rin bizim rayonda h\u0259yata ke\u00e7irilm\u0259si d\u0259 m\u00fcharib\u0259 veteranlar\u0131 t\u0259r\u0259find\u0259n r\u0259\u011fb\u0259tl\u0259 qar\u015f\u0131lan\u0131b. Ona g\u00f6r\u0259 d\u0259 bel\u0259 layih\u0259l\u0259rin c\u0259bh\u0259 b\u00f6lg\u0259si olan Tovuz rayonunda ke\u00e7irilm\u0259sini alq\u0131\u015flay\u0131r\u0131q.<\/p>\n\n\n\n<p><br>AVMV\u0130B, Az\u0259rbaycan Respublikas\u0131n\u0131n Prezidenti yan\u0131nda Qeyri-H\u00f6kum\u0259t T\u0259\u015fkilatlar\u0131na D\u00f6vl\u0259t D\u0259st\u0259yi \u015euras\u0131n\u0131n maliyy\u0259 d\u0259st\u0259yi il\u0259 &#171;M\u00fcharib\u0259 veteranlar\u0131na h\u00fcquqi yard\u0131m&#187; adl\u0131 layih\u0259sini davam etdir\u0259c\u0259k.<\/p>\n\n\n\n<p><br>Rauf H\u00fcseynov <\/p>\n\n\n\n<figure class=\"wp-block-image\"><img loading=\"lazy\" decoding=\"async\" width=\"1024\" height=\"681\" src=\"http:\/\/veteran.az\/wp-content\/uploads\/2019\/10\/DSC_7822-1-1024x681.jpg\" alt=\"\" class=\"wp-image-1802\" srcset=\"https:\/\/veteran.az\/wp-content\/uploads\/2019\/10\/DSC_7822-1-1024x681.jpg 1024w, https:\/\/veteran.az\/wp-content\/uploads\/2019\/10\/DSC_7822-1-300x199.jpg 300w, https:\/\/veteran.az\/wp-content\/uploads\/2019\/10\/DSC_7822-1-768x511.jpg 768w, https:\/\/veteran.az\/wp-content\/uploads\/2019\/10\/DSC_7822-1-1536x1020.jpg 1536w, https:\/\/veteran.az\/wp-content\/uploads\/2019\/10\/DSC_7822-1-675x450.jpg 675w\" sizes=\"auto, (max-width: 1024px) 100vw, 1024px\" \/><\/figure>\n\n\n\n<figure class=\"wp-block-image\"><img loading=\"lazy\" decoding=\"async\" width=\"1024\" height=\"681\" src=\"http:\/\/veteran.az\/wp-content\/uploads\/2019\/10\/DSC_7806-1-1024x681.jpg\" alt=\"\" class=\"wp-image-1803\" srcset=\"https:\/\/veteran.az\/wp-content\/uploads\/2019\/10\/DSC_7806-1-1024x681.jpg 1024w, https:\/\/veteran.az\/wp-content\/uploads\/2019\/10\/DSC_7806-1-300x199.jpg 300w, https:\/\/veteran.az\/wp-content\/uploads\/2019\/10\/DSC_7806-1-768x511.jpg 768w, https:\/\/veteran.az\/wp-content\/uploads\/2019\/10\/DSC_7806-1-1536x1020.jpg 1536w, https:\/\/veteran.az\/wp-content\/uploads\/2019\/10\/DSC_7806-1-675x450.jpg 675w\" sizes=\"auto, (max-width: 1024px) 100vw, 1024px\" \/><\/figure>\n\n\n\n<figure class=\"wp-block-image\"><img loading=\"lazy\" decoding=\"async\" width=\"1024\" height=\"681\" src=\"http:\/\/veteran.az\/wp-content\/uploads\/2019\/10\/DSC_7825-1-1024x681.jpg\" alt=\"\" class=\"wp-image-1804\" srcset=\"https:\/\/veteran.az\/wp-content\/uploads\/2019\/10\/DSC_7825-1-1024x681.jpg 1024w, https:\/\/veteran.az\/wp-content\/uploads\/2019\/10\/DSC_7825-1-300x199.jpg 300w, https:\/\/veteran.az\/wp-content\/uploads\/2019\/10\/DSC_7825-1-768x511.jpg 768w, https:\/\/veteran.az\/wp-content\/uploads\/2019\/10\/DSC_7825-1-1536x1020.jpg 1536w, https:\/\/veteran.az\/wp-content\/uploads\/2019\/10\/DSC_7825-1-675x450.jpg 675w\" sizes=\"auto, (max-width: 1024px) 100vw, 1024px\" \/><\/figure>\n\n\n\n<figure class=\"wp-block-image\"><img loading=\"lazy\" decoding=\"async\" width=\"1024\" height=\"681\" src=\"http:\/\/veteran.az\/wp-content\/uploads\/2019\/10\/DSC_7858-1-1024x681.jpg\" alt=\"\" class=\"wp-image-1805\" srcset=\"https:\/\/veteran.az\/wp-content\/uploads\/2019\/10\/DSC_7858-1-1024x681.jpg 1024w, https:\/\/veteran.az\/wp-content\/uploads\/2019\/10\/DSC_7858-1-300x199.jpg 300w, https:\/\/veteran.az\/wp-content\/uploads\/2019\/10\/DSC_7858-1-768x511.jpg 768w, https:\/\/veteran.az\/wp-content\/uploads\/2019\/10\/DSC_7858-1-1536x1020.jpg 1536w, https:\/\/veteran.az\/wp-content\/uploads\/2019\/10\/DSC_7858-1-675x450.jpg 675w\" sizes=\"auto, (max-width: 1024px) 100vw, 1024px\" \/><\/figure>\n","protected":false},"excerpt":{"rendered":"<p>Az\u0259rbaycan Respublikas\u0131n\u0131n Prezidenti yan\u0131nda Qeyri-H\u00f6kum\u0259t T\u0259\u015fkilatlar\u0131na D\u00f6vl\u0259t D\u0259st\u0259yi \u015euras\u0131n\u0131n maliyy\u0259 d\u0259st\u0259yi il\u0259 &#171;M\u00fcharib\u0259 veteranlar\u0131na h\u00fcquqi&#8230;<\/p>\n","protected":false},"author":3,"featured_media":1799,"comment_status":"open","ping_status":"closed","sticky":false,"template":"","format":"standard","meta":{"footnotes":""},"categories":[12],"tags":[],"class_list":["post-1798","post","type-post","status-publish","format-standard","has-post-thumbnail","hentry","category-veteran"],"featured_image_urls":{"full":["https:\/\/veteran.az\/wp-content\/uploads\/2019\/10\/DSC_7858.jpg",3008,2000,false],"thumbnail":["https:\/\/veteran.az\/wp-content\/uploads\/2019\/10\/DSC_7858-150x150.jpg",150,150,true],"medium":["https:\/\/veteran.az\/wp-content\/uploads\/2019\/10\/DSC_7858-300x199.jpg",300,199,true],"medium_large":["https:\/\/veteran.az\/wp-content\/uploads\/2019\/10\/DSC_7858-768x511.jpg",640,426,true],"large":["https:\/\/veteran.az\/wp-content\/uploads\/2019\/10\/DSC_7858-1024x681.jpg",640,426,true],"1536x1536":["https:\/\/veteran.az\/wp-content\/uploads\/2019\/10\/DSC_7858.jpg",1536,1021,false],"2048x2048":["https:\/\/veteran.az\/wp-content\/uploads\/2019\/10\/DSC_7858.jpg",2048,1362,false],"covernews-slider-full":["https:\/\/veteran.az\/wp-content\/uploads\/2019\/10\/DSC_7858-1536x1020.jpg",1077,715,true],"covernews-slider-center":["https:\/\/veteran.az\/wp-content\/uploads\/2019\/10\/DSC_7858-936x897.jpg",522,500,true],"covernews-featured":["https:\/\/veteran.az\/wp-content\/uploads\/2019\/10\/DSC_7858-1024x681.jpg",1024,681,true],"covernews-medium":["https:\/\/veteran.az\/wp-content\/uploads\/2019\/10\/DSC_7858-720x380.jpg",540,285,true],"covernews-medium-square":["https:\/\/veteran.az\/wp-content\/uploads\/2019\/10\/DSC_7858-675x450.jpg",375,250,true]},"author_info":{"display_name":"Veteran.az","author_link":"https:\/\/veteran.az\/?author=3"},"category_info":"<a href=\"https:\/\/veteran.az\/?cat=12\" rel=\"category\">Veteran d\u00fcnyas\u0131<\/a>","tag_info":"Veteran d\u00fcnyas\u0131","comment_count":"0","_links":{"self":[{"href":"https:\/\/veteran.az\/index.php?rest_route=\/wp\/v2\/posts\/1798","targetHints":{"allow":["GET"]}}],"collection":[{"href":"https:\/\/veteran.az\/index.php?rest_route=\/wp\/v2\/posts"}],"about":[{"href":"https:\/\/veteran.az\/index.php?rest_route=\/wp\/v2\/types\/post"}],"author":[{"embeddable":true,"href":"https:\/\/veteran.az\/index.php?rest_route=\/wp\/v2\/users\/3"}],"replies":[{"embeddable":true,"href":"https:\/\/veteran.az\/index.php?rest_route=%2Fwp%2Fv2%2Fcomments&post=1798"}],"version-history":[{"count":3,"href":"https:\/\/veteran.az\/index.php?rest_route=\/wp\/v2\/posts\/1798\/revisions"}],"predecessor-version":[{"id":1807,"href":"https:\/\/veteran.az\/index.php?rest_route=\/wp\/v2\/posts\/1798\/revisions\/1807"}],"wp:featuredmedia":[{"embeddable":true,"href":"https:\/\/veteran.az\/index.php?rest_route=\/wp\/v2\/media\/1799"}],"wp:attachment":[{"href":"https:\/\/veteran.az\/index.php?rest_route=%2Fwp%2Fv2%2Fmedia&parent=1798"}],"wp:term":[{"taxonomy":"category","embeddable":true,"href":"https:\/\/veteran.az\/index.php?rest_route=%2Fwp%2Fv2%2Fcategories&post=1798"},{"taxonomy":"post_tag","embeddable":true,"href":"https:\/\/veteran.az\/index.php?rest_route=%2Fwp%2Fv2%2Ftags&post=1798"}],"curies":[{"name":"wp","href":"https:\/\/api.w.org\/{rel}","templated":true}]}}