{"id":1788,"date":"2019-10-12T10:43:32","date_gmt":"2019-10-12T06:43:32","guid":{"rendered":"http:\/\/veteran.az\/?p=1788"},"modified":"2019-10-12T10:55:27","modified_gmt":"2019-10-12T06:55:27","slug":"avmvib-x%c9%99z%c9%99r-rayon-sob%c9%99sind%c9%99-t%c9%99skilatin-25-illiyi-qeyd-edildi","status":"publish","type":"post","link":"https:\/\/veteran.az\/?p=1788","title":{"rendered":"AVMV\u0130B X\u0259z\u0259r rayon \u015f\u00f6b\u0259sind\u0259 t\u0259\u015fkilat\u0131n 25 illiyi qeyd edildi"},"content":{"rendered":"\n<p>AVMV\u0130B-yinin yubiley t\u0259dbirl\u0259ri davam edir.N\u00f6vb\u0259ti t\u0259dbir X\u0259z\u0259r rayonunun M\u0259rd\u0259kan q\u0259s\u0259b\u0259sind\u0259 ba\u015f tutdu.<\/p>\n\n\n\n<p>11 oktyabr 2019-cu il tarixind\u0259 M\u0259rd\u0259kan M\u0259d\u0259niyy\u0259t Saray\u0131nda AVMV\u0130B-nin X\u0259z\u0259r rayon \u015f\u00f6b\u0259si Az\u0259rbaycan V\u0259t\u0259n M\u00fcharib\u0259 Veteranlar\u0131 \u0130ctimai B\u0130rliyinin 25 illik yubiley t\u0259dbiri ke\u00e7irildi.<\/p>\n\n\n\n<p>T\u0259dbird\u0259, AVMV\u0130B s\u0259dri F\u00fczuli Rzaquliyev,  AVMV\u0130B X\u0259z\u0259r rayon \u015f\u00f6b\u0259sinin s\u0259dri Ras\u0259t Ta\u011f\u0131yev, SHX\u00c7DX \u0130dar\u0259sinin r\u0259is m\u00fcavini polkovnik \u015eaiq M\u0259mm\u0259dov, Bak\u0131 \u015f\u0259h\u0259r X\u0259z\u0259r rayon \u0130cra aparat\u0131n\u0131n \u0130ctimai-Siyasi v\u0259 Humanitar M\u0259s\u0259l\u0259l\u0259r \u015f\u00f6b\u0259sinin m\u00fcdiri G\u00fclbala Qurbanov, Milli F\u0259dail\u0259r H\u0259r\u0259kat\u0131n\u0131n qurucusu Fuad Muradov, Qaraba\u011f M\u00fcharib\u0259 \u018flill\u0259ri, Veteranlar\u0131 v\u0259 \u015e\u0259hid ail\u0259l\u0259ri \u0130B-nin X\u0259z\u0259r rayon \u015f\u00f6b\u0259sinin s\u0259dri S\u0259fa \u018fliyev, \u015e\u0259hid ail\u0259l\u0259rin\u0259 &#171;Qay\u011f\u0131&#187; c\u0259miyy\u0259tinin s\u0259dri M\u00fc\u015fviq \u018fliyev, Qaraba\u011f d\u00f6y\u00fc\u015fl\u0259rind\u0259 i\u015ftirak etmi\u015f Qaraba\u011f m\u00fcharib\u0259 veteranlar\u0131 v\u0259 dig\u0259r qonaqlar i\u015ftirak edirdil\u0259r.<\/p>\n\n\n\n<p>T\u0259dbir Az\u0259rbaycan Respublikas\u0131n\u0131n D\u00f6vl\u0259t Himninin s\u0259sl\u0259ndirilm\u0259si il\u0259 ba\u015fland\u0131, Qaraba\u011f u\u011frunda ged\u0259n d\u00f6y\u00fc\u015fl\u0259rd\u0259 h\u0259lak olmu\u015f d\u00f6y\u00fc\u015f\u00e7\u00fcl\u0259rimizin xatir\u0259si 1 d\u0259qiq\u0259lik s\u00fckutla yad edildi.<\/p>\n\n\n\n<p>T\u0259dbiri giri\u015f s\u00f6z\u00fc il\u0259 AVMV\u0130B X\u0259z\u0259r rayon \u015f\u00f6b\u0259sinin s\u0259dri Ras\u0259t Ta\u011f\u0131yev a\u00e7\u0131q elan etdi. Ras\u0259t Ta\u011f\u0131yev Az\u0259rbaycan Respublikas\u0131n\u0131n Prezidenti c\u0259nab \u0130lham \u018fliyevin Qaraba\u011f veteranlar\u0131na, m\u00fcharib\u0259 \u0259lill\u0259rin\u0259, \u015f\u0259hid ail\u0259l\u0259rin\u0259 g\u00f6st\u0259rdiyi d\u00f6vl\u0259t qay\u011f\u0131s\u0131ndan dan\u0131\u015fd\u0131. H\u0259m\u00e7inin Az\u0259rbaycan Respublikas\u0131n\u0131n birinci Vitse-Prezidenti Mehriban xan\u0131m \u018fliyevan\u0131n da veteranlara x\u00fcsusi diqq\u0259tini vur\u011fulad\u0131. Mehriban xan\u0131m\u0131n onlarla m\u00fct\u0259madi olaraq g\u00f6r\u00fc\u015fl\u0259r ke\u00e7irdiyini, onlar\u0131n m\u0259nzill\u0259rl\u0259 t\u0259min edilm\u0259sini, maddi-sosial m\u0259i\u015f\u0259t \u015f\u0259raitl\u0259rinin yax\u015f\u0131la\u015fd\u0131r\u0131lmas\u0131 istiqam\u0259tind\u0259 g\u00f6rd\u00fcy\u00fc t\u0259dbirl\u0259ri qeyd etdi. Ras\u0259t m\u00fc\u0259llim X\u0259z\u0259r rayon \u0130cra Ba\u015f\u00e7\u0131s\u0131 El\u015f\u0259n Salahovun da veteranlara g\u00f6st\u0259rdiyi diqq\u0259ti n\u0259z\u0259r\u0259 \u00e7at\u0131rd\u0131.<\/p>\n\n\n\n<p><br>Ras\u0259t Ta\u011f\u0131yevin \u00e7\u0131x\u0131\u015f\u0131ndan sonra AVMV\u0130B-nin yaranmas\u0131n\u0131n 25 illiyin\u0259 h\u0259sr olunmu\u015f video\u00e7arx izl\u0259nildi.<\/p>\n\n\n\n<p><br>Daha sonra \u00e7\u0131x\u0131\u015f \u00fc\u00e7\u00fcn s\u00f6z Qaraba\u011f m\u00fcharib\u0259 veteran\u0131 AVMV\u0130B s\u0259dri F\u00fczuli Rzaquliyev\u0259 verildi. F\u00fczuli Rzaquliyev, AVMV\u0130B-nin yaranma tarixind\u0259n, Birliyin yarand\u0131\u011f\u0131 g\u00fcnd\u0259n Qaraba\u011f veteranlar\u0131na g\u00f6st\u0259rdiyi xidm\u0259tl\u0259rd\u0259n dan\u0131\u015fd\u0131. Qeyd etdi ki, \u0259g\u0259r &#171;M\u00f6vzu v\u0259t\u0259ndirs\u0259, biz veteranlar h\u0259mi\u015f\u0259 18 ya\u015f\u0131nday\u0131q v\u0259 h\u0259r zaman d\u00f6y\u00fc\u015fm\u0259y\u0259 haz\u0131r\u0131q.&#187;<\/p>\n\n\n\n<p>Sonra s\u00f6z S\u0259f\u0259rb\u0259rlik v\u0259 H\u0259rbi Xidm\u0259t\u0259 \u00c7a\u011f\u0131r\u0131\u015f \u00fczr\u0259 D\u00f6vl\u0259t xidm\u0259tinin S\u0259f\u0259rb\u0259rlik haz\u0131rl\u0131\u011f\u0131 v\u0259 s\u0259f\u0259rb\u0259rlik ba\u015f idar\u0259si r\u0259isinin m\u00fcavini polkovnik \u015eaiq M\u0259mm\u0259dova verildi. \u015eaiq M\u0259mm\u0259dov Az\u0259rbaycanda Qaraba\u011f m\u00fcharib\u0259 veteranlar\u0131na, \u0259lill\u0259rin\u0259 v\u0259 \u015f\u0259hid ail\u0259l\u0259rin\u0259 g\u00f6st\u0259ril\u0259n y\u00fcks\u0259k d\u00f6vl\u0259t qay\u011f\u0131s\u0131n\u0131n \u0259sas\u0131n\u0131n Ulu \u00d6nd\u0259r Heyd\u0259r \u018fliyev t\u0259r\u0259find\u0259n qoyuldu\u011funu bildirdi. D\u00f6vl\u0259t ba\u015f\u00e7\u0131m\u0131z c\u0259nab \u0130lham \u018fliyev Ulu \u00d6nd\u0259rmizin ideyalar\u0131na v\u0259 siyas\u0259tin\u0259 h\u0259r zaman s\u0259daq\u0259t n\u00fcmayi\u015f etdirmi\u015fdir. Polkovnik \u0259lav\u0259 etdi ki, Prezident \u0130lham \u018fliyev Qaraba\u011f veteranlar\u0131na he\u00e7 bir zaman diqq\u0259tini \u0259sirg\u0259m\u0259mi\u015fdir. Buna misal olaraq, yax\u0131n g\u00fcnl\u0259rd\u0259 Qaraba\u011f m\u00fcharib\u0259 veteran\u0131 Orucov Orxan \u0130ladi o\u011flunun G\u00fcrc\u00fcstan v\u0259t\u0259nda\u015f\u0131 olma\u011f\u0131na baxmayaraq, Qaraba\u011f m\u00fcharib\u0259sind\u0259 g\u00f6st\u0259rdiyi xidm\u0259tl\u0259ri n\u0259z\u0259r\u0259 alaraq \u0130lham \u018fliyevin \u015f\u0259xsi t\u0259\u015f\u0259bb\u00fcs\u00fc il\u0259 Az\u0259rbaycan v\u0259t\u0259nda\u015fl\u0131\u011f\u0131 alma\u011f\u0131n\u0131 g\u00f6st\u0259rm\u0259k olar.<\/p>\n\n\n\n<p>T\u0259brik \u00fc\u00e7\u00fcn s\u00f6z X\u0259z\u0259r rayon \u0130cra Hakimiyy\u0259tin\u0131n \u015f\u00f6b\u0259 m\u00fcdiri G\u00fclbala Qurbanova verildi. G\u00fclbala m\u00fc\u0259llim rayon \u0130H-nin h\u0259mi\u015f\u0259 veteranlar\u0131n, \u015f\u0259hid ail\u0259l\u0259rinin, \u0259lill\u0259rinin probleml\u0259ri il\u0259 yax\u0131ndan maraqlan\u0131r, onlar\u0131n probleml\u0259rinin h\u0259llin\u0259 \u0259ll\u0259rind\u0259n g\u0259l\u0259n k\u00f6m\u0259kliyi g\u00f6st\u0259rirl\u0259r. G\u00fclbala Qurbanov Prezidentin &#171;Valday&#187; \u00e7\u0131x\u0131\u015f\u0131na toxunaraq, &#171;Biz h\u0259r zaman Ali Ba\u015f komandan\u0131 d\u0259st\u0259kl\u0259yir v\u0259 onun d\u00f6y\u00fc\u015f \u0259mrini g\u00f6zl\u0259yirik&#187; s\u00f6zl\u0259ril\u0259 \u00e7\u0131x\u0131\u015f\u0131na yekun vurdu.<\/p>\n\n\n\n<p>Sonra \u00e7\u0131x\u0131\u015f \u00fc\u00e7\u00fcn s\u00f6z Milli F\u0259dail\u0259r H\u0259r\u0259kat\u0131n\u0131n qurucusu Fuad Muradova verildi. T\u0259dbirin gedi\u015fat\u0131nda dig\u0259r qonaqlar v\u0259 Qaraba\u011f m\u00fcharib\u0259 veteranlar\u0131 da \u00e7\u0131x\u0131\u015f etdi.<\/p>\n\n\n\n<p>T\u0259dbir X\u0259z\u0259r rayon AVMV\u0130B-nin X\u0259z\u0259r rayon \u015f\u00f6b\u0259sinin s\u0259dri Ras\u0259t Ta\u011f\u0131yevin \u00e7\u0131x\u0131\u015f\u0131 il\u0259 sona \u00e7atd\u0131. Ras\u0259t Ta\u011f\u0131yev g\u0259l\u0259n qonaqlara, veteranlara \u00f6z minn\u0259tdarl\u0131\u011f\u0131n\u0131 bildirdi.Veteranlar\u0131 25 illik yubiley m\u00fcnasib\u0259til\u0259 t\u0259brik ed\u0259r\u0259k, onlara can sa\u011fl\u0131\u011f\u0131 v\u0259 uzun \u00f6m\u00fcr dil\u0259di. Arzu etdi ki, g\u0259l\u0259n il 26 ilimizi Qaraba\u011fda t\u0259nt\u0259n\u0259li \u015f\u0259kild\u0259 qeyd ed\u0259k.<\/p>\n\n\n\n<p>T\u0259dbird\u0259 g\u00f6st\u0259rdiyi ev sahibliyin\u0259 v\u0259 yard\u0131mlar\u0131na g\u00f6r\u0259 M\u0259rd\u0259kan M\u0259d\u0259niyy\u0259t Saray\u0131n\u0131n r\u0259hb\u0259ri \u018flia\u011fa Mirz\u0259yev\u0259 v\u0259 saray\u0131n i\u015f\u00e7il\u0259rin\u0259 t\u0259\u015f\u0259kk\u00fcr edirik.<\/p>\n\n\n\n<p> N\u0259rmin C\u0259lilova<\/p>\n\n\n\n<p>\n\n\u0130ctimai Birliyin X\u0259z\u0259r rayon \u015f\u00f6b\u0259sind\u0259 \u00fcmumi \u015f\u00f6b\u0259nin m\u00fcdiri\n\n<\/p>\n\n\n\n<figure class=\"wp-block-image\"><img loading=\"lazy\" decoding=\"async\" width=\"1024\" height=\"682\" src=\"http:\/\/veteran.az\/wp-content\/uploads\/2019\/10\/1e-1-1024x682.jpg\" alt=\"\" class=\"wp-image-1792\" srcset=\"https:\/\/veteran.az\/wp-content\/uploads\/2019\/10\/1e-1-1024x682.jpg 1024w, https:\/\/veteran.az\/wp-content\/uploads\/2019\/10\/1e-1-300x200.jpg 300w, https:\/\/veteran.az\/wp-content\/uploads\/2019\/10\/1e-1-768x512.jpg 768w, https:\/\/veteran.az\/wp-content\/uploads\/2019\/10\/1e-1-675x450.jpg 675w, https:\/\/veteran.az\/wp-content\/uploads\/2019\/10\/1e-1.jpg 1280w\" sizes=\"auto, (max-width: 1024px) 100vw, 1024px\" \/><\/figure>\n\n\n\n<figure class=\"wp-block-image\"><img loading=\"lazy\" decoding=\"async\" width=\"1024\" height=\"682\" src=\"http:\/\/veteran.az\/wp-content\/uploads\/2019\/10\/1q-1024x682.jpg\" alt=\"\" class=\"wp-image-1793\" srcset=\"https:\/\/veteran.az\/wp-content\/uploads\/2019\/10\/1q-1024x682.jpg 1024w, https:\/\/veteran.az\/wp-content\/uploads\/2019\/10\/1q-300x200.jpg 300w, https:\/\/veteran.az\/wp-content\/uploads\/2019\/10\/1q-768x512.jpg 768w, https:\/\/veteran.az\/wp-content\/uploads\/2019\/10\/1q-675x450.jpg 675w, https:\/\/veteran.az\/wp-content\/uploads\/2019\/10\/1q.jpg 1280w\" sizes=\"auto, (max-width: 1024px) 100vw, 1024px\" \/><\/figure>\n\n\n\n<figure class=\"wp-block-image\"><img loading=\"lazy\" decoding=\"async\" width=\"1024\" height=\"682\" src=\"http:\/\/veteran.az\/wp-content\/uploads\/2019\/10\/1t-1-1024x682.jpg\" alt=\"\" class=\"wp-image-1794\" srcset=\"https:\/\/veteran.az\/wp-content\/uploads\/2019\/10\/1t-1-1024x682.jpg 1024w, https:\/\/veteran.az\/wp-content\/uploads\/2019\/10\/1t-1-300x200.jpg 300w, https:\/\/veteran.az\/wp-content\/uploads\/2019\/10\/1t-1-768x512.jpg 768w, https:\/\/veteran.az\/wp-content\/uploads\/2019\/10\/1t-1-675x450.jpg 675w, https:\/\/veteran.az\/wp-content\/uploads\/2019\/10\/1t-1.jpg 1280w\" sizes=\"auto, (max-width: 1024px) 100vw, 1024px\" \/><figcaption><br><br><br><\/figcaption><\/figure>\n\n\n\n<figure class=\"wp-block-image\"><img loading=\"lazy\" decoding=\"async\" width=\"960\" height=\"720\" src=\"http:\/\/veteran.az\/wp-content\/uploads\/2019\/10\/1u.jpg\" alt=\"\" class=\"wp-image-1795\" srcset=\"https:\/\/veteran.az\/wp-content\/uploads\/2019\/10\/1u.jpg 960w, https:\/\/veteran.az\/wp-content\/uploads\/2019\/10\/1u-300x225.jpg 300w, https:\/\/veteran.az\/wp-content\/uploads\/2019\/10\/1u-768x576.jpg 768w\" sizes=\"auto, (max-width: 960px) 100vw, 960px\" \/><\/figure>\n\n\n\n<figure class=\"wp-block-image\"><img loading=\"lazy\" decoding=\"async\" width=\"734\" height=\"959\" src=\"http:\/\/veteran.az\/wp-content\/uploads\/2019\/10\/1i.jpg\" alt=\"\" class=\"wp-image-1796\" srcset=\"https:\/\/veteran.az\/wp-content\/uploads\/2019\/10\/1i.jpg 734w, https:\/\/veteran.az\/wp-content\/uploads\/2019\/10\/1i-230x300.jpg 230w\" sizes=\"auto, (max-width: 734px) 100vw, 734px\" \/><\/figure>\n","protected":false},"excerpt":{"rendered":"<p>AVMV\u0130B-yinin yubiley t\u0259dbirl\u0259ri davam edir.N\u00f6vb\u0259ti t\u0259dbir X\u0259z\u0259r rayonunun M\u0259rd\u0259kan q\u0259s\u0259b\u0259sind\u0259 ba\u015f tutdu. 11 oktyabr 2019-cu&#8230;<\/p>\n","protected":false},"author":3,"featured_media":1789,"comment_status":"closed","ping_status":"closed","sticky":false,"template":"","format":"standard","meta":{"footnotes":""},"categories":[12],"tags":[],"class_list":["post-1788","post","type-post","status-publish","format-standard","has-post-thumbnail","hentry","category-veteran"],"featured_image_urls":{"full":["https:\/\/veteran.az\/wp-content\/uploads\/2019\/10\/1r-1.jpg",1280,853,false],"thumbnail":["https:\/\/veteran.az\/wp-content\/uploads\/2019\/10\/1r-1-150x150.jpg",150,150,true],"medium":["https:\/\/veteran.az\/wp-content\/uploads\/2019\/10\/1r-1-300x200.jpg",300,200,true],"medium_large":["https:\/\/veteran.az\/wp-content\/uploads\/2019\/10\/1r-1-768x512.jpg",640,427,true],"large":["https:\/\/veteran.az\/wp-content\/uploads\/2019\/10\/1r-1-1024x682.jpg",640,426,true],"1536x1536":["https:\/\/veteran.az\/wp-content\/uploads\/2019\/10\/1r-1.jpg",1280,853,false],"2048x2048":["https:\/\/veteran.az\/wp-content\/uploads\/2019\/10\/1r-1.jpg",1280,853,false],"covernews-slider-full":["https:\/\/veteran.az\/wp-content\/uploads\/2019\/10\/1r-1.jpg",1073,715,false],"covernews-slider-center":["https:\/\/veteran.az\/wp-content\/uploads\/2019\/10\/1r-1-936x853.jpg",549,500,true],"covernews-featured":["https:\/\/veteran.az\/wp-content\/uploads\/2019\/10\/1r-1-1024x682.jpg",1024,682,true],"covernews-medium":["https:\/\/veteran.az\/wp-content\/uploads\/2019\/10\/1r-1-720x380.jpg",540,285,true],"covernews-medium-square":["https:\/\/veteran.az\/wp-content\/uploads\/2019\/10\/1r-1-675x450.jpg",375,250,true]},"author_info":{"display_name":"Veteran.az","author_link":"https:\/\/veteran.az\/?author=3"},"category_info":"<a href=\"https:\/\/veteran.az\/?cat=12\" rel=\"category\">Veteran d\u00fcnyas\u0131<\/a>","tag_info":"Veteran d\u00fcnyas\u0131","comment_count":"0","_links":{"self":[{"href":"https:\/\/veteran.az\/index.php?rest_route=\/wp\/v2\/posts\/1788","targetHints":{"allow":["GET"]}}],"collection":[{"href":"https:\/\/veteran.az\/index.php?rest_route=\/wp\/v2\/posts"}],"about":[{"href":"https:\/\/veteran.az\/index.php?rest_route=\/wp\/v2\/types\/post"}],"author":[{"embeddable":true,"href":"https:\/\/veteran.az\/index.php?rest_route=\/wp\/v2\/users\/3"}],"replies":[{"embeddable":true,"href":"https:\/\/veteran.az\/index.php?rest_route=%2Fwp%2Fv2%2Fcomments&post=1788"}],"version-history":[{"count":2,"href":"https:\/\/veteran.az\/index.php?rest_route=\/wp\/v2\/posts\/1788\/revisions"}],"predecessor-version":[{"id":1797,"href":"https:\/\/veteran.az\/index.php?rest_route=\/wp\/v2\/posts\/1788\/revisions\/1797"}],"wp:featuredmedia":[{"embeddable":true,"href":"https:\/\/veteran.az\/index.php?rest_route=\/wp\/v2\/media\/1789"}],"wp:attachment":[{"href":"https:\/\/veteran.az\/index.php?rest_route=%2Fwp%2Fv2%2Fmedia&parent=1788"}],"wp:term":[{"taxonomy":"category","embeddable":true,"href":"https:\/\/veteran.az\/index.php?rest_route=%2Fwp%2Fv2%2Fcategories&post=1788"},{"taxonomy":"post_tag","embeddable":true,"href":"https:\/\/veteran.az\/index.php?rest_route=%2Fwp%2Fv2%2Ftags&post=1788"}],"curies":[{"name":"wp","href":"https:\/\/api.w.org\/{rel}","templated":true}]}}