{"id":1782,"date":"2019-10-12T00:44:37","date_gmt":"2019-10-11T20:44:37","guid":{"rendered":"http:\/\/veteran.az\/?p=1782"},"modified":"2019-10-12T00:44:39","modified_gmt":"2019-10-11T20:44:39","slug":"avmvib-s%c9%99dri-turk-ordusu-il%c9%99-veteranlarin-h%c9%99mr%c9%99yliyini-bildirdi","status":"publish","type":"post","link":"https:\/\/veteran.az\/?p=1782","title":{"rendered":"AVMV\u0130B s\u0259dri T\u00fcrk Ordusu il\u0259 veteranlar\u0131n h\u0259mr\u0259yliyini bildirdi"},"content":{"rendered":"\n<p> T\u00fcrkiy\u0259 Silahl\u0131 Q\u00fcvv\u0259l\u0259rinin Suriyada ke\u00e7irdiyi h\u0259rbi\u0259m\u0259liyyatlar m\u00fcharib\u0259 veteranlar\u0131 t\u0259r\u0259find\u0259n ruh y\u00fcks\u0259kliyi il\u0259 qar\u015f\u0131lan\u0131b.<br>AVMV\u0130B s\u0259dri F\u00fczuli Rzaquliyev bildirdi ki, bu g\u00fcn &#171;iki d\u00f6vl\u0259t,\u015e bir mill\u0259t&#187;olaraq h\u0259r c\u00fcr terrorizm\u0259 v\u0259 onu b\u0259sl\u0259y\u0259n terror d\u0259st\u0259k\u00e7isi durumuna d\u00fc\u015fm\u00fc\u015f d\u00f6vl\u0259tl\u0259r\u0259 qar\u015f\u0131 \u00f6z qarda\u015flar\u0131m\u0131zla \u00e7iyin-\u00e7iyin\u0259 d\u00f6y\u00fc\u015fm\u0259y\u0259 haz\u0131r\u0131q. \u00c7\u00fcnki T\u00fcrkiy\u0259nin t\u0259hl\u00fck\u0259sizliyi bizim t\u0259hl\u00fck\u0259sizliyimiz, T\u00fcrkiy\u0259nin d\u00f6y\u00fc\u015fd\u0131n-d\u00f6y\u00fc\u015f\u0259 q\u00fcdr\u0259tl\u0259nm\u0259si bizim q\u00fcdr\u0259timizdir.<\/p>\n\n\n\n<p><br>F. Rzaquliyev bildirdi ki, \u015fanl\u0131 T\u00fcrk Ordusu qar\u015f\u0131 \u00e7\u0131xan maraql\u0131 d\u00f6vl\u0259tl\u0259rin tam \u0259ksin\u0259 olaraq apard\u0131\u011f\u0131 bu m\u00fcq\u0259dd\u0259s m\u00fcharib\u0259d\u0259 \u00f6z humanizmini \u00f6n s\u0131rada qoymas\u0131 bir q\u0259hr\u0259manl\u0131qd\u0131. Bu ruh, he\u00e7 bir imperialist ordusunda yoxdur v\u0259 ola bilm\u0259z. Xat\u0131rladaq ki, T\u00fcrkiy\u0259 Silahl\u0131 Q\u00fcvv\u0259l\u0259ri oktyabr\u0131n 9-dan Azad Suriya Ordusu (ASO) il\u0259 birg\u0259 Suriyan\u0131n \u015fimal\u0131nda YPG\/PKK v\u0259 \u0130\u015e\u0130D terror\u00e7ular\u0131na qar\u015f\u0131 &#171;Bar\u0131\u015f bula\u011f\u0131&#187; (&#171;Bar\u0131\u015f P\u0131nar\u0131&#187;) adl\u0131 h\u0259rbi \u0259m\u0259liyyatlar ke\u00e7irir. Ankara s\u0259rh\u0259din 30 km d\u0259rinliyin\u0259 q\u0259d\u0259r ir\u0259lil\u0259y\u0259r\u0259k PYD\/YPG terror t\u0259\u015fkilat\u0131n\u0131n b\u00f6lg\u0259d\u0259 qurdu\u011fu muxtar hakimiyy\u0259t\u0259 son qoymaq niyy\u0259tind\u0259dir. Daha sonra beyn\u0259lxalq t\u0259\u015fkilatlar\u0131n v\u0259 ba\u015fda Avropa Birliyi olmaqla Q\u0259rb \u00f6lk\u0259l\u0259rinin maddi d\u0259st\u0259yini alan T\u00fcrkiy\u0259 orada 2 milyon suriyal\u0131 \u0259r\u0259b m\u0259n\u015f\u0259li qa\u00e7q\u0131na evl\u0259r tikib, \u015f\u0259h\u0259rcikl\u0259r salmaq ist\u0259yir. AB\u015e, \u0130srail, Fransa v\u0259 ba\u015fqa d\u00f6vl\u0259tl\u0259rin da\u011f\u0131td\u0131\u011f\u0131 \u0259razil\u0259rd\u0259 T\u00fcrkiy\u0259 \u00f6z t\u00fcrkl\u00fck humanizmini g\u00f6st\u0259rm\u0259k ist\u0259yin\u0259 qar\u015f\u0131 \u00e7\u0131xan h\u0259r bir d\u00f6vl\u0259t \u00f6z imicini \u0259n az\u0131 terrorizm\u0259 d\u0259st\u0259k\u00e7i kimi biruz\u0259 verm\u0259kd\u0259dir.<\/p>\n\n\n\n<p><br>Prosesd\u0259 diqq\u0259t \u00e7\u0259k\u0259n m\u0259qamlardan biri AB\u015e Prezidenti Donald Tramp\u0131n YPG \u00fc\u00e7\u00fcn ilk d\u0259f\u0259 birba\u015fa PKK ifad\u0259sini istifad\u0259 ed\u0259r\u0259k, YPG-nin \u0259slind\u0259 PKK terror t\u0259\u015fkilat\u0131 oldu\u011funu t\u0259sdiql\u0259m\u0259si oldu. Tramp A\u011f Evd\u0259 ke\u00e7irdiyi toplant\u0131da Suriyadan \u00e7\u0259kilm\u0259 q\u0259rar\u0131n\u0131n do\u011fru oldu\u011funu da bildirib. Obama d\u00f6vr\u00fcnd\u0259 AB\u015e-\u0131n T\u00fcrkiy\u0259nin d\u00fc\u015fm\u0259ni olan YPG  il\u0259 m\u00fctt\u0259fiqlik etm\u0259sinin yanl\u0131\u015fl\u0131\u011f\u0131n\u0131 b\u0259yan ed\u0259n Tramp vur\u011fulay\u0131b ki, Obaman\u0131n T\u00fcrkiy\u0259nin \u00f6l\u00fcmc\u00fcl d\u00fc\u015fm\u0259ni olan PKK il\u0259 t\u0259r\u0259fda\u015fl\u0131\u011f\u0131 v\u0259ziyy\u0259ti m\u00fcr\u0259kk\u0259bl\u0259\u015fdirib.<br>Tramp AB\u015e-\u0131n Yax\u0131n \u015e\u0259rqd\u0259ki h\u0259rbi m\u00f6vcudlu\u011funu &#171;\u0259n pis x\u0259ta&#187; kimi s\u0259ciyy\u0259l\u0259ndirib.<\/p>\n\n\n\n<p><br>B\u0259li, biz d\u0259 bunu &#171;\u0259n pis x\u0259ta&#187; kimi qiym\u0259tl\u0259ndiririk v\u0259 h\u0259r c\u00fcr terrorizm\u0259 qar\u015f\u0131, o c\u00fcml\u0259d\u0259n erm\u0259ni terrorizmin\u0259 qar\u015f\u0131 da bel\u0259 \u0259m\u0259liyyatlar\u0131n daha s\u0131x ke\u00e7irilm\u0259sin\u0259 t\u0259r\u0259fdar\u0131q. Gec, ya tez d\u00fcnya terrordan qurtulmaq ist\u0259yirs\u0259, d\u00fcnyan\u0131n \u0259n pinti v\u0259 iyr\u0259nc terrorizmi olan erm\u0259ni terrorizmind\u0259n ba\u015flama\u011fa m\u0259cburdur. Ona g\u00f6r\u0259 d\u0259 bu iyr\u0259nc v\u0259 qanl\u0131 terror\u00e7ulara qar\u015f\u0131 m\u00fcbariz\u0259d\u0259 \u00e7ox minlik veteranlar ordusu Mehmet\u00e7ikl\u0259 bir yerd\u0259dir. Ya\u015fa T\u00fcrk Ordusu! S\u0259n ayaqda durduqca kims\u0259 s\u0259ni m\u0259\u011flub ed\u0259 bilm\u0259z.<\/p>\n\n\n\n<p><br>F. Rzaquliyev TSQ  &#8212; nin yan\u0131nday\u0131q! -dey\u0259, bunun adi bir s\u00f6z deyil, s\u0259mimi q\u0259lbd\u0259n deyilmi\u015f s\u00f6zl\u0259r oldu\u011funu dedi. <\/p>\n\n\n\n<p>E. S\u0259lim<\/p>\n\n\n\n<p><\/p>\n","protected":false},"excerpt":{"rendered":"<p>T\u00fcrkiy\u0259 Silahl\u0131 Q\u00fcvv\u0259l\u0259rinin Suriyada ke\u00e7irdiyi h\u0259rbi\u0259m\u0259liyyatlar m\u00fcharib\u0259 veteranlar\u0131 t\u0259r\u0259find\u0259n ruh y\u00fcks\u0259kliyi il\u0259 qar\u015f\u0131lan\u0131b.AVMV\u0130B s\u0259dri F\u00fczuli&#8230;<\/p>\n","protected":false},"author":3,"featured_media":1783,"comment_status":"closed","ping_status":"closed","sticky":false,"template":"","format":"standard","meta":{"footnotes":""},"categories":[12],"tags":[],"class_list":["post-1782","post","type-post","status-publish","format-standard","has-post-thumbnail","hentry","category-veteran"],"featured_image_urls":{"full":["https:\/\/veteran.az\/wp-content\/uploads\/2019\/10\/1v.jpg",720,960,false],"thumbnail":["https:\/\/veteran.az\/wp-content\/uploads\/2019\/10\/1v-150x150.jpg",150,150,true],"medium":["https:\/\/veteran.az\/wp-content\/uploads\/2019\/10\/1v-225x300.jpg",225,300,true],"medium_large":["https:\/\/veteran.az\/wp-content\/uploads\/2019\/10\/1v.jpg",640,853,false],"large":["https:\/\/veteran.az\/wp-content\/uploads\/2019\/10\/1v.jpg",640,853,false],"1536x1536":["https:\/\/veteran.az\/wp-content\/uploads\/2019\/10\/1v.jpg",720,960,false],"2048x2048":["https:\/\/veteran.az\/wp-content\/uploads\/2019\/10\/1v.jpg",720,960,false],"covernews-slider-full":["https:\/\/veteran.az\/wp-content\/uploads\/2019\/10\/1v.jpg",536,715,false],"covernews-slider-center":["https:\/\/veteran.az\/wp-content\/uploads\/2019\/10\/1v-720x897.jpg",401,500,true],"covernews-featured":["https:\/\/veteran.az\/wp-content\/uploads\/2019\/10\/1v.jpg",720,960,false],"covernews-medium":["https:\/\/veteran.az\/wp-content\/uploads\/2019\/10\/1v-720x380.jpg",540,285,true],"covernews-medium-square":["https:\/\/veteran.az\/wp-content\/uploads\/2019\/10\/1v-675x450.jpg",375,250,true]},"author_info":{"display_name":"Veteran.az","author_link":"https:\/\/veteran.az\/?author=3"},"category_info":"<a href=\"https:\/\/veteran.az\/?cat=12\" rel=\"category\">Veteran d\u00fcnyas\u0131<\/a>","tag_info":"Veteran d\u00fcnyas\u0131","comment_count":"0","_links":{"self":[{"href":"https:\/\/veteran.az\/index.php?rest_route=\/wp\/v2\/posts\/1782","targetHints":{"allow":["GET"]}}],"collection":[{"href":"https:\/\/veteran.az\/index.php?rest_route=\/wp\/v2\/posts"}],"about":[{"href":"https:\/\/veteran.az\/index.php?rest_route=\/wp\/v2\/types\/post"}],"author":[{"embeddable":true,"href":"https:\/\/veteran.az\/index.php?rest_route=\/wp\/v2\/users\/3"}],"replies":[{"embeddable":true,"href":"https:\/\/veteran.az\/index.php?rest_route=%2Fwp%2Fv2%2Fcomments&post=1782"}],"version-history":[{"count":1,"href":"https:\/\/veteran.az\/index.php?rest_route=\/wp\/v2\/posts\/1782\/revisions"}],"predecessor-version":[{"id":1784,"href":"https:\/\/veteran.az\/index.php?rest_route=\/wp\/v2\/posts\/1782\/revisions\/1784"}],"wp:featuredmedia":[{"embeddable":true,"href":"https:\/\/veteran.az\/index.php?rest_route=\/wp\/v2\/media\/1783"}],"wp:attachment":[{"href":"https:\/\/veteran.az\/index.php?rest_route=%2Fwp%2Fv2%2Fmedia&parent=1782"}],"wp:term":[{"taxonomy":"category","embeddable":true,"href":"https:\/\/veteran.az\/index.php?rest_route=%2Fwp%2Fv2%2Fcategories&post=1782"},{"taxonomy":"post_tag","embeddable":true,"href":"https:\/\/veteran.az\/index.php?rest_route=%2Fwp%2Fv2%2Ftags&post=1782"}],"curies":[{"name":"wp","href":"https:\/\/api.w.org\/{rel}","templated":true}]}}