{"id":17745,"date":"2022-07-31T04:05:21","date_gmt":"2022-07-31T00:05:21","guid":{"rendered":"http:\/\/veteran.az\/?p=17745"},"modified":"2022-07-31T04:05:21","modified_gmt":"2022-07-31T00:05:21","slug":"44-gunluk-muharib%c9%99d%c9%99-m%c9%99glubiyy%c9%99t%c9%99-gor%c9%99-erm%c9%99nistanda-polkovnik-h%c9%99bs-edildi","status":"publish","type":"post","link":"https:\/\/veteran.az\/?p=17745","title":{"rendered":"44 g\u00fcnl\u00fck m\u00fcharib\u0259d\u0259 m\u0259\u011flubiyy\u0259t\u0259 g\u00f6r\u0259 Erm\u0259nistanda polkovnik H\u018fBS ED\u0130LD\u0130"},"content":{"rendered":"\n<p><strong>Erm\u0259nistanda polkovnik h\u0259bs edilib.<\/strong><\/p>\n\n\n\n<p>Bu bar\u0259d\u0259 Erm\u0259nistan \u0130stintaq Komit\u0259si m\u0259lumat yay\u0131b.<\/p>\n\n\n\n<p>\u0130K 2020-ci ild\u0259 Az\u0259rbaycan\u0131n o vaxtk\u0131 i\u015f\u011fal olunmu\u015f \u0259razil\u0259rind\u0259 xidm\u0259t etmi\u015f Erm\u0259nistan Silahl\u0131 Q\u00fcvv\u0259l\u0259rinin zabitinin h\u0259bs edildiyini bildirib. \u0130K-d\u0259n veril\u0259n m\u0259lumata g\u00f6r\u0259, zabitin \u201ch\u0259r\u0259k\u0259tsizliyi\u201d n\u0259tic\u0259sind\u0259 Tal\u0131\u015f v\u0259 Suqovu\u015fan k\u0259ndl\u0259ri Az\u0259rbaycan Silahl\u0131 Q\u00fcvv\u0259l\u0259rinin n\u0259zar\u0259tin\u0259 ke\u00e7ib.<\/p>\n\n\n\n<p>\u201c44 g\u00fcnl\u00fck m\u00fcharib\u0259 zaman\u0131 polkovnik S.A.-n\u0131n t\u0259qsiri n\u0259tic\u0259sind\u0259 Qaraba\u011f\u0131n A\u011fd\u0259r\u0259 rayonunun Tal\u0131\u015f v\u0259 Suqovu\u015fan ya\u015fay\u0131\u015f m\u0259nt\u0259q\u0259l\u0259ri d\u00fc\u015fm\u0259nin n\u0259zar\u0259tin\u0259 ke\u00e7di.<\/p>\n\n\n\n<p>2019-cu ilin noyabr\u0131ndan 2020-ci il oktyabr\u0131n 4-d\u0259k \u201cArsax\u201d\u0131n \u201cm\u00fcdafi\u0259 ordusu\u201dnun N-ci m\u00fcdafi\u0259 b\u00f6lg\u0259sinin komandiri v\u0259zif\u0259sind\u0259 xidm\u0259t etmi\u015f polkovnik S.A. g\u00fccl\u0259ndirilmi\u015f d\u00f6y\u00fc\u015f n\u00f6vb\u0259t\u00e7iliyind\u0259 olark\u0259n bir s\u0131ra h\u00fcquqi v\u0259 normativ qaydalar\u0131 pozub.<\/p>\n\n\n\n<p>Bel\u0259 ki, t\u0259qsirl\u0259ndiril\u0259n \u015f\u0259xs 2020-ci il sentyabr\u0131n 26-da onun d\u0259v\u0259t etdiyi zabitl\u0259rin v\u0259 dig\u0259r qonaqlar\u0131n (\u00fcmumilikd\u0259 m\u00fcdafi\u0259 ordusunun 100-\u0259 yax\u0131n zabiti, \u2013 Erm\u0259nistan \u0130stintaq Komit\u0259sinin qeydi) i\u015ftirak\u0131 il\u0259 t\u0259qsirl\u0259ndiril\u0259n \u015f\u0259xs h\u0259rbi hiss\u0259nin yaranma g\u00fcn\u00fcn\u0259 h\u0259sr olunmu\u015f bayram t\u0259dbiri t\u0259\u015fkil etmi\u015f v\u0259 ke\u00e7irmi\u015fdir.<\/p>\n\n\n\n<p>\u015e\u0259nlik zaman\u0131 polkovnik S.A. d\u00f6y\u00fc\u015f n\u00f6vb\u0259t\u00e7iliyin\u0259 daxil olan tabeliyind\u0259 olan b\u00f6lm\u0259l\u0259rd\u0259n c\u0259bh\u0259 x\u0259ttind\u0259, el\u0259c\u0259 d\u0259 d\u00fc\u015fm\u0259n x\u0259ttinin arxas\u0131nda q\u00fcvv\u0259 v\u0259 vasit\u0259l\u0259rin h\u0259r\u0259k\u0259ti v\u0259 c\u0259ml\u0259\u015fm\u0259si haqq\u0131nda m\u0259lumatlar alm\u0131\u015fd\u0131r. Bundan \u0259lav\u0259, ona t\u0259hl\u00fck\u0259 s\u0259viyy\u0259sinin k\u0259skin artmas\u0131 bar\u0259d\u0259 m\u0259lumat verilib. B\u00fct\u00fcn bu amill\u0259r h\u0259rbi \u0259m\u0259liyyatlar\u0131n ba\u015flanmas\u0131n\u0131 istisna etmirdi.<\/p>\n\n\n\n<p>N\u0259tic\u0259d\u0259 27 sentyabr 2020-ci il tarixd\u0259 yerli vaxtla saat 07:10 rad\u0259l\u0259rind\u0259 polkovnik S.A.-n\u0131n h\u0259r\u0259k\u0259tsizliyi n\u0259tic\u0259sind\u0259 (s\u0259rxo\u015f olmas\u0131) Az\u0259rbaycan Silahl\u0131 Q\u00fcvv\u0259l\u0259rinin b\u00f6lm\u0259l\u0259ri bu konkret perimetr\u0259 h\u00fccuma ke\u00e7ib. Sonrak\u0131 saatlarda onlar m\u00fcdafi\u0259ni yar\u0131b arxaya ke\u00e7mi\u015fl\u0259r.<\/p>\n\n\n\n<p>D\u00fc\u015fm\u0259n y\u00fcks\u0259klikl\u0259ri v\u0259 komanda m\u00fc\u015fahid\u0259 m\u0259nt\u0259q\u0259l\u0259rini \u0259l\u0259 ke\u00e7irdikd\u0259n sonra Qaraba\u011f\u0131n A\u011fd\u0259r\u0259 rayonunun Tal\u0131\u015f v\u0259 Suqovu\u015fan k\u0259ndi d\u00fc\u015fm\u0259nin n\u0259zar\u0259tin\u0259 ke\u00e7ib\u201d, \u2013 Erm\u0259nistan \u0130stintaq Komit\u0259sinin b\u0259yanat\u0131nda deyilir..<\/p>\n\n\n\n<p>Erm\u0259ni medias\u0131 s\u00f6hb\u0259tin polkovnik Sevak Abramyandan getdiyini t\u0259xmin edir.<\/p>\n","protected":false},"excerpt":{"rendered":"<p>Erm\u0259nistanda polkovnik h\u0259bs edilib. Bu bar\u0259d\u0259 Erm\u0259nistan \u0130stintaq Komit\u0259si m\u0259lumat yay\u0131b. \u0130K 2020-ci ild\u0259 Az\u0259rbaycan\u0131n&#8230;<\/p>\n","protected":false},"author":3,"featured_media":0,"comment_status":"closed","ping_status":"closed","sticky":false,"template":"","format":"standard","meta":{"footnotes":""},"categories":[9],"tags":[],"class_list":["post-17745","post","type-post","status-publish","format-standard","hentry","category-sq"],"featured_image_urls":{"full":"","thumbnail":"","medium":"","medium_large":"","large":"","1536x1536":"","2048x2048":"","covernews-slider-full":"","covernews-slider-center":"","covernews-featured":"","covernews-medium":"","covernews-medium-square":""},"author_info":{"display_name":"Veteran.az","author_link":"https:\/\/veteran.az\/?author=3"},"category_info":"<a href=\"https:\/\/veteran.az\/?cat=9\" rel=\"category\">Silahl\u0131 Q\u00fcvv\u0259l\u0259r<\/a>","tag_info":"Silahl\u0131 Q\u00fcvv\u0259l\u0259r","comment_count":"0","_links":{"self":[{"href":"https:\/\/veteran.az\/index.php?rest_route=\/wp\/v2\/posts\/17745","targetHints":{"allow":["GET"]}}],"collection":[{"href":"https:\/\/veteran.az\/index.php?rest_route=\/wp\/v2\/posts"}],"about":[{"href":"https:\/\/veteran.az\/index.php?rest_route=\/wp\/v2\/types\/post"}],"author":[{"embeddable":true,"href":"https:\/\/veteran.az\/index.php?rest_route=\/wp\/v2\/users\/3"}],"replies":[{"embeddable":true,"href":"https:\/\/veteran.az\/index.php?rest_route=%2Fwp%2Fv2%2Fcomments&post=17745"}],"version-history":[{"count":1,"href":"https:\/\/veteran.az\/index.php?rest_route=\/wp\/v2\/posts\/17745\/revisions"}],"predecessor-version":[{"id":17747,"href":"https:\/\/veteran.az\/index.php?rest_route=\/wp\/v2\/posts\/17745\/revisions\/17747"}],"wp:attachment":[{"href":"https:\/\/veteran.az\/index.php?rest_route=%2Fwp%2Fv2%2Fmedia&parent=17745"}],"wp:term":[{"taxonomy":"category","embeddable":true,"href":"https:\/\/veteran.az\/index.php?rest_route=%2Fwp%2Fv2%2Fcategories&post=17745"},{"taxonomy":"post_tag","embeddable":true,"href":"https:\/\/veteran.az\/index.php?rest_route=%2Fwp%2Fv2%2Ftags&post=17745"}],"curies":[{"name":"wp","href":"https:\/\/api.w.org\/{rel}","templated":true}]}}