{"id":17734,"date":"2022-07-30T12:38:13","date_gmt":"2022-07-30T08:38:13","guid":{"rendered":"http:\/\/veteran.az\/?p=17734"},"modified":"2022-07-30T12:38:14","modified_gmt":"2022-07-30T08:38:14","slug":"erm%c9%99nil%c9%99rin-t%c9%99xribatinin-qarsisi-d%c9%99rhal-alinsin-zakir-h%c9%99s%c9%99nov","status":"publish","type":"post","link":"https:\/\/veteran.az\/?p=17734","title":{"rendered":"Erm\u0259nil\u0259rin t\u0259xribat\u0131n\u0131n qar\u015f\u0131s\u0131 d\u0259rhal al\u0131ns\u0131n \u2014 Zakir H\u0259s\u0259nov"},"content":{"rendered":"\n<p><strong>M\u00fcdafi\u0259 naziri general-polkovnik Zakir H\u0259s\u0259nov Az\u0259rbaycan Ordusunun qo\u015funlar\u0131na erm\u0259nil\u0259rin t\u0259xribat\u0131n\u0131n qar\u015f\u0131s\u0131n\u0131n d\u0259rhal v\u0259 q\u0259tiyy\u0259tl\u0259 al\u0131nmas\u0131na daim haz\u0131r olma\u011f\u0131 \u0259mr edib.<\/strong><br><br>Bu bar\u0259d\u0259 M\u00fcdafi\u0259 Nazirliyind\u0259n m\u0259lumat verilib.<\/p>\n\n\n\n<p>Nazir \u0259mrini iyulun 30-da M\u0259rk\u0259zi Komanda M\u0259nt\u0259q\u0259sind\u0259 nazir m\u00fcavinl\u0259ri, qo\u015fun n\u00f6vl\u0259ri komandanlar\u0131, nazirliyin ba\u015f idar\u0259, idar\u0259 v\u0259 xidm\u0259t r\u0259isl\u0259ri, el\u0259c\u0259 d\u0259 videoba\u011flant\u0131 vasit\u0259sil\u0259 azad edilmi\u015f \u0259razil\u0259rd\u0259 dislokasiya olunan h\u0259rbi birlik v\u0259 birl\u0259\u015fm\u0259 komandirl\u0259rinin d\u0259 c\u0259lb olunmas\u0131 il\u0259 ke\u00e7iril\u0259n xidm\u0259ti m\u00fc\u015favir\u0259d\u0259 \u00e7atd\u0131r\u0131b.<\/p>\n\n\n\n<p>Az\u0259rbaycan-Erm\u0259nistan d\u00f6vl\u0259t s\u0259rh\u0259dind\u0259ki, el\u0259c\u0259 d\u0259 Rusiya s\u00fclhm\u0259raml\u0131 kontingentinin m\u00fcv\u0259qq\u0259ti yerl\u0259\u015fdiyi Qaraba\u011f iqtisadi zonas\u0131ndak\u0131 \u0259m\u0259liyyat \u015f\u0259raitini v\u0259 m\u00f6vcud v\u0259ziyy\u0259ti geni\u015f t\u0259hlil ed\u0259n nazir qar\u015f\u0131 t\u0259r\u0259fin t\u00f6r\u0259d\u0259 bil\u0259c\u0259yi ist\u0259nil\u0259n t\u0259xribat\u0131n qar\u015f\u0131s\u0131n\u0131n d\u0259rhal v\u0259 q\u0259tiyy\u0259tl\u0259 al\u0131nmas\u0131na daim haz\u0131r olma\u011f\u0131 \u0259mr edib.<\/p>\n","protected":false},"excerpt":{"rendered":"<p>M\u00fcdafi\u0259 naziri general-polkovnik Zakir H\u0259s\u0259nov Az\u0259rbaycan Ordusunun qo\u015funlar\u0131na erm\u0259nil\u0259rin t\u0259xribat\u0131n\u0131n qar\u015f\u0131s\u0131n\u0131n d\u0259rhal v\u0259 q\u0259tiyy\u0259tl\u0259 al\u0131nmas\u0131na&#8230;<\/p>\n","protected":false},"author":3,"featured_media":0,"comment_status":"closed","ping_status":"closed","sticky":false,"template":"","format":"standard","meta":{"footnotes":""},"categories":[9],"tags":[],"class_list":["post-17734","post","type-post","status-publish","format-standard","hentry","category-sq"],"featured_image_urls":{"full":"","thumbnail":"","medium":"","medium_large":"","large":"","1536x1536":"","2048x2048":"","covernews-slider-full":"","covernews-slider-center":"","covernews-featured":"","covernews-medium":"","covernews-medium-square":""},"author_info":{"display_name":"Veteran.az","author_link":"https:\/\/veteran.az\/?author=3"},"category_info":"<a href=\"https:\/\/veteran.az\/?cat=9\" rel=\"category\">Silahl\u0131 Q\u00fcvv\u0259l\u0259r<\/a>","tag_info":"Silahl\u0131 Q\u00fcvv\u0259l\u0259r","comment_count":"0","_links":{"self":[{"href":"https:\/\/veteran.az\/index.php?rest_route=\/wp\/v2\/posts\/17734","targetHints":{"allow":["GET"]}}],"collection":[{"href":"https:\/\/veteran.az\/index.php?rest_route=\/wp\/v2\/posts"}],"about":[{"href":"https:\/\/veteran.az\/index.php?rest_route=\/wp\/v2\/types\/post"}],"author":[{"embeddable":true,"href":"https:\/\/veteran.az\/index.php?rest_route=\/wp\/v2\/users\/3"}],"replies":[{"embeddable":true,"href":"https:\/\/veteran.az\/index.php?rest_route=%2Fwp%2Fv2%2Fcomments&post=17734"}],"version-history":[{"count":1,"href":"https:\/\/veteran.az\/index.php?rest_route=\/wp\/v2\/posts\/17734\/revisions"}],"predecessor-version":[{"id":17736,"href":"https:\/\/veteran.az\/index.php?rest_route=\/wp\/v2\/posts\/17734\/revisions\/17736"}],"wp:attachment":[{"href":"https:\/\/veteran.az\/index.php?rest_route=%2Fwp%2Fv2%2Fmedia&parent=17734"}],"wp:term":[{"taxonomy":"category","embeddable":true,"href":"https:\/\/veteran.az\/index.php?rest_route=%2Fwp%2Fv2%2Fcategories&post=17734"},{"taxonomy":"post_tag","embeddable":true,"href":"https:\/\/veteran.az\/index.php?rest_route=%2Fwp%2Fv2%2Ftags&post=17734"}],"curies":[{"name":"wp","href":"https:\/\/api.w.org\/{rel}","templated":true}]}}