{"id":17527,"date":"2022-07-14T12:29:26","date_gmt":"2022-07-14T08:29:26","guid":{"rendered":"http:\/\/veteran.az\/?p=17527"},"modified":"2022-07-14T12:29:29","modified_gmt":"2022-07-14T08:29:29","slug":"qazinin-sob%c9%99d%c9%99-t%c9%99zyiq%c9%99-m%c9%99ruz-qalmasi-iddialarina-din-d%c9%99n-munasib%c9%99t","status":"publish","type":"post","link":"https:\/\/veteran.az\/?p=17527","title":{"rendered":"Qazinin \u015f\u00f6b\u0259d\u0259 t\u0259zyiq\u0259 m\u0259ruz qalmas\u0131 iddialar\u0131na &#8212; D\u0130N-d\u0259n m\u00fcnasib\u0259t"},"content":{"rendered":"\n<p><strong>Salyan rayonunun Varl\u0131 k\u0259nd sakini, V\u0259t\u0259n m\u00fcharib\u0259sinin i\u015ftirak\u00e7\u0131s\u0131 Kamil M\u0259mm\u0259dov iyulun 13-d\u0259 sosial \u015f\u0259b\u0259k\u0259d\u0259 payla\u015fd\u0131\u011f\u0131 videog\u00f6r\u00fcnt\u00fcd\u0259 rayon icra hakimiyy\u0259tinin v\u0259 polis \u015f\u00f6b\u0259sinin \u0259m\u0259kda\u015flar\u0131 t\u0259r\u0259find\u0259n t\u0259zyiq\u0259 m\u0259ruz qald\u0131\u011f\u0131n\u0131 bildirib.<\/strong><\/p>\n\n\n\n<p>D\u0130N M\u0259tbuat Xidm\u0259tinin b\u00f6lm\u0259 r\u0259isi Zeyni H\u00fcseynov &#171;Qafqazinfo&#187;ya bildirib ki, K.M\u0259mm\u0259dovun iddias\u0131 h\u0259qiq\u0259ti \u0259ks etdirmir: &#171;Kamil M\u0259mm\u0259dov V\u0259t\u0259n m\u00fcharib\u0259sinin i\u015ftirak\u00e7\u0131s\u0131 olaraq h\u0259mi\u015f\u0259 diqq\u0259t v\u0259 qay\u011f\u0131 il\u0259 \u0259hat\u0259 olunub. Ona 12 sot h\u0259y\u0259tyan\u0131, 50 sot is\u0259 \u0259kin \u00fc\u00e7\u00fcn torpaq sah\u0259si verilib, Aqrar \u0130nki\u015faf M\u0259rk\u0259zinin Baytarl\u0131q \u015e\u00f6b\u0259sind\u0259 i\u015fl\u0259 t\u0259min edilib v\u0259 maddi yard\u0131m ayr\u0131l\u0131b.<\/p>\n\n\n\n<p>Bunlara baxmayaraq, Kamil M\u0259mm\u0259dov \u00f6t\u0259n ilin avqust ay\u0131nda rayon polis \u015f\u00f6b\u0259sin\u0259 \u0259riz\u0259 il\u0259 m\u00fcraci\u0259t ed\u0259r\u0259k k\u0259ndin icra n\u00fcmay\u0259nd\u0259sinin onu t\u0259hqir etdiyini bildirib. Bununla ba\u011fl\u0131 apar\u0131lan ara\u015fd\u0131rma zaman\u0131 fakt t\u0259sdiqini tapmay\u0131b. O, \u015fikay\u0259tl\u0259rini davam etdirdiyi \u00fc\u00e7\u00fcn yenid\u0259n polis \u015f\u00f6b\u0259sin\u0259 d\u0259v\u0259t edil\u0259r\u0259k onunla m\u00fcvafiq s\u00f6hb\u0259tl\u0259r apar\u0131l\u0131b, izahlar verilib. Bundan sonra Kamil M\u0259mm\u0259dov yenid\u0259n \u0259riz\u0259 ver\u0259r\u0259k he\u00e7 bir \u015fikay\u0259tinin v\u0259 t\u0259l\u0259binin olmad\u0131\u011f\u0131n\u0131 bildirib. \u015e\u00f6b\u0259d\u0259 olark\u0259n ona qar\u015f\u0131 n\u0259inki h\u0259r hans\u0131 bir qanunsuz h\u0259r\u0259k\u0259t edilm\u0259yib, \u0259ksin\u0259 ona diqq\u0259t v\u0259 h\u00f6rm\u0259tl\u0259 yana\u015f\u0131l\u0131b&#187;.<\/p>\n\n\n\n<p>Qeyd ed\u0259k ki, Kamil M\u0259mm\u0259dov 24 iyunda Salyan Rayon Polis \u015e\u00f6b\u0259sind\u0259 d\u00f6y\u00fcld\u00fcy\u00fcn\u00fc iddia etmi\u015fdi. O, d\u00f6y\u00fclm\u0259sind\u0259 R\u0130H icra ba\u015f\u00e7\u0131s\u0131n\u0131 v\u0259 RP\u015e r\u0259isini g\u00fcnahland\u0131rm\u0131\u015fd\u0131.<\/p>\n","protected":false},"excerpt":{"rendered":"<p>Salyan rayonunun Varl\u0131 k\u0259nd sakini, V\u0259t\u0259n m\u00fcharib\u0259sinin i\u015ftirak\u00e7\u0131s\u0131 Kamil M\u0259mm\u0259dov iyulun 13-d\u0259 sosial \u015f\u0259b\u0259k\u0259d\u0259 payla\u015fd\u0131\u011f\u0131&#8230;<\/p>\n","protected":false},"author":3,"featured_media":0,"comment_status":"closed","ping_status":"closed","sticky":false,"template":"","format":"standard","meta":{"footnotes":""},"categories":[6],"tags":[],"class_list":["post-17527","post","type-post","status-publish","format-standard","hentry","category-cmiyyt"],"featured_image_urls":{"full":"","thumbnail":"","medium":"","medium_large":"","large":"","1536x1536":"","2048x2048":"","covernews-slider-full":"","covernews-slider-center":"","covernews-featured":"","covernews-medium":"","covernews-medium-square":""},"author_info":{"display_name":"Veteran.az","author_link":"https:\/\/veteran.az\/?author=3"},"category_info":"<a href=\"https:\/\/veteran.az\/?cat=6\" rel=\"category\">C\u0259miyy\u0259t<\/a>","tag_info":"C\u0259miyy\u0259t","comment_count":"0","_links":{"self":[{"href":"https:\/\/veteran.az\/index.php?rest_route=\/wp\/v2\/posts\/17527","targetHints":{"allow":["GET"]}}],"collection":[{"href":"https:\/\/veteran.az\/index.php?rest_route=\/wp\/v2\/posts"}],"about":[{"href":"https:\/\/veteran.az\/index.php?rest_route=\/wp\/v2\/types\/post"}],"author":[{"embeddable":true,"href":"https:\/\/veteran.az\/index.php?rest_route=\/wp\/v2\/users\/3"}],"replies":[{"embeddable":true,"href":"https:\/\/veteran.az\/index.php?rest_route=%2Fwp%2Fv2%2Fcomments&post=17527"}],"version-history":[{"count":1,"href":"https:\/\/veteran.az\/index.php?rest_route=\/wp\/v2\/posts\/17527\/revisions"}],"predecessor-version":[{"id":17529,"href":"https:\/\/veteran.az\/index.php?rest_route=\/wp\/v2\/posts\/17527\/revisions\/17529"}],"wp:attachment":[{"href":"https:\/\/veteran.az\/index.php?rest_route=%2Fwp%2Fv2%2Fmedia&parent=17527"}],"wp:term":[{"taxonomy":"category","embeddable":true,"href":"https:\/\/veteran.az\/index.php?rest_route=%2Fwp%2Fv2%2Fcategories&post=17527"},{"taxonomy":"post_tag","embeddable":true,"href":"https:\/\/veteran.az\/index.php?rest_route=%2Fwp%2Fv2%2Ftags&post=17527"}],"curies":[{"name":"wp","href":"https:\/\/api.w.org\/{rel}","templated":true}]}}