{"id":17517,"date":"2022-07-14T03:54:23","date_gmt":"2022-07-13T23:54:23","guid":{"rendered":"http:\/\/veteran.az\/?p=17517"},"modified":"2022-07-14T03:54:23","modified_gmt":"2022-07-13T23:54:23","slug":"qazi-ehtiyatsizliqdan-yaniq-x%c9%99sar%c9%99tl%c9%99ri-alib-t%c9%99bib","status":"publish","type":"post","link":"https:\/\/veteran.az\/?p=17517","title":{"rendered":"\u201cQazi ehtiyats\u0131zl\u0131qdan yan\u0131q x\u0259sar\u0259tl\u0259ri al\u0131b\u201d &#8212; T\u018fB\u0130B"},"content":{"rendered":"\n<p>Sosial \u015f\u0259b\u0259k\u0259l\u0259rd\u0259 V\u0259t\u0259n m\u00fcharib\u0259si i\u015ftirak\u00e7\u0131s\u0131 Elvin M\u0259mm\u0259dovun \u00f6z\u00fcn\u00fc yand\u0131raraq intihara c\u0259hd etm\u0259si il\u0259 ba\u011fl\u0131 m\u0259lumatlar yay\u0131l\u0131b. A\u011fda\u015fda ba\u015f verdiyi iddia olunan hadis\u0259 il\u0259 ba\u011fl\u0131 T\u018fB\u0130B a\u00e7\u0131qlama yay\u0131b.&nbsp;<\/p>\n\n\n\n<p>Qurumdan bildirilib ki, A\u011fda\u015f rayon sakini, II Qaraba\u011f m\u00fcharib\u0259sinin i\u015ftirak\u00e7\u0131s\u0131 Elvin M\u0259mm\u0259dov m\u0259i\u015f\u0259t \u015f\u0259raitind\u0259 ehtiyyats\u0131zl\u0131qdan b\u0259d\u0259ninin d\u00f6\u015f q\u0259f\u0259sinin, qar\u0131n nahiyy\u0259sinin, sol qolun yan\u0131\u011f\u0131 diaqnozu il\u0259 10.07.2022-ci il tarixind\u0259 x\u0259st\u0259xanaya m\u00fcraci\u0259t edib: &#171;X\u0259st\u0259y\u0259 A\u011fda\u015f M\u0259rk\u0259zi X\u0259st\u0259xanas\u0131nda t\u0259cili tibbi yard\u0131m g\u00f6st\u0259ril\u0259r\u0259k, N\u0259rimanov Tibb M\u0259rk\u0259zin\u0259 t\u0259xliyy\u0259 edilib.\u00a0<\/p>\n\n\n\n<p>V\u0259ziyy\u0259ti stabildir v\u0259 q\u0131sa m\u00fcdd\u0259t \u0259rzind\u0259 ambulator m\u00fcalic\u0259 \u00fc\u00e7\u00fcn ev\u0259 burax\u0131lmas\u0131 n\u0259z\u0259rd\u0259 tutulur\u201d.<\/p>\n","protected":false},"excerpt":{"rendered":"<p>Sosial \u015f\u0259b\u0259k\u0259l\u0259rd\u0259 V\u0259t\u0259n m\u00fcharib\u0259si i\u015ftirak\u00e7\u0131s\u0131 Elvin M\u0259mm\u0259dovun \u00f6z\u00fcn\u00fc yand\u0131raraq intihara c\u0259hd etm\u0259si il\u0259 ba\u011fl\u0131 m\u0259lumatlar&#8230;<\/p>\n","protected":false},"author":3,"featured_media":0,"comment_status":"closed","ping_status":"closed","sticky":false,"template":"","format":"standard","meta":{"footnotes":""},"categories":[6],"tags":[],"class_list":["post-17517","post","type-post","status-publish","format-standard","hentry","category-cmiyyt"],"featured_image_urls":{"full":"","thumbnail":"","medium":"","medium_large":"","large":"","1536x1536":"","2048x2048":"","covernews-slider-full":"","covernews-slider-center":"","covernews-featured":"","covernews-medium":"","covernews-medium-square":""},"author_info":{"display_name":"Veteran.az","author_link":"https:\/\/veteran.az\/?author=3"},"category_info":"<a href=\"https:\/\/veteran.az\/?cat=6\" rel=\"category\">C\u0259miyy\u0259t<\/a>","tag_info":"C\u0259miyy\u0259t","comment_count":"0","_links":{"self":[{"href":"https:\/\/veteran.az\/index.php?rest_route=\/wp\/v2\/posts\/17517","targetHints":{"allow":["GET"]}}],"collection":[{"href":"https:\/\/veteran.az\/index.php?rest_route=\/wp\/v2\/posts"}],"about":[{"href":"https:\/\/veteran.az\/index.php?rest_route=\/wp\/v2\/types\/post"}],"author":[{"embeddable":true,"href":"https:\/\/veteran.az\/index.php?rest_route=\/wp\/v2\/users\/3"}],"replies":[{"embeddable":true,"href":"https:\/\/veteran.az\/index.php?rest_route=%2Fwp%2Fv2%2Fcomments&post=17517"}],"version-history":[{"count":1,"href":"https:\/\/veteran.az\/index.php?rest_route=\/wp\/v2\/posts\/17517\/revisions"}],"predecessor-version":[{"id":17519,"href":"https:\/\/veteran.az\/index.php?rest_route=\/wp\/v2\/posts\/17517\/revisions\/17519"}],"wp:attachment":[{"href":"https:\/\/veteran.az\/index.php?rest_route=%2Fwp%2Fv2%2Fmedia&parent=17517"}],"wp:term":[{"taxonomy":"category","embeddable":true,"href":"https:\/\/veteran.az\/index.php?rest_route=%2Fwp%2Fv2%2Fcategories&post=17517"},{"taxonomy":"post_tag","embeddable":true,"href":"https:\/\/veteran.az\/index.php?rest_route=%2Fwp%2Fv2%2Ftags&post=17517"}],"curies":[{"name":"wp","href":"https:\/\/api.w.org\/{rel}","templated":true}]}}