{"id":17507,"date":"2022-07-13T11:14:49","date_gmt":"2022-07-13T07:14:49","guid":{"rendered":"http:\/\/veteran.az\/?p=17507"},"modified":"2022-07-13T11:14:49","modified_gmt":"2022-07-13T07:14:49","slug":"iranin-milli-t%c9%99hluk%c9%99sizlik-uzr%c9%99-ali-surasinin-katibi-az%c9%99rbaycana-g%c9%99lir","status":"publish","type":"post","link":"https:\/\/veteran.az\/?p=17507","title":{"rendered":"\u0130ran\u0131n Milli T\u0259hl\u00fck\u0259sizlik \u00fczr\u0259 Ali \u015euras\u0131n\u0131n katibi Az\u0259rbaycana g\u0259lir"},"content":{"rendered":"\n<p><strong>\u0130ran\u0131n ali r\u0259hb\u0259ri ay\u0259tulla Seyid \u018fli Xam\u0259neinin x\u00fcsusi n\u00fcmay\u0259nd\u0259si, Milli T\u0259hl\u00fck\u0259sizlik \u00fczr\u0259 Ali \u015euras\u0131n\u0131n katibi admiral \u018fli \u015eamxani iyulun 15-d\u0259 Az\u0259rbaycana s\u0259f\u0259r ed\u0259c\u0259k.<\/strong><\/p>\n\n\n\n<p>M\u0259lumat\u0131 \u201cMehr\u201d agentliyi yay\u0131b.<\/p>\n\n\n\n<p>S\u0259f\u0259r Az\u0259rbaycan Milli T\u0259hl\u00fck\u0259sizlik \u015euras\u0131n\u0131n katbi Ramil Usubovun d\u0259v\u0259ti \u0259sas\u0131nda h\u0259yata ke\u00e7iril\u0259c\u0259k.<\/p>\n\n\n\n<p>S\u0259f\u0259r \u00e7\u0259r\u00e7iv\u0259sind\u0259 \u018fli \u015eamxani Az\u0259rbaycan r\u0259hb\u0259rliyi il\u0259 bir s\u0131ra g\u00f6r\u00fc\u015fl\u0259r ke\u00e7ir\u0259c\u0259k.<\/p>\n\n\n\n<p>G\u00f6r\u00fc\u015fl\u0259rd\u0259 ikit\u0259r\u0259fli m\u00fcnasib\u0259tl\u0259r, regionda v\u0259 d\u00fcnyada ba\u015f ver\u0259n son hadis\u0259l\u0259rin m\u00fczakir\u0259 olunaca\u011f\u0131 g\u00f6zl\u0259nilir.<\/p>\n","protected":false},"excerpt":{"rendered":"<p>\u0130ran\u0131n ali r\u0259hb\u0259ri ay\u0259tulla Seyid \u018fli Xam\u0259neinin x\u00fcsusi n\u00fcmay\u0259nd\u0259si, Milli T\u0259hl\u00fck\u0259sizlik \u00fczr\u0259 Ali \u015euras\u0131n\u0131n katibi&#8230;<\/p>\n","protected":false},"author":3,"featured_media":0,"comment_status":"closed","ping_status":"closed","sticky":false,"template":"","format":"standard","meta":{"footnotes":""},"categories":[7],"tags":[],"class_list":["post-17507","post","type-post","status-publish","format-standard","hentry","category-dunya"],"featured_image_urls":{"full":"","thumbnail":"","medium":"","medium_large":"","large":"","1536x1536":"","2048x2048":"","covernews-slider-full":"","covernews-slider-center":"","covernews-featured":"","covernews-medium":"","covernews-medium-square":""},"author_info":{"display_name":"Veteran.az","author_link":"https:\/\/veteran.az\/?author=3"},"category_info":"<a href=\"https:\/\/veteran.az\/?cat=7\" rel=\"category\">D\u00fcnya<\/a>","tag_info":"D\u00fcnya","comment_count":"0","_links":{"self":[{"href":"https:\/\/veteran.az\/index.php?rest_route=\/wp\/v2\/posts\/17507","targetHints":{"allow":["GET"]}}],"collection":[{"href":"https:\/\/veteran.az\/index.php?rest_route=\/wp\/v2\/posts"}],"about":[{"href":"https:\/\/veteran.az\/index.php?rest_route=\/wp\/v2\/types\/post"}],"author":[{"embeddable":true,"href":"https:\/\/veteran.az\/index.php?rest_route=\/wp\/v2\/users\/3"}],"replies":[{"embeddable":true,"href":"https:\/\/veteran.az\/index.php?rest_route=%2Fwp%2Fv2%2Fcomments&post=17507"}],"version-history":[{"count":1,"href":"https:\/\/veteran.az\/index.php?rest_route=\/wp\/v2\/posts\/17507\/revisions"}],"predecessor-version":[{"id":17509,"href":"https:\/\/veteran.az\/index.php?rest_route=\/wp\/v2\/posts\/17507\/revisions\/17509"}],"wp:attachment":[{"href":"https:\/\/veteran.az\/index.php?rest_route=%2Fwp%2Fv2%2Fmedia&parent=17507"}],"wp:term":[{"taxonomy":"category","embeddable":true,"href":"https:\/\/veteran.az\/index.php?rest_route=%2Fwp%2Fv2%2Fcategories&post=17507"},{"taxonomy":"post_tag","embeddable":true,"href":"https:\/\/veteran.az\/index.php?rest_route=%2Fwp%2Fv2%2Ftags&post=17507"}],"curies":[{"name":"wp","href":"https:\/\/api.w.org\/{rel}","templated":true}]}}