{"id":17493,"date":"2022-07-13T10:41:45","date_gmt":"2022-07-13T06:41:45","guid":{"rendered":"http:\/\/veteran.az\/?p=17493"},"modified":"2022-07-13T10:41:47","modified_gmt":"2022-07-13T06:41:47","slug":"ai-az%c9%99rbaycan-%c9%99m%c9%99kdasliq-surasinin-novb%c9%99ti-iclasinin-vaxti-m%c9%99lum-olub","status":"publish","type":"post","link":"https:\/\/veteran.az\/?p=17493","title":{"rendered":"A\u0130-Az\u0259rbaycan \u018fm\u0259kda\u015fl\u0131q \u015euras\u0131n\u0131n n\u00f6vb\u0259ti iclas\u0131n\u0131n vaxt\u0131 m\u0259lum olub"},"content":{"rendered":"\n<p><strong>\u0130yulun 19-da Br\u00fcsseld\u0259 Az\u0259rbaycan\u0131n xarici i\u015fl\u0259r naziri Ceyhun Bayramovun s\u0259drliyi il\u0259 Avropa \u0130ttifaq\u0131 v\u0259 Az\u0259rbaycan aras\u0131nda \u018fm\u0259kda\u015fl\u0131q \u015euras\u0131n\u0131n on s\u0259kkizinci iclas\u0131 ke\u00e7iril\u0259c\u0259k.<\/strong><\/p>\n\n\n\n<p>Bu bar\u0259d\u0259 Avropa \u0130ttifaq\u0131 \u015euras\u0131n\u0131n r\u0259smi sayt\u0131ndan m\u0259lumat yay\u0131l\u0131b.<\/p>\n\n\n\n<p>M\u0259lumata g\u00f6r\u0259, A\u0130-nin n\u00fcmay\u0259nd\u0259 hey\u0259tin\u0259 xarici i\u015fl\u0259r v\u0259 t\u0259hl\u00fck\u0259sizlik siyas\u0259ti \u00fczr\u0259 ali n\u00fcmay\u0259nd\u0259 Josep Borrel r\u0259hb\u0259rlik ed\u0259c\u0259k.<\/p>\n\n\n\n<p>\u018fm\u0259kda\u015fl\u0131q \u015euras\u0131 A\u0130-Az\u0259rbaycan ikit\u0259r\u0259fli m\u00fcnasib\u0259tl\u0259rind\u0259 m\u00f6vcud v\u0259ziyy\u0259ti v\u0259 n\u00f6vb\u0259ti add\u0131mlar\u0131 m\u00fczakir\u0259 ed\u0259c\u0259k, diqq\u0259ti A\u0130-Az\u0259rbaycan t\u0259r\u0259fda\u015fl\u0131q prioritetl\u0259ri v\u0259 sektoral \u0259m\u0259kda\u015fl\u0131\u011fa, el\u0259c\u0259 d\u0259 \u015e\u0259rq T\u0259r\u0259fda\u015fl\u0131\u011f\u0131na, \u0130qtisadi v\u0259 \u0130nvestisiya Plan\u0131n\u0131n icras\u0131na y\u00f6n\u0259ld\u0259c\u0259k.<\/p>\n\n\n\n<p>Daha sonra \u018fm\u0259kda\u015fl\u0131q \u015euras\u0131 siyasi m\u0259s\u0259l\u0259l\u0259r, o c\u00fcml\u0259d\u0259n regional probleml\u0259r, demokratiya, qanunun aliliyi v\u0259 insan h\u00fcquqlar\u0131 il\u0259 ba\u011fl\u0131 fikir m\u00fcbadil\u0259si aparacaq.<\/p>\n","protected":false},"excerpt":{"rendered":"<p>\u0130yulun 19-da Br\u00fcsseld\u0259 Az\u0259rbaycan\u0131n xarici i\u015fl\u0259r naziri Ceyhun Bayramovun s\u0259drliyi il\u0259 Avropa \u0130ttifaq\u0131 v\u0259 Az\u0259rbaycan&#8230;<\/p>\n","protected":false},"author":3,"featured_media":17494,"comment_status":"closed","ping_status":"closed","sticky":false,"template":"","format":"standard","meta":{"footnotes":""},"categories":[6],"tags":[],"class_list":["post-17493","post","type-post","status-publish","format-standard","has-post-thumbnail","hentry","category-cmiyyt"],"featured_image_urls":{"full":["https:\/\/veteran.az\/wp-content\/uploads\/2022\/07\/thumb.jpg",800,576,false],"thumbnail":["https:\/\/veteran.az\/wp-content\/uploads\/2022\/07\/thumb-150x150.jpg",150,150,true],"medium":["https:\/\/veteran.az\/wp-content\/uploads\/2022\/07\/thumb-300x216.jpg",300,216,true],"medium_large":["https:\/\/veteran.az\/wp-content\/uploads\/2022\/07\/thumb-768x553.jpg",640,461,true],"large":["https:\/\/veteran.az\/wp-content\/uploads\/2022\/07\/thumb.jpg",640,461,false],"1536x1536":["https:\/\/veteran.az\/wp-content\/uploads\/2022\/07\/thumb.jpg",800,576,false],"2048x2048":["https:\/\/veteran.az\/wp-content\/uploads\/2022\/07\/thumb.jpg",800,576,false],"covernews-slider-full":["https:\/\/veteran.az\/wp-content\/uploads\/2022\/07\/thumb.jpg",800,576,false],"covernews-slider-center":["https:\/\/veteran.az\/wp-content\/uploads\/2022\/07\/thumb.jpg",694,500,false],"covernews-featured":["https:\/\/veteran.az\/wp-content\/uploads\/2022\/07\/thumb.jpg",800,576,false],"covernews-medium":["https:\/\/veteran.az\/wp-content\/uploads\/2022\/07\/thumb-720x380.jpg",540,285,true],"covernews-medium-square":["https:\/\/veteran.az\/wp-content\/uploads\/2022\/07\/thumb-675x450.jpg",375,250,true]},"author_info":{"display_name":"Veteran.az","author_link":"https:\/\/veteran.az\/?author=3"},"category_info":"<a href=\"https:\/\/veteran.az\/?cat=6\" rel=\"category\">C\u0259miyy\u0259t<\/a>","tag_info":"C\u0259miyy\u0259t","comment_count":"0","_links":{"self":[{"href":"https:\/\/veteran.az\/index.php?rest_route=\/wp\/v2\/posts\/17493","targetHints":{"allow":["GET"]}}],"collection":[{"href":"https:\/\/veteran.az\/index.php?rest_route=\/wp\/v2\/posts"}],"about":[{"href":"https:\/\/veteran.az\/index.php?rest_route=\/wp\/v2\/types\/post"}],"author":[{"embeddable":true,"href":"https:\/\/veteran.az\/index.php?rest_route=\/wp\/v2\/users\/3"}],"replies":[{"embeddable":true,"href":"https:\/\/veteran.az\/index.php?rest_route=%2Fwp%2Fv2%2Fcomments&post=17493"}],"version-history":[{"count":1,"href":"https:\/\/veteran.az\/index.php?rest_route=\/wp\/v2\/posts\/17493\/revisions"}],"predecessor-version":[{"id":17495,"href":"https:\/\/veteran.az\/index.php?rest_route=\/wp\/v2\/posts\/17493\/revisions\/17495"}],"wp:featuredmedia":[{"embeddable":true,"href":"https:\/\/veteran.az\/index.php?rest_route=\/wp\/v2\/media\/17494"}],"wp:attachment":[{"href":"https:\/\/veteran.az\/index.php?rest_route=%2Fwp%2Fv2%2Fmedia&parent=17493"}],"wp:term":[{"taxonomy":"category","embeddable":true,"href":"https:\/\/veteran.az\/index.php?rest_route=%2Fwp%2Fv2%2Fcategories&post=17493"},{"taxonomy":"post_tag","embeddable":true,"href":"https:\/\/veteran.az\/index.php?rest_route=%2Fwp%2Fv2%2Ftags&post=17493"}],"curies":[{"name":"wp","href":"https:\/\/api.w.org\/{rel}","templated":true}]}}