{"id":17474,"date":"2022-07-12T12:09:17","date_gmt":"2022-07-12T08:09:17","guid":{"rendered":"http:\/\/veteran.az\/?p=17474"},"modified":"2024-01-27T19:23:01","modified_gmt":"2024-01-27T15:23:01","slug":"abenin-oldurulm%c9%99si-il%c9%99-gund%c9%99m-g%c9%99l%c9%99n-moon-t%c9%99riq%c9%99ti-haqda-sok-faktlar-yaponiyani-calxalayan-q%c9%99tl-olayinin-gizlinl%c9%99ri","status":"publish","type":"post","link":"https:\/\/veteran.az\/?p=17474","title":{"rendered":"Abenin \u00f6ld\u00fcr\u00fclm\u0259si il\u0259 g\u00fcnd\u0259m g\u0259l\u0259n \u201cMoon\u201d t\u0259riq\u0259ti haqda \u015fok faktlar! &#8212; YAPON\u0130YANI \u00c7ALXALAYAN Q\u018fTL OLAYININ G\u0130ZL\u0130NL\u018fR\u0130"},"content":{"rendered":"\n<p><strong>Yaponiyan\u0131n ke\u00e7mi\u015f ba\u015f naziri \u015einzo Abenin \u00f6ld\u00fcr\u00fclm\u0259si il\u0259 g\u00fcnd\u0259m\u0259 g\u0259l\u0259n \u201cMoon\u201d t\u0259riq\u0259ti yenid\u0259n d\u00fcnyan\u0131n diqq\u0259t m\u0259rk\u0259zin\u0259 d\u00fc\u015f\u00fcb. &#171;D\u00fcnya S\u00fclh v\u0259 Birl\u0259\u015fm\u0259 \u00fc\u00e7\u00fcn Ail\u0259 Federasiyas\u0131&#187; v\u0259 ya sad\u0259c\u0259 olaraq &#171;Birlik kils\u0259si&#187; kimi tan\u0131nan bu t\u0259\u015fkilat 1954-c\u00fc ild\u0259 bug\u00fcnk\u00fc \u015eimali Koreyada fermer ail\u0259sind\u0259 anadan olmu\u015f Sun Myung Mun t\u0259r\u0259find\u0259n yarad\u0131lm\u0131\u015fd\u0131r.<\/strong><\/p>\n\n\n\n<p>Bir m\u00fcdd\u0259t i\u015fsiz qalan v\u0259 t\u0259k ya\u015fayan 41 ya\u015fl\u0131 Tetsuya Yamaqami onun ail\u0259sinin anas\u0131n\u0131n kils\u0259y\u0259 verdiyi ian\u0259l\u0259r\u0259 g\u00f6r\u0259 da\u011f\u0131ld\u0131\u011f\u0131n\u0131, ke\u00e7mi\u015f ba\u015f nazir \u015einzo Abeni is\u0259 qrupa d\u0259st\u0259k verdiyi \u00fc\u00e7\u00fcn \u00f6ld\u00fcrd\u00fcy\u00fcn\u00fc bildirib. H\u0259d\u0259f se\u00e7il\u0259n sekta Yamaqaminin anas\u0131n\u0131n donor oldu\u011funu etiraf ets\u0259 d\u0259, n\u0259 q\u0259d\u0259r pul k\u00f6\u00e7\u00fcrd\u00fcy\u00fcn\u00fc a\u00e7\u0131qlamay\u0131b. B\u0259yanatda deyilir:\u00a0<strong>\u201c\u0130nan\u0259nin miqdar\u0131 \u015f\u0259xsd\u0259n as\u0131l\u0131d\u0131r, onun a\u00e7\u0131qlanmas\u0131 il\u0259 ba\u011fl\u0131<\/strong>\u00a0<strong>he\u00e7 bir m\u0259cburiyy\u0259t yoxdur\u201d.<\/strong><\/p>\n\n\n\n<p>Kils\u0259nin Yaponiya b\u00f6lm\u0259sinin r\u0259hb\u0259ri Tomihiro Tanaka Abe v\u0259 t\u0259cav\u00fczkar\u0131n bu t\u0259riq\u0259t\u0259 \u00fczv olmad\u0131qlar\u0131n\u0131, ola bilsin ki, qatilin ke\u00e7mi\u015fd\u0259 anas\u0131 il\u0259 birlikd\u0259 t\u0259dbirl\u0259r\u0259 qat\u0131ld\u0131\u011f\u0131n\u0131 deyib.<\/p>\n\n\n\n<p>M\u0259lumata \u0259sas\u0259n, 1998-ci ild\u0259 kils\u0259y\u0259 qo\u015fulan ana 2002-ci ild\u0259 m\u00fcflis olub. Ancaq pandemiyan\u0131n \u0259vv\u0259lind\u0259 kils\u0259 t\u0259dbirl\u0259rind\u0259 i\u015ftirak etm\u0259y\u0259 v\u0259 yenid\u0259n ian\u0259 verm\u0259y\u0259 ba\u015flay\u0131b.<\/p>\n\n\n\n<p><strong>T\u0259riq\u0259tin yaranmas\u0131<\/strong><\/p>\n\n\n\n<p>\u0130san\u0131 g\u00f6rd\u00fcy\u00fcn\u00fc v\u0259 Tokioda m\u00fch\u0259ndislik t\u0259hsili ald\u0131\u011f\u0131n\u0131 dey\u0259n Sun Myung Moon t\u0259r\u0259find\u0259n qurulan t\u0259riq\u0259t tez bir zamanda Yaponiya v\u0259 AB\u015e-da \u00f6z\u00fcn\u0259 t\u0259r\u0259fdarlar toplay\u0131b. Mun 1970-ci ill\u0259rin \u0259vv\u0259ll\u0259rind\u0259 AB\u015e-a k\u00f6\u00e7\u00fcb v\u0259 sonrak\u0131 ill\u0259rd\u0259 vergid\u0259n yay\u0131nd\u0131\u011f\u0131na g\u00f6r\u0259 burada 11 ay h\u0259bsd\u0259 yat\u0131b.<\/p>\n\n\n\n<p>\u00dczvl\u0259ri &#171;Moonies&#187; adlanan bu sektaya 2012-ci ild\u0259 Mun v\u0259fat ed\u0259nd\u0259n b\u0259ri onun h\u0259yat yolda\u015f\u0131 Hak Ja Han r\u0259hb\u0259rlik edir. 2012-ci ild\u0259n bu yana kils\u0259nin ard\u0131c\u0131llar\u0131n\u0131n say\u0131 azalsa da, h\u0259l\u0259 d\u0259 3 milyon civar\u0131nda oldu\u011fu bildirilir.<\/p>\n\n\n\n<p><strong>T\u0259riq\u0259tin m\u0259qs\u0259di<\/strong><\/p>\n\n\n\n<p>Koreya m\u00fcharib\u0259sind\u0259n d\u0259rhal sonra yaranan sekta ilkin olaraq anti-kommunist m\u00f6vqeyi il\u0259 t\u0259r\u0259fdar toplay\u0131b. Lakin stadionlarda minl\u0259rl\u0259 c\u00fctl\u00fcy\u00fcn i\u015ftirak\u0131 il\u0259 ke\u00e7iril\u0259n k\u00fctl\u0259vi toy m\u0259rasiml\u0259ri il\u0259 median\u0131n diqq\u0259tini \u00e7\u0259kib. Evlilik bu t\u0259riq\u0259t \u00fc\u00e7\u00fcn \u00e7ox vacibdir. F\u0259rqli mill\u0259tl\u0259rd\u0259n olan \u00fczvl\u0259ri raz\u0131la\u015fd\u0131r\u0131lm\u0131\u015f nikah yolu il\u0259 evl\u0259ndir\u0259r\u0259k \u201cmultikultural d\u00fcnya\u201d yaratmaq m\u0259qs\u0259di da\u015f\u0131y\u0131r. \u00dczvl\u0259r\u0259 camaatdan k\u0259narda evl\u0259nm\u0259k qada\u011fand\u0131r v\u0259 bo\u015fanmalar nadirdir.<\/p>\n\n\n\n<figure class=\"wp-block-image size-large\"><img loading=\"lazy\" decoding=\"async\" width=\"770\" height=\"433\" src=\"http:\/\/veteran.az\/wp-content\/uploads\/2022\/07\/293065798_180271694414876_3968207570968097883_n.jpg\" alt=\"\" class=\"wp-image-17475\" srcset=\"https:\/\/veteran.az\/wp-content\/uploads\/2022\/07\/293065798_180271694414876_3968207570968097883_n.jpg 770w, https:\/\/veteran.az\/wp-content\/uploads\/2022\/07\/293065798_180271694414876_3968207570968097883_n-300x169.jpg 300w, https:\/\/veteran.az\/wp-content\/uploads\/2022\/07\/293065798_180271694414876_3968207570968097883_n-768x432.jpg 768w\" sizes=\"auto, (max-width: 770px) 100vw, 770px\" \/><\/figure>\n\n\n\n<p>\u201cMoon\u201d dini icmadan daha \u00e7ox \u015firk\u0259t idar\u0259 etdiyin\u0259 g\u00f6r\u0259 t\u0259nqid olunur. Kils\u0259 bir \u00e7ox \u00f6lk\u0259d\u0259, x\u00fcsusil\u0259 AB\u015e v\u0259 C\u0259nubi Koreyada t\u0259hsil\u0259 s\u0259rmay\u0259l\u0259r qoyur. \u018fn \u00e7ox s\u0259sl\u0259n\u0259n etirazlardan biri d\u0259 ian\u0259l\u0259rin \u015f\u0259ffaf \u015f\u0259kild\u0259 yoxlan\u0131lmamas\u0131d\u0131r.<\/p>\n\n\n\n<p><strong>Abe il\u0259 n\u0259 kimi ba\u011flant\u0131s\u0131 olub?<\/strong><\/p>\n\n\n\n<p>Abe Yaponiyan\u0131n \u015einto dini qurumunun \u00fczv\u00fc olsa da, \u201cBirlik kils\u0259si\u201dnin bir ne\u00e7\u0259 t\u0259dbirind\u0259 i\u015ftirak edib. T\u0259riq\u0259t Yaponiyaya ilk g\u0259l\u0259nd\u0259 Abenin ba\u015f nazir olan babas\u0131 Nobusuke Ki\u015fi qrupun f\u0259aliyy\u0259tl\u0259rind\u0259 i\u015ftirak ed\u0259r\u0259k Tokioda q\u0259rargah tikm\u0259k \u00fc\u00e7\u00fcn \u00f6z torpa\u011f\u0131n\u0131 onlara verib. \u015einzo Abe 2006-c\u0131 ild\u0259 bir qrup yapon h\u00fcquq\u015f\u00fcnas t\u0259r\u0259find\u0259n camaatdan pul qoparmas\u0131n\u0131n qurban\u0131 oldu\u011fu \u00fc\u00e7\u00fcn t\u0259nqid edilib.<\/p>\n\n\n\n<p>Bu arada \u015einzo Abey\u0259 sui-q\u0259sdi t\u00f6r\u0259d\u0259n Tetsuya Yamaqaminin hadis\u0259d\u0259n bir g\u00fcn \u0259vv\u0259l \u201cBirlik kils\u0259si\u201dn\u0259 aid sah\u0259y\u0259 ged\u0259r\u0259k qurban\u0131n\u0131 h\u0259d\u0259f\u0259 alma m\u0259\u015fqi ke\u00e7irdiyi \u00fcz\u0259 \u00e7\u0131x\u0131b.<\/p>\n\n\n\n<p>Yeri g\u0259lmi\u015fk\u0259n, \u015einzo Abenin hakimiyy\u0259ti d\u00f6vr\u00fcnd\u0259 arzulad\u0131\u011f\u0131 konstitusiya d\u0259yi\u015fikliyi indi m\u00fcmk\u00fcn ola bil\u0259r. D\u00fcn\u0259n ke\u00e7iril\u0259n se\u00e7kil\u0259rd\u0259 Abenin r\u0259hb\u0259rlik etdiyi Liberal Demokratlar (LDP) v\u0259 dig\u0259r konstitusiya t\u0259r\u0259fdar\u0131 partiyalar parlamentin h\u0259r iki palatas\u0131nda laz\u0131mi s\u0259s \u00e7oxlu\u011fu \u0259ld\u0259 edibl\u0259r. Ba\u015f nazir Fumio Ki\u015fida d\u00fcn\u0259nki z\u0259f\u0259r nitqind\u0259 AB\u015e-\u0131n \u0130kinci D\u00fcnya M\u00fcharib\u0259sind\u0259n sonra yazd\u0131\u011f\u0131 pasifist konstitusiyan\u0131 d\u0259yi\u015fdirm\u0259k \u00fc\u00e7\u00fcn m\u0259s\u0259l\u0259ni \u0259n q\u0131sa zamanda parlamentin g\u00fcnd\u0259liyin\u0259 \u00e7\u0131xaracaqlar\u0131n\u0131 bildirib.<\/p>\n\n\n\n<figure class=\"wp-block-image size-large\"><img decoding=\"async\" src=\"http:\/\/veteran.az\/wp-content\/uploads\/2022\/07\/292951570_180271544414891_4342808166740798917_n.jpg\" alt=\"\" class=\"wp-image-17476\"\/><\/figure>\n\n\n\n<p>Qeyd ed\u0259k ki, Yaponiya konstitusiyas\u0131n\u0131n 9-cu madd\u0259si klassik m\u0259nada orduya malik olma\u011f\u0131 qada\u011fan edir, \u0259v\u0259zind\u0259 \u201c\u00f6z\u00fcn\u00fcm\u00fcdafi\u0259 q\u00fcvv\u0259si\u201dni n\u0259z\u0259rd\u0259 tutur. Yaponiya konstitusiya d\u0259yi\u015fikliyi il\u0259 \u00c7in t\u0259hl\u00fck\u0259sinin artd\u0131\u011f\u0131 bir m\u00fchitd\u0259 d\u00f6y\u00fc\u015f\u00e7\u00fc ordusuna sahib olmaq ist\u0259yir. Lakin m\u00fc\u015fahid\u0259\u00e7il\u0259r qeyd edirl\u0259r ki, xalq\u0131n prioriteti konstitusiya d\u0259yi\u015fikliyi deyil, iqtisadi b\u00f6hrandan xilas olmaqd\u0131r.<\/p>\n\n\n\n<p>M\u0259nb\u0259: <strong>Qafqaz.media<\/strong><\/p>\n","protected":false},"excerpt":{"rendered":"<p>Yaponiyan\u0131n ke\u00e7mi\u015f ba\u015f naziri \u015einzo Abenin \u00f6ld\u00fcr\u00fclm\u0259si il\u0259 g\u00fcnd\u0259m\u0259 g\u0259l\u0259n \u201cMoon\u201d t\u0259riq\u0259ti yenid\u0259n d\u00fcnyan\u0131n diqq\u0259t&#8230;<\/p>\n","protected":false},"author":3,"featured_media":17477,"comment_status":"closed","ping_status":"closed","sticky":false,"template":"","format":"standard","meta":{"footnotes":""},"categories":[4],"tags":[],"class_list":["post-17474","post","type-post","status-publish","format-standard","has-post-thumbnail","hentry","category-tarix"],"featured_image_urls":{"full":["https:\/\/veteran.az\/wp-content\/uploads\/2022\/07\/MANSH.jpg",767,433,false],"thumbnail":["https:\/\/veteran.az\/wp-content\/uploads\/2022\/07\/MANSH-150x150.jpg",150,150,true],"medium":["https:\/\/veteran.az\/wp-content\/uploads\/2022\/07\/MANSH-300x169.jpg",300,169,true],"medium_large":["https:\/\/veteran.az\/wp-content\/uploads\/2022\/07\/MANSH.jpg",640,361,false],"large":["https:\/\/veteran.az\/wp-content\/uploads\/2022\/07\/MANSH.jpg",640,361,false],"1536x1536":["https:\/\/veteran.az\/wp-content\/uploads\/2022\/07\/MANSH.jpg",767,433,false],"2048x2048":["https:\/\/veteran.az\/wp-content\/uploads\/2022\/07\/MANSH.jpg",767,433,false],"covernews-slider-full":["https:\/\/veteran.az\/wp-content\/uploads\/2022\/07\/MANSH.jpg",767,433,false],"covernews-slider-center":["https:\/\/veteran.az\/wp-content\/uploads\/2022\/07\/MANSH.jpg",767,433,false],"covernews-featured":["https:\/\/veteran.az\/wp-content\/uploads\/2022\/07\/MANSH.jpg",767,433,false],"covernews-medium":["https:\/\/veteran.az\/wp-content\/uploads\/2022\/07\/MANSH-720x380.jpg",540,285,true],"covernews-medium-square":["https:\/\/veteran.az\/wp-content\/uploads\/2022\/07\/MANSH-675x433.jpg",390,250,true]},"author_info":{"display_name":"Veteran.az","author_link":"https:\/\/veteran.az\/?author=3"},"category_info":"<a href=\"https:\/\/veteran.az\/?cat=4\" rel=\"category\">Tarix<\/a>","tag_info":"Tarix","comment_count":"0","_links":{"self":[{"href":"https:\/\/veteran.az\/index.php?rest_route=\/wp\/v2\/posts\/17474","targetHints":{"allow":["GET"]}}],"collection":[{"href":"https:\/\/veteran.az\/index.php?rest_route=\/wp\/v2\/posts"}],"about":[{"href":"https:\/\/veteran.az\/index.php?rest_route=\/wp\/v2\/types\/post"}],"author":[{"embeddable":true,"href":"https:\/\/veteran.az\/index.php?rest_route=\/wp\/v2\/users\/3"}],"replies":[{"embeddable":true,"href":"https:\/\/veteran.az\/index.php?rest_route=%2Fwp%2Fv2%2Fcomments&post=17474"}],"version-history":[{"count":1,"href":"https:\/\/veteran.az\/index.php?rest_route=\/wp\/v2\/posts\/17474\/revisions"}],"predecessor-version":[{"id":17478,"href":"https:\/\/veteran.az\/index.php?rest_route=\/wp\/v2\/posts\/17474\/revisions\/17478"}],"wp:featuredmedia":[{"embeddable":true,"href":"https:\/\/veteran.az\/index.php?rest_route=\/wp\/v2\/media\/17477"}],"wp:attachment":[{"href":"https:\/\/veteran.az\/index.php?rest_route=%2Fwp%2Fv2%2Fmedia&parent=17474"}],"wp:term":[{"taxonomy":"category","embeddable":true,"href":"https:\/\/veteran.az\/index.php?rest_route=%2Fwp%2Fv2%2Fcategories&post=17474"},{"taxonomy":"post_tag","embeddable":true,"href":"https:\/\/veteran.az\/index.php?rest_route=%2Fwp%2Fv2%2Ftags&post=17474"}],"curies":[{"name":"wp","href":"https:\/\/api.w.org\/{rel}","templated":true}]}}